
{"id":49751,"date":"2023-09-03T14:13:52","date_gmt":"2023-09-03T12:13:52","guid":{"rendered":"https:\/\/www.newfreestyle.it\/sure-here-are-a-few-shortened-title-options-all-7-words-or-fewer-1-alopecia-psicogenetica-cause-e-soluzioni-non-invasive-2-alopecia-psicogenetica-sintomi-e-trattamenti-non-invasivi-3-cause-e-rimedi-no\/"},"modified":"2026-07-09T09:01:56","modified_gmt":"2026-07-09T07:01:56","slug":"alopecie-psychogene-due-au-stress-causes-remedes","status":"publish","type":"post","link":"https:\/\/www.newfreestyle.it\/fr\/alopecie-psychogene-due-au-stress-causes-remedes\/","title":{"rendered":"Alop\u00e9cie psychog\u00e8ne - Causes, sympt\u00f4mes et solutions non invasives"},"content":{"rendered":"<p>Ci sono momenti in cui i capelli iniziano a cadere senza un motivo evidente, proprio mentre il corpo sembra reggere e la routine resta la stessa. Spesso succede dopo settimane tese, periodi emotivamente pesanti o fasi in cui il sonno si accorcia e la soglia di stress si alza. In questi casi si sente parlare di <strong>alopecia psicogenetica<\/strong>, un\u2019espressione usata per descrivere una perdita di capelli in cui la componente psicologica e quella predispositiva si intrecciano. Non si tratta solo di \u201ccapelli che cadono per stress\u201d: il quadro \u00e8 pi\u00f9 sfumato, e proprio per questo richiede attenzione, osservazione e scelte non impulsive.<\/p>\n<p>Quando la caduta cambia ritmo, la prima reazione \u00e8 spesso cercare un rimedio rapido. Ma davanti a un diradamento che sembra comparire o peggiorare in concomitanza con ansia, tensione o affaticamento mentale, conviene fermarsi e leggere i segnali nel modo giusto. La differenza tra una fase temporanea e un processo pi\u00f9 strutturato si coglie nei dettagli: dove i capelli si assottigliano, da quanto tempo succede, se il cuoio capelluto \u00e8 sensibile, se la perdita \u00e8 diffusa oppure concentrata in alcune aree.<\/p>\n<h2>Alopecia psicogenetica: cosa si intende davvero<\/h2>\n<p>Il termine non identifica sempre una diagnosi autonoma e universalmente separata da altre forme di alopecia. Pi\u00f9 spesso viene usato per indicare una <strong>caduta dei capelli influenzata da fattori emotivi<\/strong> su un terreno predisposto. In pratica, lo stress non \u201ccrea\u201d da solo ogni forma di diradamento, ma pu\u00f2 accelerare o rendere pi\u00f9 visibile una fragilit\u00e0 gi\u00e0 presente.<\/p>\n<p>Questo punto \u00e8 utile anche per evitare due errori frequenti:<\/p>\n<ul>\n<li>attribuire tutto allo stress e trascurare altre cause possibili;<\/li>\n<li>pensare che la componente psicologica renda il problema \u201cmeno reale\u201d.<\/li>\n<\/ul>\n<p>La caduta legata a tensione nervosa, affaticamento mentale o squilibri del ritmo quotidiano pu\u00f2 manifestarsi insieme a una predisposizione familiare, a un cuoio capelluto pi\u00f9 reattivo o a una fase di indebolimento generale del fusto. Per questo il primo criterio decisionale \u00e8 semplice: <strong>osservare il contesto in cui la perdita \u00e8 iniziata<\/strong>, senza ridurre tutto a una sola causa.<\/p>\n<h2>Cause dell\u2019alopecia psicogenetica: stress, predisposizione e abitudini<\/h2>\n<p>Le cause non seguono quasi mai una linea unica. Pi\u00f9 spesso si sommano elementi diversi che, presi singolarmente, sembrano gestibili ma insieme alterano l\u2019equilibrio del capello.<\/p>\n<h3>Stress emotivo prolungato<\/h3>\n<p>Un periodo carico di preoccupazioni, conflitti, cambiamenti improvvisi o pressione costante pu\u00f2 incidere sul ciclo del capello. Non sempre l\u2019effetto \u00e8 immediato: a volte la caduta aumenta dopo settimane o mesi dall\u2019evento stressante. Questo ritardo rende pi\u00f9 difficile collegare causa e sintomo.<\/p>\n<p>Un dettaglio pratico: se il diradamento compare dopo una fase intensa ma non coincide esattamente con i giorni peggiori, il legame con lo stress resta comunque plausibile.<\/p>\n<h3>Predisposizione individuale<\/h3>\n<p>La componente genetica conta, ma non va letta in modo rigido. Avere familiarit\u00e0 per capelli sottili o diradamento non significa seguire per forza lo stesso percorso, per\u00f2 pu\u00f2 rendere il capello pi\u00f9 vulnerabile nei momenti di squilibrio. In questi casi lo stress agisce spesso come fattore di accelerazione.<\/p>\n<h3>Alterazioni del ritmo quotidiano<\/h3>\n<p>Sonno irregolare, alimentazione disordinata, stanchezza persistente, uso frequente di strumenti termici o trattamenti aggressivi possono peggiorare una situazione gi\u00e0 delicata. Non sono sempre la causa primaria, ma spesso mantengono il problema attivo.<\/p>\n<p>Chi nota capelli pi\u00f9 fragili durante periodi di lavoro intenso dovrebbe valutare anche questi aspetti pratici:<\/p>\n<ul>\n<li>lavaggi troppo ravvicinati con detergenti poco adatti;<\/li>\n<li>styling che stressa il fusto;<\/li>\n<li>abitudine a legare i capelli con tensione costante;<\/li>\n<li>scarso recupero notturno.<\/li>\n<\/ul>\n<p>Per orientarsi tra i segnali del cuoio capelluto pu\u00f2 essere utile leggere anche <a href=\"[LINK:URL]\">come riconoscere un capello indebolito<\/a> o approfondire <a href=\"[LINK:URL]\">la differenza tra caduta stagionale e diradamento persistente<\/a>.<\/p>\n<h2>Sintomi dell\u2019alopecia psicogenetica da non confondere con una semplice caduta stagionale<\/h2>\n<p>Il sintomo principale \u00e8 la <strong>perdita di capelli pi\u00f9 intensa del solito<\/strong>, ma da solo non basta per capire il quadro. Il modo in cui si presenta fa la differenza.<\/p>\n<p>I segnali pi\u00f9 comuni includono:<\/p>\n<ul>\n<li>caduta diffusa durante lavaggio o spazzolatura;<\/li>\n<li>capelli visibilmente pi\u00f9 sottili in alcune zone;<\/li>\n<li>minor volume generale, soprattutto sulla parte alta della testa;<\/li>\n<li>sensazione di cuoio capelluto teso o pi\u00f9 sensibile;<\/li>\n<li>fusto opaco, meno elastico, pi\u00f9 facile alla rottura.<\/li>\n<\/ul>\n<p>Non sempre compaiono chiazze nette. Pi\u00f9 spesso il cambiamento \u00e8 graduale: la riga si allarga, la massa dei capelli si riduce, la piega dura meno, la coda appare pi\u00f9 sottile. Sono segnali concreti, facili da sottovalutare perch\u00e9 non sempre spettacolari.<\/p>\n<p>Un criterio utile \u00e8 distinguere tra <strong>caduta diffusa temporanea<\/strong> e <strong>miniaturizzazione progressiva<\/strong>. Nel primo caso si perdono pi\u00f9 capelli del normale ma il fusto pu\u00f2 restare simile; nel secondo i capelli ricrescono via via pi\u00f9 fini. Se il dubbio riguarda questa differenza, conviene monitorare nel tempo la qualit\u00e0 del capello, non solo la quantit\u00e0 che si perde.<\/p>\n<h2>Come capire se lo stress sta incidendo davvero sui capelli<\/h2>\n<p>Non esiste un singolo segnale che confermi tutto, ma alcuni indizi ricorrono spesso. Il primo \u00e8 temporale: la caduta aumenta dopo un periodo di forte pressione emotiva. Il secondo \u00e8 sistemico: insieme ai capelli cambiano anche sonno, energia, lucidit\u00e0 mentale, qualit\u00e0 della pelle o sensibilit\u00e0 del cuoio capelluto.<\/p>\n<p>Per fare una valutazione pi\u00f9 concreta, pu\u00f2 aiutare tenere per qualche settimana un\u2019osservazione semplice:<\/p>\n<ul>\n<li>quando \u00e8 iniziata la caduta pi\u00f9 evidente;<\/li>\n<li>se ci sono stati eventi stressanti nei mesi precedenti;<\/li>\n<li>in quali zone il diradamento \u00e8 pi\u00f9 visibile;<\/li>\n<li>se il cuoio capelluto prude, tira o si arrossa facilmente;<\/li>\n<li>se i capelli nuovi sembrano sottili o fragili.<\/li>\n<\/ul>\n<p>Questa raccolta di segnali non sostituisce una valutazione specialistica, ma aiuta a evitare scelte casuali. \u00c8 anche un buon criterio per capire se serve un approccio mirato al benessere del cuoio capelluto oppure un approfondimento pi\u00f9 ampio.<\/p>\n<h2>Diagnosi e valutazione: quando il diradamento richiede un controllo<\/h2>\n<p>Se la caduta dura nel tempo, peggiora o si accompagna a un assottigliamento evidente, \u00e8 sensato chiedere un parere qualificato. La ragione \u00e8 pratica: <strong>forme diverse di alopecia possono sembrare simili all\u2019inizio<\/strong>, ma richiedere attenzioni differenti.<\/p>\n<p>Un controllo \u00e8 particolarmente utile quando:<\/p>\n<ul>\n<li>la perdita supera la normale variabilit\u00e0 quotidiana per diverse settimane;<\/li>\n<li>si nota un peggioramento rapido della densit\u00e0;<\/li>\n<li>compaiono aree pi\u00f9 vuote o una riga sempre pi\u00f9 ampia;<\/li>\n<li>il cuoio capelluto \u00e8 irritato o molto sensibile;<\/li>\n<li>la caduta si ripresenta ciclicamente dopo fasi di stress.<\/li>\n<\/ul>\n<p>In parallelo, ha senso rivedere la haircare routine. Un detergente troppo sgrassante o trattamenti non adatti possono accentuare la percezione di fragilit\u00e0. Per chi sta riorganizzando la routine, pu\u00f2 essere utile consultare <a href=\"[LINK:URL]\">i consigli per la detersione del cuoio capelluto sensibile<\/a> e <a href=\"[LINK:URL]\">come scegliere trattamenti non aggressivi per capelli fragili<\/a>.<\/p>\n<h2>Soluzioni non invasive per l\u2019alopecia psicogenetica<\/h2>\n<p>Quando si parla di approcci non invasivi, il punto non \u00e8 cercare scorciatoie, ma costruire condizioni pi\u00f9 favorevoli alla stabilit\u00e0 del capello. In presenza di una componente psicogenetica, la strategia migliore di solito \u00e8 quella che unisce <strong>delicatezza, costanza e realismo<\/strong>.<\/p>\n<h3>Routine cosmetica mirata ma sobria<\/h3>\n<p>Una routine troppo ricca o aggressiva rischia di peggiorare la sensibilit\u00e0 del cuoio capelluto. Meglio preferire gesti regolari e ben tollerati: detersione equilibrata, prodotti leggeri, attenzione al massaggio durante il lavaggio senza sfregare con forza.<\/p>\n<p>Un criterio semplice per scegliere \u00e8 questo: se dopo il lavaggio il cuoio capelluto tira, prude o si arrossa facilmente, la routine va alleggerita. Se un dettaglio tecnico non \u00e8 chiaro, verifica nella scheda prodotto.<\/p>\n<h3>Riduzione dello stress meccanico<\/h3>\n<p>Spesso si guarda solo alla caduta e si dimentica quanto il capello venga stressato ogni giorno. Spazzole rigide, phon molto caldo, piastre frequenti, acconciature strette e asciugatura energica con l\u2019asciugamano possono aumentare rottura e fragilit\u00e0 visiva.<\/p>\n<p>Nella pratica conviene:<\/p>\n<ul>\n<li>tamponare invece di strofinare;<\/li>\n<li>districare partendo dalle lunghezze;<\/li>\n<li>limitare il calore diretto quando il capello \u00e8 gi\u00e0 sottile;<\/li>\n<li>evitare trazioni ripetute sempre nelle stesse zone.<\/li>\n<\/ul>\n<h3>Supporto al benessere generale<\/h3>\n<p>Se la caduta si intreccia con stress, trascurare il contesto quotidiano rende meno efficace qualsiasi intervento esterno. Sonno pi\u00f9 regolare, pause reali durante la giornata, alimentazione meno disordinata e una gestione pi\u00f9 attenta dei picchi di tensione hanno un impatto concreto anche sulla percezione del problema.<\/p>\n<p>Non \u00e8 un discorso astratto: molte persone notano che i capelli smettono di peggiorare quando il ritmo si stabilizza, anche prima di vedere una ricrescita evidente.<\/p>\n<h2>Cosa evitare quando i capelli cadono per stress o fragilit\u00e0 predisposta<\/h2>\n<p>Nei momenti di preoccupazione si tende a cambiare tutto insieme: shampoo, trattamenti, frequenza dei lavaggi, integratori, strumenti di styling. Questo approccio confonde i segnali e rende difficile capire cosa sta aiutando davvero.<\/p>\n<p>Meglio evitare:<\/p>\n<ul>\n<li>routine drastiche cambiate da un giorno all\u2019altro;<\/li>\n<li>trattamenti troppo intensi su cuoio capelluto reattivo;<\/li>\n<li>lavaggi saltati per paura di vedere capelli cadere;<\/li>\n<li>massaggi energici che irritano la cute;<\/li>\n<li>aspettative immediate su tempi molto brevi.<\/li>\n<\/ul>\n<p>Un altro errore comune \u00e8 contare ossessivamente i capelli persi ogni giorno. Pu\u00f2 sembrare un modo per tenere tutto sotto controllo, ma spesso aumenta l\u2019ansia e altera la percezione del problema. Pi\u00f9 utile fotografare la situazione a intervalli regolari, sempre con luce simile, per valutare densit\u00e0 e qualit\u00e0 del fusto con maggiore obiettivit\u00e0.<\/p>\n<h2>Quanto conta la costanza nella gestione del diradamento<\/h2>\n<p>Con l\u2019alopecia psicogenetica la costanza vale pi\u00f9 dell\u2019intensit\u00e0. Una routine ben tollerata, mantenuta nel tempo, d\u00e0 indicazioni pi\u00f9 affidabili rispetto a interventi forti ma intermittenti. Questo vale sia per la cura del cuoio capelluto sia per le abitudini quotidiane che influenzano stress e recupero.<\/p>\n<p>Un criterio pratico \u00e8 verificare tre aspetti nel corso delle settimane:<\/p>\n<ul>\n<li>se il cuoio capelluto appare pi\u00f9 equilibrato;<\/li>\n<li>se la rottura dei capelli diminuisce;<\/li>\n<li>se il volume generale smette di peggiorare.<\/li>\n<\/ul>\n<p>Non sempre il primo segnale positivo \u00e8 la ricrescita. A volte il cambiamento iniziale \u00e8 pi\u00f9 discreto: meno sensibilit\u00e0, capelli pi\u00f9 gestibili, minore dispersione durante il lavaggio. Sono segnali da non ignorare, perch\u00e9 indicano che l\u2019ambiente del capello sta diventando meno ostile.<\/p>\n<p>Per chi vuole approfondire una gestione pi\u00f9 ordinata della routine, pu\u00f2 essere utile leggere anche <a href=\"[LINK:URL]\">come impostare un percorso di cura per capelli diradati<\/a>.<\/p>\n<p><!--W4Y_BF_SUGGESTED_PRODUCTS--><\/p>\n<h2>Un approccio ragionato per scegliere la categoria pi\u00f9 adatta<\/h2>\n<p>Quando il diradamento sembra legato a stress e predisposizione, conviene orientarsi verso categorie pensate per <strong>cute sensibile, capelli fragili o routine riequilibranti<\/strong>, senza sovraccaricare il capello con troppi passaggi. La scelta migliore \u00e8 quella coerente con il proprio quadro: se prevale la sensibilit\u00e0 della cute, si parte da l\u00ec; se il problema pi\u00f9 visibile \u00e8 l\u2019assottigliamento del fusto, si valuta una routine di supporto mirata. Se vuoi confrontare le opzioni disponibili, puoi esplorare la categoria o il brand di riferimento e, in caso di dubbio, partire da una selezione essenziale e ben tollerata.<\/p>\n[w4y_bf_related_posts post_id=&#8221;49751&#8243;]\n<hr \/>\n<h2>FAQ<\/h2>\n<div class=\"w4y-faq\">\n<h3>L\u2019alopecia psicogenetica \u00e8 causata solo dallo stress?<\/h3>\n<p>No. Di solito lo stress \u00e8 uno dei fattori coinvolti, ma spesso agisce su una predisposizione individuale o insieme ad abitudini che indeboliscono capelli e cuoio capelluto.<\/p>\n<h3>Come si distingue una caduta da stress da una caduta stagionale?<\/h3>\n<p>La caduta stagionale tende a essere temporanea e pi\u00f9 uniforme. Quando il diradamento dura pi\u00f9 a lungo, peggiora in alcune aree o si accompagna a capelli sempre pi\u00f9 sottili, conviene fare una valutazione pi\u00f9 attenta.<\/p>\n<h3>Le soluzioni non invasive possono essere utili in caso di alopecia psicogenetica?<\/h3>\n<p>S\u00ec, soprattutto come supporto alla gestione del cuoio capelluto, della fragilit\u00e0 del fusto e delle abitudini quotidiane. La scelta va fatta in modo coerente con i sintomi e con la tollerabilit\u00e0 della routine.<\/p>\n<h3>Quando \u00e8 meglio chiedere un controllo per la caduta dei capelli?<\/h3>\n<p>Quando la perdita persiste per settimane, il volume diminuisce in modo evidente, compaiono zone pi\u00f9 diradate o il cuoio capelluto diventa sensibile o irritato.<\/p>\n<\/div>\n<p><script type=\"application\/ld+json\">{\"@context\":\"https:\/\/schema.org\",\"@type\":\"FAQPage\",\"mainEntity\":[{\"@type\":\"Question\",\"name\":\"L\u2019alopecia psicogenetica \u00e8 causata solo dallo stress?\",\"acceptedAnswer\":{\"@type\":\"Answer\",\"text\":\"No. Di solito lo stress \u00e8 uno dei fattori coinvolti, ma spesso agisce su una predisposizione individuale o insieme ad abitudini che indeboliscono capelli e cuoio capelluto.\"}},{\"@type\":\"Question\",\"name\":\"Come si distingue una caduta da stress da una caduta stagionale?\",\"acceptedAnswer\":{\"@type\":\"Answer\",\"text\":\"La caduta stagionale tende a essere temporanea e pi\u00f9 uniforme. Quando il diradamento dura pi\u00f9 a lungo, peggiora in alcune aree o si accompagna a capelli sempre pi\u00f9 sottili, conviene fare una valutazione pi\u00f9 attenta.\"}},{\"@type\":\"Question\",\"name\":\"Le soluzioni non invasive possono essere utili in caso di alopecia psicogenetica?\",\"acceptedAnswer\":{\"@type\":\"Answer\",\"text\":\"S\u00ec, soprattutto come supporto alla gestione del cuoio capelluto, della fragilit\u00e0 del fusto e delle abitudini quotidiane. La scelta va fatta in modo coerente con i sintomi e con la tollerabilit\u00e0 della routine.\"}},{\"@type\":\"Question\",\"name\":\"Quando \u00e8 meglio chiedere un controllo per la caduta dei capelli?\",\"acceptedAnswer\":{\"@type\":\"Answer\",\"text\":\"Quando la perdita persiste per settimane, il volume diminuisce in modo evidente, compaiono zone pi\u00f9 diradate o il cuoio capelluto diventa sensibile o irritato.\"}}]}<\/script><\/p>\n","protected":false},"excerpt":{"rendered":"<p>Ci sono momenti in cui i capelli iniziano a cadere senza un motivo evidente, proprio mentre il corpo sembra reggere e la routine resta la stessa. Spesso succede dopo settimane tese, periodi emotivamente pesanti o fasi in cui il sonno si accorcia e la soglia di stress si alza. In questi casi si sente parlare [&hellip;]<\/p>\n","protected":false},"author":74,"featured_media":49615,"comment_status":"open","ping_status":"open","sticky":false,"template":"","format":"standard","meta":{"_acf_changed":false,"_monsterinsights_skip_tracking":false,"footnotes":""},"categories":[80,81],"tags":[158,329,319],"class_list":["post-49751","post","type-post","status-publish","format-standard","has-post-thumbnail","hentry","category-consigli","category-curiosita","tag-alopecia","tag-sintomi","tag-soluzioni"],"acf":[],"yoast_head":"<!-- This site is optimized with the Yoast SEO Premium plugin v26.1 (Yoast SEO v26.1.1) - https:\/\/yoast.com\/wordpress\/plugins\/seo\/ -->\n<title>Alopecia Psicogenetica: cause e soluzioni non invasive | Newfreestyle<\/title>\n<meta name=\"description\" content=\"Alopecia psicogenetica: cause, sintomi e rimedi non invasivi per capire il diradamento e gestire stress, cute e routine in modo mirato.\" \/>\n<meta name=\"robots\" content=\"index, follow, max-snippet:-1, max-image-preview:large, max-video-preview:-1\" \/>\n<link rel=\"canonical\" href=\"https:\/\/www.newfreestyle.it\/fr\/alopecie-psychogene-due-au-stress-causes-remedes\/\" \/>\n<meta property=\"og:locale\" content=\"fr_FR\" \/>\n<meta property=\"og:type\" content=\"article\" \/>\n<meta property=\"og:title\" content=\"Alopecia Psicogenetica - Cause, Sintomi e Soluzioni Non Invasive\" \/>\n<meta property=\"og:description\" content=\"Alopecia psicogenetica: cause, sintomi e rimedi non invasivi per capire il diradamento e gestire stress, cute e routine in modo mirato.\" \/>\n<meta property=\"og:url\" content=\"https:\/\/www.newfreestyle.it\/fr\/alopecie-psychogene-due-au-stress-causes-remedes\/\" \/>\n<meta property=\"og:site_name\" content=\"Newfreestyle Hair System\" \/>\n<meta property=\"article:publisher\" content=\"https:\/\/www.facebook.com\/newfreestyle.it\/\" \/>\n<meta property=\"article:published_time\" content=\"2023-09-03T12:13:52+00:00\" \/>\n<meta property=\"article:modified_time\" content=\"2026-07-09T07:01:56+00:00\" \/>\n<meta property=\"og:image\" content=\"https:\/\/www.newfreestyle.it\/wp-content\/uploads\/2025\/08\/parrucchiere-che-pettina-i-capelli-al-cliente-nel-negozio-di-barbiere-scaled.jpg\" \/>\n\t<meta property=\"og:image:width\" content=\"2560\" \/>\n\t<meta property=\"og:image:height\" content=\"1440\" \/>\n\t<meta property=\"og:image:type\" content=\"image\/jpeg\" \/>\n<meta name=\"author\" content=\"Newfreestyle Hair System\" \/>\n<meta name=\"twitter:card\" content=\"summary_large_image\" \/>\n<meta name=\"twitter:label1\" content=\"\u00c9crit par\" \/>\n\t<meta name=\"twitter:data1\" content=\"Newfreestyle Hair System\" \/>\n\t<meta name=\"twitter:label2\" content=\"Dur\u00e9e de lecture estim\u00e9e\" \/>\n\t<meta name=\"twitter:data2\" content=\"11 minutes\" \/>\n<script type=\"application\/ld+json\" class=\"yoast-schema-graph\">{\"@context\":\"https:\/\/schema.org\",\"@graph\":[{\"@type\":\"Article\",\"@id\":\"https:\/\/www.newfreestyle.it\/alopecia-psicogena-da-stress-cause-rimedi\/#article\",\"isPartOf\":{\"@id\":\"https:\/\/www.newfreestyle.it\/alopecia-psicogena-da-stress-cause-rimedi\/\"},\"author\":{\"name\":\"Newfreestyle Hair System\",\"@id\":\"https:\/\/www.newfreestyle.it\/en\/#\/schema\/person\/753bd59851e950a1673a83530fb635e2\"},\"headline\":\"Alopecia Psicogenetica &#8211; Cause, Sintomi e Soluzioni Non Invasive\",\"datePublished\":\"2023-09-03T12:13:52+00:00\",\"dateModified\":\"2026-07-09T07:01:56+00:00\",\"mainEntityOfPage\":{\"@id\":\"https:\/\/www.newfreestyle.it\/alopecia-psicogena-da-stress-cause-rimedi\/\"},\"wordCount\":1877,\"commentCount\":0,\"publisher\":{\"@id\":\"https:\/\/www.newfreestyle.it\/en\/#organization\"},\"image\":{\"@id\":\"https:\/\/www.newfreestyle.it\/alopecia-psicogena-da-stress-cause-rimedi\/#primaryimage\"},\"thumbnailUrl\":\"https:\/\/www.newfreestyle.it\/wp-content\/uploads\/2025\/08\/parrucchiere-che-pettina-i-capelli-al-cliente-nel-negozio-di-barbiere-scaled.jpg\",\"keywords\":[\"alopecia\",\"Sintomi\",\"Soluzioni\"],\"articleSection\":[\"Consigli\",\"Curiosit\u00e0\"],\"inLanguage\":\"fr-FR\",\"potentialAction\":[{\"@type\":\"CommentAction\",\"name\":\"Comment\",\"target\":[\"https:\/\/www.newfreestyle.it\/alopecia-psicogena-da-stress-cause-rimedi\/#respond\"]}]},{\"@type\":\"WebPage\",\"@id\":\"https:\/\/www.newfreestyle.it\/alopecia-psicogena-da-stress-cause-rimedi\/\",\"url\":\"https:\/\/www.newfreestyle.it\/alopecia-psicogena-da-stress-cause-rimedi\/\",\"name\":\"Alopecia Psicogenetica: cause e soluzioni non invasive | Newfreestyle\",\"isPartOf\":{\"@id\":\"https:\/\/www.newfreestyle.it\/en\/#website\"},\"primaryImageOfPage\":{\"@id\":\"https:\/\/www.newfreestyle.it\/alopecia-psicogena-da-stress-cause-rimedi\/#primaryimage\"},\"image\":{\"@id\":\"https:\/\/www.newfreestyle.it\/alopecia-psicogena-da-stress-cause-rimedi\/#primaryimage\"},\"thumbnailUrl\":\"https:\/\/www.newfreestyle.it\/wp-content\/uploads\/2025\/08\/parrucchiere-che-pettina-i-capelli-al-cliente-nel-negozio-di-barbiere-scaled.jpg\",\"datePublished\":\"2023-09-03T12:13:52+00:00\",\"dateModified\":\"2026-07-09T07:01:56+00:00\",\"description\":\"Alopecia psicogenetica: cause, sintomi e rimedi non invasivi per capire il diradamento e gestire stress, cute e routine in modo mirato.\",\"breadcrumb\":{\"@id\":\"https:\/\/www.newfreestyle.it\/alopecia-psicogena-da-stress-cause-rimedi\/#breadcrumb\"},\"inLanguage\":\"fr-FR\",\"potentialAction\":[{\"@type\":\"ReadAction\",\"target\":[\"https:\/\/www.newfreestyle.it\/alopecia-psicogena-da-stress-cause-rimedi\/\"]}]},{\"@type\":\"ImageObject\",\"inLanguage\":\"fr-FR\",\"@id\":\"https:\/\/www.newfreestyle.it\/alopecia-psicogena-da-stress-cause-rimedi\/#primaryimage\",\"url\":\"https:\/\/www.newfreestyle.it\/wp-content\/uploads\/2025\/08\/parrucchiere-che-pettina-i-capelli-al-cliente-nel-negozio-di-barbiere-scaled.jpg\",\"contentUrl\":\"https:\/\/www.newfreestyle.it\/wp-content\/uploads\/2025\/08\/parrucchiere-che-pettina-i-capelli-al-cliente-nel-negozio-di-barbiere-scaled.jpg\",\"width\":2560,\"height\":1440,\"caption\":\"alopecia psicogena\"},{\"@type\":\"BreadcrumbList\",\"@id\":\"https:\/\/www.newfreestyle.it\/alopecia-psicogena-da-stress-cause-rimedi\/#breadcrumb\",\"itemListElement\":[{\"@type\":\"ListItem\",\"position\":1,\"name\":\"Home\",\"item\":\"https:\/\/www.newfreestyle.it\/\"},{\"@type\":\"ListItem\",\"position\":2,\"name\":\"Alopecia Psicogenetica &#8211; Cause, Sintomi e Soluzioni Non Invasive\"}]},{\"@type\":\"WebSite\",\"@id\":\"https:\/\/www.newfreestyle.it\/en\/#website\",\"url\":\"https:\/\/www.newfreestyle.it\/en\/\",\"name\":\"Protesi Capelli Uomo Impianti Capillari\",\"description\":\"Risolviamo ogni tipologia di Calvizie mediante l\u2019ausilio di protesi capillari non chirurgiche anche chiamata patch cutaneo.\",\"publisher\":{\"@id\":\"https:\/\/www.newfreestyle.it\/en\/#organization\"},\"potentialAction\":[{\"@type\":\"SearchAction\",\"target\":{\"@type\":\"EntryPoint\",\"urlTemplate\":\"https:\/\/www.newfreestyle.it\/en\/?s={search_term_string}\"},\"query-input\":{\"@type\":\"PropertyValueSpecification\",\"valueRequired\":true,\"valueName\":\"search_term_string\"}}],\"inLanguage\":\"fr-FR\"},{\"@type\":[\"Organization\",\"Place\"],\"@id\":\"https:\/\/www.newfreestyle.it\/en\/#organization\",\"name\":\"Newfreestyle Hair System\",\"alternateName\":\"Protesi Capelli Uomo Personalizzate\",\"url\":\"https:\/\/www.newfreestyle.it\/en\/\",\"logo\":{\"@id\":\"https:\/\/www.newfreestyle.it\/alopecia-psicogena-da-stress-cause-rimedi\/#local-main-organization-logo\"},\"image\":{\"@id\":\"https:\/\/www.newfreestyle.it\/alopecia-psicogena-da-stress-cause-rimedi\/#local-main-organization-logo\"},\"sameAs\":[\"https:\/\/www.facebook.com\/newfreestyle.it\/\",\"https:\/\/www.instagram.com\/newfreestyle_hairsystem\/\"],\"address\":{\"@id\":\"https:\/\/www.newfreestyle.it\/alopecia-psicogena-da-stress-cause-rimedi\/#local-main-place-address\"},\"geo\":{\"@type\":\"GeoCoordinates\",\"latitude\":\"45.5086608\",\"longitude\":\"9.2005743\"},\"telephone\":[\"3297256048\"],\"openingHoursSpecification\":[{\"@type\":\"OpeningHoursSpecification\",\"dayOfWeek\":[\"Monday\",\"Tuesday\",\"Wednesday\",\"Thursday\",\"Friday\",\"Saturday\"],\"opens\":\"09:00\",\"closes\":\"19:00\"},{\"@type\":\"OpeningHoursSpecification\",\"dayOfWeek\":[\"Sunday\"],\"opens\":\"00:00\",\"closes\":\"00:00\"}],\"email\":\"direzione@newfreestyle.it\",\"vatID\":\"IT11145080963\",\"taxID\":\"SCIMST69H67I690R\"},{\"@type\":\"Person\",\"@id\":\"https:\/\/www.newfreestyle.it\/en\/#\/schema\/person\/753bd59851e950a1673a83530fb635e2\",\"name\":\"Newfreestyle Hair System\",\"url\":\"https:\/\/www.newfreestyle.it\/fr\/author\/newfreestyle-hair-system\/\"},{\"@type\":\"PostalAddress\",\"@id\":\"https:\/\/www.newfreestyle.it\/alopecia-psicogena-da-stress-cause-rimedi\/#local-main-place-address\",\"streetAddress\":\"Via Cino da Pistoia, 18\",\"addressLocality\":\"Milano\",\"postalCode\":\"20162\",\"addressRegion\":\"MI\",\"addressCountry\":\"IT\"},{\"@type\":\"ImageObject\",\"inLanguage\":\"fr-FR\",\"@id\":\"https:\/\/www.newfreestyle.it\/alopecia-psicogena-da-stress-cause-rimedi\/#local-main-organization-logo\",\"url\":\"https:\/\/www.newfreestyle.it\/wp-content\/uploads\/2023\/09\/cropped-newfreestyle-150x145-1.png\",\"contentUrl\":\"https:\/\/www.newfreestyle.it\/wp-content\/uploads\/2023\/09\/cropped-newfreestyle-150x145-1.png\",\"width\":512,\"height\":512,\"caption\":\"Newfreestyle Hair System\"}]}<\/script>\n<meta name=\"geo.placename\" content=\"Milano\" \/>\n<meta name=\"geo.position\" content=\"45.5086608;9.2005743\" \/>\n<meta name=\"geo.region\" content=\"Italie\" \/>\n<!-- \/ Yoast SEO Premium plugin. -->","yoast_head_json":{"title":"Alop\u00e9cie Psychog\u00e9n\u00e9tique : causes et solutions non invasives | Newfreestyle","description":"Alop\u00e9cie psychog\u00e9n\u00e9tique : causes, sympt\u00f4mes et rem\u00e8des non invasifs pour comprendre le clairsemement et g\u00e9rer le stress, le cuir chevelu et la routine de mani\u00e8re cibl\u00e9e.","robots":{"index":"index","follow":"follow","max-snippet":"max-snippet:-1","max-image-preview":"max-image-preview:large","max-video-preview":"max-video-preview:-1"},"canonical":"https:\/\/www.newfreestyle.it\/fr\/alopecie-psychogene-due-au-stress-causes-remedes\/","og_locale":"fr_FR","og_type":"article","og_title":"Alopecia Psicogenetica - Cause, Sintomi e Soluzioni Non Invasive","og_description":"Alopecia psicogenetica: cause, sintomi e rimedi non invasivi per capire il diradamento e gestire stress, cute e routine in modo mirato.","og_url":"https:\/\/www.newfreestyle.it\/fr\/alopecie-psychogene-due-au-stress-causes-remedes\/","og_site_name":"Newfreestyle Hair System","article_publisher":"https:\/\/www.facebook.com\/newfreestyle.it\/","article_published_time":"2023-09-03T12:13:52+00:00","article_modified_time":"2026-07-09T07:01:56+00:00","og_image":[{"width":2560,"height":1440,"url":"https:\/\/www.newfreestyle.it\/wp-content\/uploads\/2025\/08\/parrucchiere-che-pettina-i-capelli-al-cliente-nel-negozio-di-barbiere-scaled.jpg","type":"image\/jpeg"}],"author":"Newfreestyle Hair System","twitter_card":"summary_large_image","twitter_misc":{"\u00c9crit par":"Newfreestyle Hair System","Dur\u00e9e de lecture estim\u00e9e":"11 minutes"},"schema":{"@context":"https:\/\/schema.org","@graph":[{"@type":"Article","@id":"https:\/\/www.newfreestyle.it\/alopecia-psicogena-da-stress-cause-rimedi\/#article","isPartOf":{"@id":"https:\/\/www.newfreestyle.it\/alopecia-psicogena-da-stress-cause-rimedi\/"},"author":{"name":"Newfreestyle Hair System","@id":"https:\/\/www.newfreestyle.it\/en\/#\/schema\/person\/753bd59851e950a1673a83530fb635e2"},"headline":"Alopecia Psicogenetica &#8211; Cause, Sintomi e Soluzioni Non Invasive","datePublished":"2023-09-03T12:13:52+00:00","dateModified":"2026-07-09T07:01:56+00:00","mainEntityOfPage":{"@id":"https:\/\/www.newfreestyle.it\/alopecia-psicogena-da-stress-cause-rimedi\/"},"wordCount":1877,"commentCount":0,"publisher":{"@id":"https:\/\/www.newfreestyle.it\/en\/#organization"},"image":{"@id":"https:\/\/www.newfreestyle.it\/alopecia-psicogena-da-stress-cause-rimedi\/#primaryimage"},"thumbnailUrl":"https:\/\/www.newfreestyle.it\/wp-content\/uploads\/2025\/08\/parrucchiere-che-pettina-i-capelli-al-cliente-nel-negozio-di-barbiere-scaled.jpg","keywords":["alopecia","Sintomi","Soluzioni"],"articleSection":["Consigli","Curiosit\u00e0"],"inLanguage":"fr-FR","potentialAction":[{"@type":"CommentAction","name":"Comment","target":["https:\/\/www.newfreestyle.it\/alopecia-psicogena-da-stress-cause-rimedi\/#respond"]}]},{"@type":"WebPage","@id":"https:\/\/www.newfreestyle.it\/alopecia-psicogena-da-stress-cause-rimedi\/","url":"https:\/\/www.newfreestyle.it\/alopecia-psicogena-da-stress-cause-rimedi\/","name":"Alop\u00e9cie Psychog\u00e9n\u00e9tique : causes et solutions non invasives | Newfreestyle","isPartOf":{"@id":"https:\/\/www.newfreestyle.it\/en\/#website"},"primaryImageOfPage":{"@id":"https:\/\/www.newfreestyle.it\/alopecia-psicogena-da-stress-cause-rimedi\/#primaryimage"},"image":{"@id":"https:\/\/www.newfreestyle.it\/alopecia-psicogena-da-stress-cause-rimedi\/#primaryimage"},"thumbnailUrl":"https:\/\/www.newfreestyle.it\/wp-content\/uploads\/2025\/08\/parrucchiere-che-pettina-i-capelli-al-cliente-nel-negozio-di-barbiere-scaled.jpg","datePublished":"2023-09-03T12:13:52+00:00","dateModified":"2026-07-09T07:01:56+00:00","description":"Alop\u00e9cie psychog\u00e9n\u00e9tique : causes, sympt\u00f4mes et rem\u00e8des non invasifs pour comprendre le clairsemement et g\u00e9rer le stress, le cuir chevelu et la routine de mani\u00e8re cibl\u00e9e.","breadcrumb":{"@id":"https:\/\/www.newfreestyle.it\/alopecia-psicogena-da-stress-cause-rimedi\/#breadcrumb"},"inLanguage":"fr-FR","potentialAction":[{"@type":"ReadAction","target":["https:\/\/www.newfreestyle.it\/alopecia-psicogena-da-stress-cause-rimedi\/"]}]},{"@type":"ImageObject","inLanguage":"fr-FR","@id":"https:\/\/www.newfreestyle.it\/alopecia-psicogena-da-stress-cause-rimedi\/#primaryimage","url":"https:\/\/www.newfreestyle.it\/wp-content\/uploads\/2025\/08\/parrucchiere-che-pettina-i-capelli-al-cliente-nel-negozio-di-barbiere-scaled.jpg","contentUrl":"https:\/\/www.newfreestyle.it\/wp-content\/uploads\/2025\/08\/parrucchiere-che-pettina-i-capelli-al-cliente-nel-negozio-di-barbiere-scaled.jpg","width":2560,"height":1440,"caption":"alopecia psicogena"},{"@type":"BreadcrumbList","@id":"https:\/\/www.newfreestyle.it\/alopecia-psicogena-da-stress-cause-rimedi\/#breadcrumb","itemListElement":[{"@type":"ListItem","position":1,"name":"Home","item":"https:\/\/www.newfreestyle.it\/"},{"@type":"ListItem","position":2,"name":"Alopecia Psicogenetica &#8211; Cause, Sintomi e Soluzioni Non Invasive"}]},{"@type":"WebSite","@id":"https:\/\/www.newfreestyle.it\/en\/#website","url":"https:\/\/www.newfreestyle.it\/en\/","name":"Implants capillaires pour hommes Implants capillaires","description":"Nous r\u00e9solvons tous les types de calvitie \u00e0 l'aide d'implants capillaires non chirurgicaux, \u00e9galement appel\u00e9s patchs cutan\u00e9s.","publisher":{"@id":"https:\/\/www.newfreestyle.it\/en\/#organization"},"potentialAction":[{"@type":"SearchAction","target":{"@type":"EntryPoint","urlTemplate":"https:\/\/www.newfreestyle.it\/en\/?s={search_term_string}"},"query-input":{"@type":"PropertyValueSpecification","valueRequired":true,"valueName":"search_term_string"}}],"inLanguage":"fr-FR"},{"@type":["Organization","Place"],"@id":"https:\/\/www.newfreestyle.it\/en\/#organization","name":"Syst\u00e8me capillaire Newfreestyle","alternateName":"Protesi Capelli Uomo Personalizzate","url":"https:\/\/www.newfreestyle.it\/en\/","logo":{"@id":"https:\/\/www.newfreestyle.it\/alopecia-psicogena-da-stress-cause-rimedi\/#local-main-organization-logo"},"image":{"@id":"https:\/\/www.newfreestyle.it\/alopecia-psicogena-da-stress-cause-rimedi\/#local-main-organization-logo"},"sameAs":["https:\/\/www.facebook.com\/newfreestyle.it\/","https:\/\/www.instagram.com\/newfreestyle_hairsystem\/"],"address":{"@id":"https:\/\/www.newfreestyle.it\/alopecia-psicogena-da-stress-cause-rimedi\/#local-main-place-address"},"geo":{"@type":"GeoCoordinates","latitude":"45.5086608","longitude":"9.2005743"},"telephone":["3297256048"],"openingHoursSpecification":[{"@type":"OpeningHoursSpecification","dayOfWeek":["Monday","Tuesday","Wednesday","Thursday","Friday","Saturday"],"opens":"09:00","closes":"19:00"},{"@type":"OpeningHoursSpecification","dayOfWeek":["Sunday"],"opens":"00:00","closes":"00:00"}],"email":"direzione@newfreestyle.it","vatID":"IT11145080963","taxID":"SCIMST69H67I690R"},{"@type":"Person","@id":"https:\/\/www.newfreestyle.it\/en\/#\/schema\/person\/753bd59851e950a1673a83530fb635e2","name":"Syst\u00e8me capillaire Newfreestyle","url":"https:\/\/www.newfreestyle.it\/fr\/author\/newfreestyle-hair-system\/"},{"@type":"PostalAddress","@id":"https:\/\/www.newfreestyle.it\/alopecia-psicogena-da-stress-cause-rimedi\/#local-main-place-address","streetAddress":"Via Cino da Pistoia, 18","addressLocality":"Milano","postalCode":"20162","addressRegion":"MI","addressCountry":"IT"},{"@type":"ImageObject","inLanguage":"fr-FR","@id":"https:\/\/www.newfreestyle.it\/alopecia-psicogena-da-stress-cause-rimedi\/#local-main-organization-logo","url":"https:\/\/www.newfreestyle.it\/wp-content\/uploads\/2023\/09\/cropped-newfreestyle-150x145-1.png","contentUrl":"https:\/\/www.newfreestyle.it\/wp-content\/uploads\/2023\/09\/cropped-newfreestyle-150x145-1.png","width":512,"height":512,"caption":"Newfreestyle Hair System"}]},"geo.placename":"Milano","geo.position":{"lat":"45.5086608","long":"9.2005743"},"geo.region":"Italie"},"_links":{"self":[{"href":"https:\/\/www.newfreestyle.it\/fr\/wp-json\/wp\/v2\/posts\/49751","targetHints":{"allow":["GET"]}}],"collection":[{"href":"https:\/\/www.newfreestyle.it\/fr\/wp-json\/wp\/v2\/posts"}],"about":[{"href":"https:\/\/www.newfreestyle.it\/fr\/wp-json\/wp\/v2\/types\/post"}],"author":[{"embeddable":true,"href":"https:\/\/www.newfreestyle.it\/fr\/wp-json\/wp\/v2\/users\/74"}],"replies":[{"embeddable":true,"href":"https:\/\/www.newfreestyle.it\/fr\/wp-json\/wp\/v2\/comments?post=49751"}],"version-history":[{"count":4,"href":"https:\/\/www.newfreestyle.it\/fr\/wp-json\/wp\/v2\/posts\/49751\/revisions"}],"predecessor-version":[{"id":50033,"href":"https:\/\/www.newfreestyle.it\/fr\/wp-json\/wp\/v2\/posts\/49751\/revisions\/50033"}],"wp:featuredmedia":[{"embeddable":true,"href":"https:\/\/www.newfreestyle.it\/fr\/wp-json\/wp\/v2\/media\/49615"}],"wp:attachment":[{"href":"https:\/\/www.newfreestyle.it\/fr\/wp-json\/wp\/v2\/media?parent=49751"}],"wp:term":[{"taxonomy":"category","embeddable":true,"href":"https:\/\/www.newfreestyle.it\/fr\/wp-json\/wp\/v2\/categories?post=49751"},{"taxonomy":"post_tag","embeddable":true,"href":"https:\/\/www.newfreestyle.it\/fr\/wp-json\/wp\/v2\/tags?post=49751"}],"curies":[{"name":"wp","href":"https:\/\/api.w.org\/{rel}","templated":true}]}}