
{"id":47055,"date":"2025-05-21T01:16:07","date_gmt":"2025-05-20T23:16:07","guid":{"rendered":"https:\/\/www.newfreestyle.it\/?p=47055"},"modified":"2025-09-02T19:05:03","modified_gmt":"2025-09-02T17:05:03","slug":"strategies-dautomne-pour-lutter-contre-la-chute-des-cheveux","status":"publish","type":"post","link":"https:\/\/www.newfreestyle.it\/fr\/strategies-dautomne-pour-lutter-contre-la-chute-des-cheveux\/","title":{"rendered":"Chute de cheveux en automne : strat\u00e9gies pour la combattre"},"content":{"rendered":"<h1 data-start=\"182\" data-end=\"241\">Chute de cheveux en automne : strat\u00e9gies pour la combattre<\/h1>\n<p data-start=\"243\" data-end=\"772\">Avec l'arriv\u00e9e de l'automne, de nombreuses personnes remarquent qu'elles trouvent plus de cheveux sur leur oreiller, leur brosse ou sous la douche. Ce ph\u00e9nom\u00e8ne, qui peut g\u00e9n\u00e9rer de l'anxi\u00e9t\u00e9 et de l'inqui\u00e9tude, est en fait tr\u00e8s courant et li\u00e9 \u00e0 des facteurs naturels et \u00e0 des conditions environnementales typiques de cette saison. La chute des cheveux en automne ne doit pas \u00eatre imm\u00e9diatement associ\u00e9e \u00e0 un probl\u00e8me grave, mais il est important d'en comprendre les causes afin de pouvoir mieux la g\u00e9rer. En effet, avec des soins appropri\u00e9s, il est possible de r\u00e9duire la chute et de renforcer le feuillage.<\/p>\n<h2 data-start=\"774\" data-end=\"820\">Pourquoi les cheveux tombent-ils davantage en automne ?<\/h2>\n<h3 data-start=\"822\" data-end=\"854\">Cycle des cheveux naturels<\/h3>\n<p data-start=\"855\" data-end=\"1373\">Chaque cheveu suit un cycle de vie compos\u00e9 de trois phases : la phase de croissance (anag\u00e8ne), la phase de transition (catag\u00e8ne) et enfin la phase de repos (t\u00e9log\u00e8ne), qui se termine par la chute des cheveux. En automne, en raison du rythme biologique et de l'exposition au soleil des mois pr\u00e9c\u00e9dents, un plus grand pourcentage de cheveux entre en phase t\u00e9log\u00e8ne, ce qui entra\u00eene une perte de cheveux plus visible. Il s'agit d'un ph\u00e9nom\u00e8ne physiologique, comparable \u00e0 la mue des animaux, qui tend \u00e0 se stabiliser de lui-m\u00eame au fil des semaines.<\/p>\n<h3 data-start=\"1375\" data-end=\"1400\">Influence du climat<\/h3>\n<p data-start=\"1401\" data-end=\"1842\">Le changement de saison s'accompagne de variations climatiques qui affectent \u00e9galement la sant\u00e9 des cheveux. Les journ\u00e9es plus froides et plus s\u00e8ches typiques de l'automne r\u00e9duisent l'hydratation naturelle du cuir chevelu, ce qui rend les cheveux plus ternes, plus cassants et sujets \u00e0 la rupture. De plus, l'alternance de pi\u00e8ces chauff\u00e9es et d'air ext\u00e9rieur froid peut aggraver la situation, en favorisant la d\u00e9shydratation et la perte d'\u00e9lasticit\u00e9 de la fibre capillaire.<\/p>\n<h3 data-start=\"1844\" data-end=\"1874\">Stress estival accumul\u00e9<\/h3>\n<p data-start=\"1875\" data-end=\"2375\">Le soleil intense, l'eau de mer riche en sel et le chlore des piscines mettent les cheveux \u00e0 rude \u00e9preuve pendant l'\u00e9t\u00e9. M\u00eame si les d\u00e9g\u00e2ts ne sont pas imm\u00e9diatement visibles, les cheveux fragilis\u00e9s ont tendance \u00e0 tomber plus facilement \u00e0 l'arriv\u00e9e de l'automne. L'exposition prolong\u00e9e aux UV peut avoir endommag\u00e9 la k\u00e9ratine, tandis que le sel et le chlore peuvent avoir dess\u00e9ch\u00e9 et fragilis\u00e9 la fibre capillaire. C'est pourquoi, d\u00e8s la fin de la saison chaude, la chute peut sembler soudainement plus abondante.<\/p>\n<h3 data-start=\"2377\" data-end=\"2401\">Carences alimentaires<\/h3>\n<p data-start=\"2402\" data-end=\"2878\">Un autre aspect souvent sous-estim\u00e9 est le r\u00e9gime alimentaire. Les cheveux, principalement constitu\u00e9s de prot\u00e9ines, ont besoin d'un apport constant en nutriments pour rester forts et en bonne sant\u00e9. Une carence en vitamines B, en fer, en zinc ou en vitamine D peut avoir un impact n\u00e9gatif sur la qualit\u00e9 des cheveux, les rendant plus fins et plus faibles. Lors des changements de saison, alors que le syst\u00e8me immunitaire est \u00e9galement mis \u00e0 l'\u00e9preuve, un r\u00e9gime alimentaire pauvre ou d\u00e9s\u00e9quilibr\u00e9 peut accentuer la chute des cheveux.<\/p>\n<h2 data-start=\"2880\" data-end=\"2943\">Strat\u00e9gies pour lutter contre la chute des cheveux en automne<\/h2>\n<h3 data-start=\"2945\" data-end=\"2984\">Suivre une alimentation compl\u00e8te<\/h3>\n<p data-start=\"2985\" data-end=\"3515\">L'alimentation joue un r\u00f4le cl\u00e9. La consommation d'aliments riches en prot\u00e9ines, tels que la viande maigre, le poisson, les \u0153ufs et les l\u00e9gumes secs, permet d'obtenir la bonne quantit\u00e9 de k\u00e9ratine, la principale prot\u00e9ine du cheveu. Les fruits et l\u00e9gumes de saison, riches en vitamines et en antioxydants, contribuent \u00e9galement \u00e0 prot\u00e9ger les follicules des radicaux libres et \u00e0 renforcer la structure du cheveu. Les min\u00e9raux tels que le fer et le zinc, contenus dans les c\u00e9r\u00e9ales compl\u00e8tes, les fruits secs et les l\u00e9gumes \u00e0 feuilles vertes, sont essentiels pour soutenir la croissance.<\/p>\n<h3 data-start=\"3517\" data-end=\"3561\">Adopter des soins capillaires doux<\/h3>\n<p data-start=\"3562\" data-end=\"4075\">Pendant les mois d'automne, il est recommand\u00e9 d'utiliser des shampooings et des apr\u00e8s-shampooings doux, formul\u00e9s pour respecter le cuir chevelu et la fibre capillaire. Des lavages trop fr\u00e9quents ou \u00e0 l'eau trop chaude risquent d'ass\u00e9cher davantage les cheveux et de stimuler une production excessive de s\u00e9bum. Il est pr\u00e9f\u00e9rable de pr\u00e9f\u00e9rer l'eau ti\u00e8de et de s\u00e9cher les cheveux avec un s\u00e8che-cheveux \u00e0 temp\u00e9rature mod\u00e9r\u00e9e. Il est \u00e9galement utile de limiter l'utilisation du lisseur et du fer \u00e0 friser, dont la chaleur \u00e9lev\u00e9e peut aggraver la fragilit\u00e9 typique de cette p\u00e9riode.<\/p>\n<h3 data-start=\"4077\" data-end=\"4113\">Masser le cuir chevelu<\/h3>\n<p data-start=\"4114\" data-end=\"4571\">Un geste simple mais tr\u00e8s efficace est le massage du cuir chevelu. Quelques minutes par jour de mouvements circulaires du bout des doigts suffisent \u00e0 stimuler la circulation sanguine et \u00e0 favoriser l'apport d'oxyg\u00e8ne et de nutriments aux follicules. En plus d'am\u00e9liorer la sant\u00e9 des cheveux, le massage permet de d\u00e9tendre les muscles et de r\u00e9duire le stress. Il peut \u00eatre effectu\u00e9 pendant la toilette ou avant le coucher, m\u00eame \u00e0 l'aide d'huiles naturelles.<\/p>\n<h3 data-start=\"4573\" data-end=\"4596\">G\u00e9rer le stress<\/h3>\n<p data-start=\"4597\" data-end=\"5062\">Le stress chronique est l'un des principaux ennemis de la sant\u00e9 des cheveux. En effet, en p\u00e9riode de forte tension, l'organisme peut r\u00e9agir en pla\u00e7ant davantage de follicules en phase de repos, ce qui favorise la chute des cheveux. Des techniques telles que le yoga, la m\u00e9ditation, la respiration guid\u00e9e ou de simples promenades en plein air peuvent contribuer \u00e0 r\u00e9\u00e9quilibrer le corps et l'esprit, avec des effets positifs sur les cheveux. Un sommeil suffisant et le maintien d'habitudes saines compl\u00e8tent le tableau.<\/p>\n<h3 data-start=\"5064\" data-end=\"5100\">\u00c9valuation des suppl\u00e9ments sp\u00e9cifiques<\/h3>\n<p data-start=\"5101\" data-end=\"5540\">Si, malgr\u00e9 une alimentation \u00e9quilibr\u00e9e, la chute des cheveux persiste ou semble particuli\u00e8rement abondante, des compl\u00e9ments sp\u00e9cifiques peuvent \u00eatre utiles. Il existe des formules \u00e0 base de biotine, de fer, de zinc, de collag\u00e8ne et de vitamines B, destin\u00e9es \u00e0 renforcer les cheveux de l'int\u00e9rieur. Il est cependant toujours recommand\u00e9 de consulter un m\u00e9decin ou un nutritionniste avant de commencer une suppl\u00e9mentation, afin d'\u00e9viter les exc\u00e8s ou les combinaisons inutiles.<\/p>\n<h2>Conclusions<\/h2>\n<p>La chute des cheveux en automne peut \u00eatre g\u00eanante, mais il s'agit souvent d'un ph\u00e9nom\u00e8ne temporaire. En suivant un r\u00e9gime alimentaire \u00e9quilibr\u00e9, en adoptant une routine de soins capillaires appropri\u00e9e et en g\u00e9rant le stress, il est possible d'en att\u00e9nuer les effets.<\/p>\n<p>N\u00e9anmoins, si la perte de cheveux persiste ou s'aggrave, il est conseill\u00e9 de consulter un dermatologue ou un sp\u00e9cialiste pour mieux \u00e9valuer la situation.<\/p>\n<p><strong>Vous avez aim\u00e9 cet article ?<\/strong> D\u00e9couvrez aussi <a href=\"https:\/\/www.newfreestyle.it\/fr\/comment-ne-pas-endommager-le-cuir-chevelu\/\">Comment ne pas endommager le cuir chevelu<\/a>.<\/p>\n<p>D\u00e9couvrez \u00e9galement notre produit : <a href=\"https:\/\/www.newfreestyle.it\/fr\/produit\/v-loop-0-06-0-08mm-prothese-capillaire-pour-homme\/?attribute_pa_colore=1b&amp;attribute_pa_percentuale-capelli-grigi=80\">Proth\u00e8se capillaire pour homme V-Loop 0.06-0.08 MM<\/a>.<\/p>","protected":false},"excerpt":{"rendered":"<p>Scopri tutto su caduta di capelli in autunno: strategie per combatterla, un aspetto fondamentale per chi utilizza le caduta capelli autunno. Approfondimenti, consigli e soluzioni pratiche per ogni esigenza.<\/p>","protected":false},"author":74,"featured_media":47056,"comment_status":"open","ping_status":"open","sticky":false,"template":"","format":"standard","meta":{"_acf_changed":false,"_monsterinsights_skip_tracking":false,"_monsterinsights_sitenote_active":false,"_monsterinsights_sitenote_note":"","_monsterinsights_sitenote_category":0,"footnotes":""},"categories":[80,81],"tags":[],"class_list":["post-47055","post","type-post","status-publish","format-standard","has-post-thumbnail","hentry","category-consigli","category-curiosita"],"acf":[],"yoast_head":"<!-- This site is optimized with the Yoast SEO Premium plugin v26.1 (Yoast SEO v26.1.1) - https:\/\/yoast.com\/wordpress\/plugins\/seo\/ -->\n<title>Caduta di Capelli in Autunno: Strategie | Newfreestyle<\/title>\n<meta name=\"description\" content=\"Caduta di Capelli in Autunno: Strategie per Combatterla - Scopri tutti i consigli e le soluzioni per le protesi capelli. Leggi ora\" \/>\n<meta name=\"robots\" content=\"index, follow, max-snippet:-1, max-image-preview:large, max-video-preview:-1\" \/>\n<link rel=\"canonical\" href=\"https:\/\/www.newfreestyle.it\/fr\/strategies-dautomne-pour-lutter-contre-la-chute-des-cheveux\/\" \/>\n<meta property=\"og:locale\" content=\"fr_FR\" \/>\n<meta property=\"og:type\" content=\"article\" \/>\n<meta property=\"og:title\" content=\"Caduta di Capelli in Autunno: Strategie per Combatterla\" \/>\n<meta property=\"og:description\" content=\"Caduta di Capelli in Autunno: Strategie per Combatterla - Scopri tutti i consigli e le soluzioni per le protesi capelli. Leggi ora\" \/>\n<meta property=\"og:url\" content=\"https:\/\/www.newfreestyle.it\/fr\/strategies-dautomne-pour-lutter-contre-la-chute-des-cheveux\/\" \/>\n<meta property=\"og:site_name\" content=\"Newfreestyle Hair System\" \/>\n<meta property=\"article:publisher\" content=\"https:\/\/www.facebook.com\/newfreestyle.it\/\" \/>\n<meta property=\"article:published_time\" content=\"2025-05-20T23:16:07+00:00\" \/>\n<meta property=\"article:modified_time\" content=\"2025-09-02T17:05:03+00:00\" \/>\n<meta property=\"og:image\" content=\"https:\/\/www.newfreestyle.it\/wp-content\/uploads\/2023\/11\/chiuda-sulla-donna-con-la-forfora-che-si-guarda-allo-specchio-scaled.jpg\" \/>\n\t<meta property=\"og:image:width\" content=\"2560\" \/>\n\t<meta property=\"og:image:height\" content=\"1707\" \/>\n\t<meta property=\"og:image:type\" content=\"image\/jpeg\" \/>\n<meta name=\"author\" content=\"Newfreestyle Hair System\" \/>\n<meta name=\"twitter:card\" content=\"summary_large_image\" \/>\n<meta name=\"twitter:label1\" content=\"\u00c9crit par\" \/>\n\t<meta name=\"twitter:data1\" content=\"Newfreestyle Hair System\" \/>\n\t<meta name=\"twitter:label2\" content=\"Dur\u00e9e de lecture estim\u00e9e\" \/>\n\t<meta name=\"twitter:data2\" content=\"5 minutes\" \/>\n<script type=\"application\/ld+json\" class=\"yoast-schema-graph\">{\"@context\":\"https:\/\/schema.org\",\"@graph\":[{\"@type\":\"Article\",\"@id\":\"https:\/\/www.newfreestyle.it\/caduta-di-capelli-in-autunno-strategie-per-combatterla\/#article\",\"isPartOf\":{\"@id\":\"https:\/\/www.newfreestyle.it\/caduta-di-capelli-in-autunno-strategie-per-combatterla\/\"},\"author\":{\"name\":\"Newfreestyle Hair System\",\"@id\":\"https:\/\/www.newfreestyle.it\/en\/#\/schema\/person\/9292718e911f81a2cbfca33a43eaf33b\"},\"headline\":\"Caduta di Capelli in Autunno: Strategie per Combatterla\",\"datePublished\":\"2025-05-20T23:16:07+00:00\",\"dateModified\":\"2025-09-02T17:05:03+00:00\",\"mainEntityOfPage\":{\"@id\":\"https:\/\/www.newfreestyle.it\/caduta-di-capelli-in-autunno-strategie-per-combatterla\/\"},\"wordCount\":887,\"commentCount\":0,\"publisher\":{\"@id\":\"https:\/\/www.newfreestyle.it\/en\/#organization\"},\"image\":{\"@id\":\"https:\/\/www.newfreestyle.it\/caduta-di-capelli-in-autunno-strategie-per-combatterla\/#primaryimage\"},\"thumbnailUrl\":\"https:\/\/www.newfreestyle.it\/wp-content\/uploads\/2023\/11\/chiuda-sulla-donna-con-la-forfora-che-si-guarda-allo-specchio-scaled.jpg\",\"articleSection\":[\"Consigli\",\"Curiosit\u00e0\"],\"inLanguage\":\"fr-FR\",\"potentialAction\":[{\"@type\":\"CommentAction\",\"name\":\"Comment\",\"target\":[\"https:\/\/www.newfreestyle.it\/caduta-di-capelli-in-autunno-strategie-per-combatterla\/#respond\"]}]},{\"@type\":\"WebPage\",\"@id\":\"https:\/\/www.newfreestyle.it\/caduta-di-capelli-in-autunno-strategie-per-combatterla\/\",\"url\":\"https:\/\/www.newfreestyle.it\/caduta-di-capelli-in-autunno-strategie-per-combatterla\/\",\"name\":\"Caduta di Capelli in Autunno: Strategie | Newfreestyle\",\"isPartOf\":{\"@id\":\"https:\/\/www.newfreestyle.it\/en\/#website\"},\"primaryImageOfPage\":{\"@id\":\"https:\/\/www.newfreestyle.it\/caduta-di-capelli-in-autunno-strategie-per-combatterla\/#primaryimage\"},\"image\":{\"@id\":\"https:\/\/www.newfreestyle.it\/caduta-di-capelli-in-autunno-strategie-per-combatterla\/#primaryimage\"},\"thumbnailUrl\":\"https:\/\/www.newfreestyle.it\/wp-content\/uploads\/2023\/11\/chiuda-sulla-donna-con-la-forfora-che-si-guarda-allo-specchio-scaled.jpg\",\"datePublished\":\"2025-05-20T23:16:07+00:00\",\"dateModified\":\"2025-09-02T17:05:03+00:00\",\"description\":\"Caduta di Capelli in Autunno: Strategie per Combatterla - Scopri tutti i consigli e le soluzioni per le protesi capelli. Leggi ora\",\"breadcrumb\":{\"@id\":\"https:\/\/www.newfreestyle.it\/caduta-di-capelli-in-autunno-strategie-per-combatterla\/#breadcrumb\"},\"inLanguage\":\"fr-FR\",\"potentialAction\":[{\"@type\":\"ReadAction\",\"target\":[\"https:\/\/www.newfreestyle.it\/caduta-di-capelli-in-autunno-strategie-per-combatterla\/\"]}]},{\"@type\":\"ImageObject\",\"inLanguage\":\"fr-FR\",\"@id\":\"https:\/\/www.newfreestyle.it\/caduta-di-capelli-in-autunno-strategie-per-combatterla\/#primaryimage\",\"url\":\"https:\/\/www.newfreestyle.it\/wp-content\/uploads\/2023\/11\/chiuda-sulla-donna-con-la-forfora-che-si-guarda-allo-specchio-scaled.jpg\",\"contentUrl\":\"https:\/\/www.newfreestyle.it\/wp-content\/uploads\/2023\/11\/chiuda-sulla-donna-con-la-forfora-che-si-guarda-allo-specchio-scaled.jpg\",\"width\":2560,\"height\":1707,\"caption\":\"chiuda-sulla-donna-con-la-forfora-che-si-guarda-allo-specchio\"},{\"@type\":\"BreadcrumbList\",\"@id\":\"https:\/\/www.newfreestyle.it\/caduta-di-capelli-in-autunno-strategie-per-combatterla\/#breadcrumb\",\"itemListElement\":[{\"@type\":\"ListItem\",\"position\":1,\"name\":\"Home\",\"item\":\"https:\/\/www.newfreestyle.it\/\"},{\"@type\":\"ListItem\",\"position\":2,\"name\":\"Caduta di Capelli in Autunno: Strategie per Combatterla\"}]},{\"@type\":\"WebSite\",\"@id\":\"https:\/\/www.newfreestyle.it\/en\/#website\",\"url\":\"https:\/\/www.newfreestyle.it\/en\/\",\"name\":\"Protesi Capelli Uomo Impianti Capillari\",\"description\":\"Risolviamo ogni tipologia di Calvizie mediante l\u2019ausilio di protesi capillari non chirurgiche anche chiamata patch cutaneo.\",\"publisher\":{\"@id\":\"https:\/\/www.newfreestyle.it\/en\/#organization\"},\"potentialAction\":[{\"@type\":\"SearchAction\",\"target\":{\"@type\":\"EntryPoint\",\"urlTemplate\":\"https:\/\/www.newfreestyle.it\/en\/?s={search_term_string}\"},\"query-input\":{\"@type\":\"PropertyValueSpecification\",\"valueRequired\":true,\"valueName\":\"search_term_string\"}}],\"inLanguage\":\"fr-FR\"},{\"@type\":[\"Organization\",\"Place\"],\"@id\":\"https:\/\/www.newfreestyle.it\/en\/#organization\",\"name\":\"Newfreestyle Hair System\",\"alternateName\":\"Protesi Capelli Uomo Personalizzate\",\"url\":\"https:\/\/www.newfreestyle.it\/en\/\",\"logo\":{\"@id\":\"https:\/\/www.newfreestyle.it\/caduta-di-capelli-in-autunno-strategie-per-combatterla\/#local-main-organization-logo\"},\"image\":{\"@id\":\"https:\/\/www.newfreestyle.it\/caduta-di-capelli-in-autunno-strategie-per-combatterla\/#local-main-organization-logo\"},\"sameAs\":[\"https:\/\/www.facebook.com\/newfreestyle.it\/\",\"https:\/\/www.instagram.com\/newfreestyle_hairsystem\/\"],\"address\":{\"@id\":\"https:\/\/www.newfreestyle.it\/caduta-di-capelli-in-autunno-strategie-per-combatterla\/#local-main-place-address\"},\"geo\":{\"@type\":\"GeoCoordinates\",\"latitude\":\"45.5086608\",\"longitude\":\"9.2005743\"},\"telephone\":[\"3297256048\"],\"openingHoursSpecification\":[{\"@type\":\"OpeningHoursSpecification\",\"dayOfWeek\":[\"Monday\",\"Tuesday\",\"Wednesday\",\"Thursday\",\"Friday\",\"Saturday\"],\"opens\":\"09:00\",\"closes\":\"19:00\"},{\"@type\":\"OpeningHoursSpecification\",\"dayOfWeek\":[\"Sunday\"],\"opens\":\"00:00\",\"closes\":\"00:00\"}],\"email\":\"direzione@newfreestyle.it\",\"vatID\":\"IT11145080963\",\"taxID\":\"SCIMST69H67I690R\"},{\"@type\":\"Person\",\"@id\":\"https:\/\/www.newfreestyle.it\/en\/#\/schema\/person\/9292718e911f81a2cbfca33a43eaf33b\",\"name\":\"Newfreestyle Hair System\",\"url\":\"https:\/\/www.newfreestyle.it\/fr\/author\/newfreestyle-hair-system\/\"},{\"@type\":\"PostalAddress\",\"@id\":\"https:\/\/www.newfreestyle.it\/caduta-di-capelli-in-autunno-strategie-per-combatterla\/#local-main-place-address\",\"streetAddress\":\"Via Cino da Pistoia, 18\",\"addressLocality\":\"Milano\",\"postalCode\":\"20162\",\"addressRegion\":\"MI\",\"addressCountry\":\"IT\"},{\"@type\":\"ImageObject\",\"inLanguage\":\"fr-FR\",\"@id\":\"https:\/\/www.newfreestyle.it\/caduta-di-capelli-in-autunno-strategie-per-combatterla\/#local-main-organization-logo\",\"url\":\"https:\/\/www.newfreestyle.it\/wp-content\/uploads\/2023\/09\/cropped-newfreestyle-150x145-1.png\",\"contentUrl\":\"https:\/\/www.newfreestyle.it\/wp-content\/uploads\/2023\/09\/cropped-newfreestyle-150x145-1.png\",\"width\":512,\"height\":512,\"caption\":\"Newfreestyle Hair System\"}]}<\/script>\n<meta name=\"geo.placename\" content=\"Milano\" \/>\n<meta name=\"geo.position\" content=\"45.5086608;9.2005743\" \/>\n<meta name=\"geo.region\" content=\"Italie\" \/>\n<!-- \/ Yoast SEO Premium plugin. -->","yoast_head_json":{"title":"Chute de cheveux en automne : strat\u00e9gies | Newfreestyle","description":"Chute de cheveux d'automne : les strat\u00e9gies pour la combattre - D\u00e9couvrez tous les conseils et solutions pour la restauration des cheveux. Lire la suite","robots":{"index":"index","follow":"follow","max-snippet":"max-snippet:-1","max-image-preview":"max-image-preview:large","max-video-preview":"max-video-preview:-1"},"canonical":"https:\/\/www.newfreestyle.it\/fr\/strategies-dautomne-pour-lutter-contre-la-chute-des-cheveux\/","og_locale":"fr_FR","og_type":"article","og_title":"Caduta di Capelli in Autunno: Strategie per Combatterla","og_description":"Caduta di Capelli in Autunno: Strategie per Combatterla - Scopri tutti i consigli e le soluzioni per le protesi capelli. Leggi ora","og_url":"https:\/\/www.newfreestyle.it\/fr\/strategies-dautomne-pour-lutter-contre-la-chute-des-cheveux\/","og_site_name":"Newfreestyle Hair System","article_publisher":"https:\/\/www.facebook.com\/newfreestyle.it\/","article_published_time":"2025-05-20T23:16:07+00:00","article_modified_time":"2025-09-02T17:05:03+00:00","og_image":[{"width":2560,"height":1707,"url":"https:\/\/www.newfreestyle.it\/wp-content\/uploads\/2023\/11\/chiuda-sulla-donna-con-la-forfora-che-si-guarda-allo-specchio-scaled.jpg","type":"image\/jpeg"}],"author":"Newfreestyle Hair System","twitter_card":"summary_large_image","twitter_misc":{"\u00c9crit par":"Newfreestyle Hair System","Dur\u00e9e de lecture estim\u00e9e":"5 minutes"},"schema":{"@context":"https:\/\/schema.org","@graph":[{"@type":"Article","@id":"https:\/\/www.newfreestyle.it\/caduta-di-capelli-in-autunno-strategie-per-combatterla\/#article","isPartOf":{"@id":"https:\/\/www.newfreestyle.it\/caduta-di-capelli-in-autunno-strategie-per-combatterla\/"},"author":{"name":"Newfreestyle Hair System","@id":"https:\/\/www.newfreestyle.it\/en\/#\/schema\/person\/9292718e911f81a2cbfca33a43eaf33b"},"headline":"Caduta di Capelli in Autunno: Strategie per Combatterla","datePublished":"2025-05-20T23:16:07+00:00","dateModified":"2025-09-02T17:05:03+00:00","mainEntityOfPage":{"@id":"https:\/\/www.newfreestyle.it\/caduta-di-capelli-in-autunno-strategie-per-combatterla\/"},"wordCount":887,"commentCount":0,"publisher":{"@id":"https:\/\/www.newfreestyle.it\/en\/#organization"},"image":{"@id":"https:\/\/www.newfreestyle.it\/caduta-di-capelli-in-autunno-strategie-per-combatterla\/#primaryimage"},"thumbnailUrl":"https:\/\/www.newfreestyle.it\/wp-content\/uploads\/2023\/11\/chiuda-sulla-donna-con-la-forfora-che-si-guarda-allo-specchio-scaled.jpg","articleSection":["Consigli","Curiosit\u00e0"],"inLanguage":"fr-FR","potentialAction":[{"@type":"CommentAction","name":"Comment","target":["https:\/\/www.newfreestyle.it\/caduta-di-capelli-in-autunno-strategie-per-combatterla\/#respond"]}]},{"@type":"WebPage","@id":"https:\/\/www.newfreestyle.it\/caduta-di-capelli-in-autunno-strategie-per-combatterla\/","url":"https:\/\/www.newfreestyle.it\/caduta-di-capelli-in-autunno-strategie-per-combatterla\/","name":"Chute de cheveux en automne : strat\u00e9gies | Newfreestyle","isPartOf":{"@id":"https:\/\/www.newfreestyle.it\/en\/#website"},"primaryImageOfPage":{"@id":"https:\/\/www.newfreestyle.it\/caduta-di-capelli-in-autunno-strategie-per-combatterla\/#primaryimage"},"image":{"@id":"https:\/\/www.newfreestyle.it\/caduta-di-capelli-in-autunno-strategie-per-combatterla\/#primaryimage"},"thumbnailUrl":"https:\/\/www.newfreestyle.it\/wp-content\/uploads\/2023\/11\/chiuda-sulla-donna-con-la-forfora-che-si-guarda-allo-specchio-scaled.jpg","datePublished":"2025-05-20T23:16:07+00:00","dateModified":"2025-09-02T17:05:03+00:00","description":"Chute de cheveux d'automne : les strat\u00e9gies pour la combattre - D\u00e9couvrez tous les conseils et solutions pour la restauration des cheveux. Lire la suite","breadcrumb":{"@id":"https:\/\/www.newfreestyle.it\/caduta-di-capelli-in-autunno-strategie-per-combatterla\/#breadcrumb"},"inLanguage":"fr-FR","potentialAction":[{"@type":"ReadAction","target":["https:\/\/www.newfreestyle.it\/caduta-di-capelli-in-autunno-strategie-per-combatterla\/"]}]},{"@type":"ImageObject","inLanguage":"fr-FR","@id":"https:\/\/www.newfreestyle.it\/caduta-di-capelli-in-autunno-strategie-per-combatterla\/#primaryimage","url":"https:\/\/www.newfreestyle.it\/wp-content\/uploads\/2023\/11\/chiuda-sulla-donna-con-la-forfora-che-si-guarda-allo-specchio-scaled.jpg","contentUrl":"https:\/\/www.newfreestyle.it\/wp-content\/uploads\/2023\/11\/chiuda-sulla-donna-con-la-forfora-che-si-guarda-allo-specchio-scaled.jpg","width":2560,"height":1707,"caption":"chiuda-sulla-donna-con-la-forfora-che-si-guarda-allo-specchio"},{"@type":"BreadcrumbList","@id":"https:\/\/www.newfreestyle.it\/caduta-di-capelli-in-autunno-strategie-per-combatterla\/#breadcrumb","itemListElement":[{"@type":"ListItem","position":1,"name":"Home","item":"https:\/\/www.newfreestyle.it\/"},{"@type":"ListItem","position":2,"name":"Caduta di Capelli in Autunno: Strategie per Combatterla"}]},{"@type":"WebSite","@id":"https:\/\/www.newfreestyle.it\/en\/#website","url":"https:\/\/www.newfreestyle.it\/en\/","name":"Implants capillaires pour hommes Implants capillaires","description":"Nous r\u00e9solvons tous les types de calvitie \u00e0 l'aide d'implants capillaires non chirurgicaux, \u00e9galement appel\u00e9s patchs cutan\u00e9s.","publisher":{"@id":"https:\/\/www.newfreestyle.it\/en\/#organization"},"potentialAction":[{"@type":"SearchAction","target":{"@type":"EntryPoint","urlTemplate":"https:\/\/www.newfreestyle.it\/en\/?s={search_term_string}"},"query-input":{"@type":"PropertyValueSpecification","valueRequired":true,"valueName":"search_term_string"}}],"inLanguage":"fr-FR"},{"@type":["Organization","Place"],"@id":"https:\/\/www.newfreestyle.it\/en\/#organization","name":"Syst\u00e8me capillaire Newfreestyle","alternateName":"Protesi Capelli Uomo Personalizzate","url":"https:\/\/www.newfreestyle.it\/en\/","logo":{"@id":"https:\/\/www.newfreestyle.it\/caduta-di-capelli-in-autunno-strategie-per-combatterla\/#local-main-organization-logo"},"image":{"@id":"https:\/\/www.newfreestyle.it\/caduta-di-capelli-in-autunno-strategie-per-combatterla\/#local-main-organization-logo"},"sameAs":["https:\/\/www.facebook.com\/newfreestyle.it\/","https:\/\/www.instagram.com\/newfreestyle_hairsystem\/"],"address":{"@id":"https:\/\/www.newfreestyle.it\/caduta-di-capelli-in-autunno-strategie-per-combatterla\/#local-main-place-address"},"geo":{"@type":"GeoCoordinates","latitude":"45.5086608","longitude":"9.2005743"},"telephone":["3297256048"],"openingHoursSpecification":[{"@type":"OpeningHoursSpecification","dayOfWeek":["Monday","Tuesday","Wednesday","Thursday","Friday","Saturday"],"opens":"09:00","closes":"19:00"},{"@type":"OpeningHoursSpecification","dayOfWeek":["Sunday"],"opens":"00:00","closes":"00:00"}],"email":"direzione@newfreestyle.it","vatID":"IT11145080963","taxID":"SCIMST69H67I690R"},{"@type":"Person","@id":"https:\/\/www.newfreestyle.it\/en\/#\/schema\/person\/9292718e911f81a2cbfca33a43eaf33b","name":"Syst\u00e8me capillaire Newfreestyle","url":"https:\/\/www.newfreestyle.it\/fr\/author\/newfreestyle-hair-system\/"},{"@type":"PostalAddress","@id":"https:\/\/www.newfreestyle.it\/caduta-di-capelli-in-autunno-strategie-per-combatterla\/#local-main-place-address","streetAddress":"Via Cino da Pistoia, 18","addressLocality":"Milano","postalCode":"20162","addressRegion":"MI","addressCountry":"IT"},{"@type":"ImageObject","inLanguage":"fr-FR","@id":"https:\/\/www.newfreestyle.it\/caduta-di-capelli-in-autunno-strategie-per-combatterla\/#local-main-organization-logo","url":"https:\/\/www.newfreestyle.it\/wp-content\/uploads\/2023\/09\/cropped-newfreestyle-150x145-1.png","contentUrl":"https:\/\/www.newfreestyle.it\/wp-content\/uploads\/2023\/09\/cropped-newfreestyle-150x145-1.png","width":512,"height":512,"caption":"Newfreestyle Hair System"}]},"geo.placename":"Milano","geo.position":{"lat":"45.5086608","long":"9.2005743"},"geo.region":"Italie"},"_links":{"self":[{"href":"https:\/\/www.newfreestyle.it\/fr\/wp-json\/wp\/v2\/posts\/47055","targetHints":{"allow":["GET"]}}],"collection":[{"href":"https:\/\/www.newfreestyle.it\/fr\/wp-json\/wp\/v2\/posts"}],"about":[{"href":"https:\/\/www.newfreestyle.it\/fr\/wp-json\/wp\/v2\/types\/post"}],"author":[{"embeddable":true,"href":"https:\/\/www.newfreestyle.it\/fr\/wp-json\/wp\/v2\/users\/74"}],"replies":[{"embeddable":true,"href":"https:\/\/www.newfreestyle.it\/fr\/wp-json\/wp\/v2\/comments?post=47055"}],"version-history":[{"count":5,"href":"https:\/\/www.newfreestyle.it\/fr\/wp-json\/wp\/v2\/posts\/47055\/revisions"}],"predecessor-version":[{"id":49679,"href":"https:\/\/www.newfreestyle.it\/fr\/wp-json\/wp\/v2\/posts\/47055\/revisions\/49679"}],"wp:featuredmedia":[{"embeddable":true,"href":"https:\/\/www.newfreestyle.it\/fr\/wp-json\/wp\/v2\/media\/47056"}],"wp:attachment":[{"href":"https:\/\/www.newfreestyle.it\/fr\/wp-json\/wp\/v2\/media?parent=47055"}],"wp:term":[{"taxonomy":"category","embeddable":true,"href":"https:\/\/www.newfreestyle.it\/fr\/wp-json\/wp\/v2\/categories?post=47055"},{"taxonomy":"post_tag","embeddable":true,"href":"https:\/\/www.newfreestyle.it\/fr\/wp-json\/wp\/v2\/tags?post=47055"}],"curies":[{"name":"wp","href":"https:\/\/api.w.org\/{rel}","templated":true}]}}