
{"id":34262,"date":"2025-06-07T18:36:38","date_gmt":"2025-06-07T16:36:38","guid":{"rendered":"https:\/\/www.newfreestyle.it\/?p=34262"},"modified":"2026-05-18T18:20:06","modified_gmt":"2026-05-18T16:20:06","slug":"patchs-cutanes-pour-la-perte-de-cheveux","status":"publish","type":"post","link":"https:\/\/www.newfreestyle.it\/fr\/patchs-cutanes-pour-la-perte-de-cheveux\/","title":{"rendered":"Patchs cutan\u00e9s : avantages et inconv\u00e9nients"},"content":{"rendered":"<p>Capita spesso di pensarci solo quando il fastidio diventa concreto: una zona del corpo che sfrega, un piccolo dolore muscolare che torna a fine giornata, la necessit\u00e0 di proteggere la pelle durante l\u2019attivit\u00e0 fisica o semplicemente il bisogno di applicare un principio attivo senza creme, mani unte e tempi lunghi. Le <strong>patch cutanee<\/strong> entrano proprio in questi momenti pratici, quando si cerca un supporto discreto, semplice da gestire e facile da tenere sotto controllo anche fuori casa.<\/p>\n<p>Non tutte, per\u00f2, rispondono allo stesso bisogno. Alcune sono pensate per <strong>proteggere la pelle<\/strong>, altre per favorire un\u2019applicazione localizzata, altre ancora per aderire in modo stabile durante il movimento. Per questo parlare di pro e contro ha senso solo se si parte da una domanda concreta: <strong>in quale situazione vuoi usarle<\/strong>? La differenza tra un acquisto utile e uno deludente spesso sta tutta qui.<\/p>\n<h2>Patch cutanee: cosa sono e quando vengono usate davvero<\/h2>\n<p>Con il termine patch cutanee si indicano supporti adesivi da applicare sulla pelle con funzioni diverse: protezione, rilascio localizzato, barriera contro sfregamento o supporto cosmetico e funzionale. A colpo d\u2019occhio possono sembrare prodotti simili, ma cambiano molto per <strong>materiale, adesivit\u00e0, traspirabilit\u00e0 e area di utilizzo<\/strong>.<\/p>\n<p>Nella pratica vengono usate soprattutto quando serve:<\/p>\n<ul>\n<li><strong>coprire una zona sensibile<\/strong> senza ricorrere a bendaggi pi\u00f9 ingombranti;<\/li>\n<li><strong>mantenere il prodotto in posizione<\/strong> per diverse ore;<\/li>\n<li><strong>limitare il contatto con vestiti o scarpe<\/strong> in punti soggetti a sfregamento;<\/li>\n<li><strong>semplificare la routine<\/strong> rispetto ad applicazioni frequenti di gel o creme;<\/li>\n<li><strong>agire in modo localizzato<\/strong> su un\u2019area precisa.<\/li>\n<\/ul>\n<p>Chi le usa tutti i giorni, per sport, lavoro manuale o lunghi periodi in piedi, tende ad apprezzare soprattutto la praticit\u00e0. Chi ha pelle reattiva, invece, guarda prima di tutto alla tollerabilit\u00e0. Sono due criteri diversi, e vale la pena tenerli separati fin dall\u2019inizio.<\/p>\n<h2>Vantaggi delle patch cutanee nella vita quotidiana<\/h2>\n<p>Il primo vantaggio, quello pi\u00f9 evidente, \u00e8 la <strong>comodit\u00e0 d\u2019uso<\/strong>. Una patch ben scelta si applica in pochi secondi, resta dove serve e non richiede gesti ripetuti durante la giornata. Questo aspetto conta molto quando si \u00e8 fuori casa o quando non si ha il tempo di interrompere spesso quello che si sta facendo.<\/p>\n<p>Un altro punto a favore \u00e8 la <strong>localizzazione<\/strong>. Se il bisogno riguarda una zona precisa, la patch evita di distribuire il prodotto o la protezione su aree inutili. \u00c8 un dettaglio pratico, ma incide sull\u2019esperienza d\u2019uso: meno dispersione, meno residui, meno sensazione di prodotto \u201cin giro\u201d.<\/p>\n<p>Tra i vantaggi pi\u00f9 apprezzati ci sono anche:<\/p>\n<ul>\n<li><strong>discrezione sotto i vestiti<\/strong>, se il formato \u00e8 sottile;<\/li>\n<li><strong>minore contatto con le mani<\/strong> rispetto a creme o unguenti;<\/li>\n<li><strong>maggiore ordine nella routine<\/strong>, soprattutto per chi tende a dimenticare applicazioni ripetute;<\/li>\n<li><strong>protezione meccanica<\/strong> in aree soggette a attrito;<\/li>\n<li><strong>sensazione di stabilit\u00e0<\/strong> durante movimento o attivit\u00e0 leggere, se l\u2019adesivo \u00e8 adatto.<\/li>\n<\/ul>\n<p>Per molte persone il vero pro non \u00e8 tanto la tecnologia in s\u00e9, quanto il fatto che la patch <strong>riduce i passaggi<\/strong>. Meno operazioni significa anche meno probabilit\u00e0 di usare il prodotto in modo discontinuo.<\/p>\n<h3>Quando la praticit\u00e0 \u00e8 un vantaggio reale<\/h3>\n<p>La comodit\u00e0 non va data per scontata. Diventa un vantaggio reale soprattutto in situazioni precise: giornate lunghe fuori casa, attivit\u00e0 in cui non \u00e8 semplice lavarsi le mani prima e dopo un\u2019applicazione, aree difficili da trattare con prodotti tradizionali, oppure momenti in cui si desidera un supporto discreto senza odori o residui visibili.<\/p>\n<p>Se, per esempio, il problema \u00e8 lo sfregamento localizzato, una patch pu\u00f2 essere pi\u00f9 pratica di una crema che tende a spostarsi. Se invece la pelle \u00e8 molto mobile o la zona \u00e8 soggetta a sudorazione intensa, la praticit\u00e0 dipende dalla capacit\u00e0 del supporto di restare aderente senza irritare.<\/p>\n<h2>Contro delle patch cutanee: i limiti da valutare prima dell\u2019uso<\/h2>\n<p>Il principale limite delle patch cutanee \u00e8 che <strong>non sono universali<\/strong>. Una patch efficace su una persona pu\u00f2 risultare scomoda o poco tollerata su un\u2019altra. La pelle cambia da soggetto a soggetto, ma cambia anche da zona a zona: ci\u00f2 che funziona bene su un\u2019area asciutta pu\u00f2 comportarsi diversamente su pieghe cutanee, spalle, schiena o piedi.<\/p>\n<p>Tra i contro pi\u00f9 frequenti ci sono:<\/p>\n<ul>\n<li><strong>adesione non sempre costante<\/strong> su pelle sudata, molto mobile o con peli;<\/li>\n<li><strong>possibile sensibilit\u00e0 all\u2019adesivo<\/strong>, soprattutto nelle pelli delicate;<\/li>\n<li><strong>comfort variabile<\/strong> se il materiale \u00e8 troppo rigido o poco traspirante;<\/li>\n<li><strong>difficolt\u00e0 di posizionamento<\/strong> in aree curve o difficili da raggiungere da soli;<\/li>\n<li><strong>rimozione fastidiosa<\/strong> se l\u2019adesione \u00e8 forte o la pelle \u00e8 gi\u00e0 irritata.<\/li>\n<\/ul>\n<p>Un altro aspetto spesso sottovalutato riguarda le aspettative. Alcune persone scelgono una patch pensando che basti \u201cattaccarla\u201d per ottenere lo stesso risultato in qualsiasi condizione. In realt\u00e0 contano molto la <strong>preparazione della pelle<\/strong>, il momento dell\u2019applicazione e il tipo di attivit\u00e0 svolta dopo.<\/p>\n<h3>I segnali che indicano una scelta poco adatta<\/h3>\n<p>Ci sono segnali semplici che aiutano a capire se la patch scelta non \u00e8 quella giusta. Se tende a sollevarsi ai bordi dopo poco tempo, se d\u00e0 una sensazione di calore o pizzicore persistente, se lascia la pelle molto arrossata o se crea fastidio durante i movimenti normali, probabilmente il supporto non \u00e8 adatto alla tua pelle o a quell\u2019area specifica.<\/p>\n<p>In questi casi conviene fermarsi e verificare nella scheda prodotto se il materiale, l\u2019uso previsto e le indicazioni di applicazione corrispondono davvero alla situazione concreta.<\/p>\n<h2>Come scegliere le patch cutanee in base a pelle, zona e utilizzo<\/h2>\n<p>La scelta migliore nasce quasi sempre da tre domande: <strong>dove va applicata<\/strong>, <strong>per quanto tempo<\/strong> e <strong>che tipo di pelle hai<\/strong>. Sembra un criterio semplice, ma evita molti errori.<\/p>\n<p>Per una zona soggetta a movimento, come articolazioni o aree che si piegano spesso, \u00e8 utile orientarsi verso patch che promettono una certa adattabilit\u00e0. Per aree pi\u00f9 statiche, invece, pu\u00f2 contare di pi\u00f9 la stabilit\u00e0 dell\u2019adesione. Se la pelle \u00e8 sensibile, il punto decisivo diventa la tollerabilit\u00e0 del supporto adesivo e la facilit\u00e0 di rimozione.<\/p>\n<p>Prima di scegliere, considera questi criteri pratici:<\/p>\n<ul>\n<li><strong>tipo di pelle<\/strong>: secca, sensibile, facilmente arrossabile, soggetta a sudorazione;<\/li>\n<li><strong>zona del corpo<\/strong>: piatta, curva, mobile, esposta a sfregamento;<\/li>\n<li><strong>durata desiderata<\/strong>: uso breve o necessit\u00e0 di tenuta pi\u00f9 prolungata;<\/li>\n<li><strong>spessore del supporto<\/strong>: pi\u00f9 discreto sotto i vestiti o pi\u00f9 protettivo;<\/li>\n<li><strong>facilit\u00e0 di rimozione<\/strong>: importante se la pelle \u00e8 delicata o se l\u2019uso \u00e8 frequente.<\/li>\n<\/ul>\n<p>Quando possibile, \u00e8 utile confrontare il tipo di supporto con altri articoli pensati per il benessere quotidiano, come quelli raccolti in <a href=\"[LINK:URL]\">prodotti per la cura della pelle<\/a> o nelle selezioni dedicate al <a href=\"[LINK:URL]\">benessere quotidiano<\/a>. Non per sostituire la patch, ma per capire se il bisogno reale \u00e8 protezione, applicazione localizzata o semplice comfort.<\/p>\n<h2>Patch cutanee e pelle sensibile: attenzione a adesivo e rimozione<\/h2>\n<p>Chi ha una pelle reattiva sa che il problema non \u00e8 solo \u201cse tiene\u201d, ma <strong>come si comporta durante e dopo l\u2019uso<\/strong>. Un\u2019adesione molto forte pu\u00f2 sembrare rassicurante, per\u00f2 non sempre coincide con una buona esperienza, soprattutto se la zona va trattata spesso.<\/p>\n<p>Su pelle sensibile conviene prestare attenzione a dettagli pratici:<\/p>\n<ul>\n<li>applicare la patch su <strong>cute pulita e ben asciutta<\/strong>;<\/li>\n<li>evitare zone gi\u00e0 irritate o con microlesioni, salvo diversa indicazione nella scheda prodotto;<\/li>\n<li>non tendere troppo la pelle durante l\u2019applicazione;<\/li>\n<li>rimuovere con calma, senza strappi rapidi;<\/li>\n<li>osservare la pelle dopo l\u2019uso, soprattutto alle prime applicazioni.<\/li>\n<\/ul>\n<p>Se il dubbio riguarda la compatibilit\u00e0 con pelli delicate, pu\u00f2 essere utile confrontare l\u2019approccio con altri supporti presenti nelle sezioni dedicate ai <a href=\"[LINK:URL]\">dispositivi per uso quotidiano<\/a> o agli articoli per <a href=\"[LINK:URL]\">sport e recupero<\/a>, dove spesso si trovano soluzioni pensate per esigenze diverse ma con la stessa attenzione al comfort cutaneo.<\/p>\n<p>Un criterio semplice: se sai gi\u00e0 di reagire facilmente ai cerotti tradizionali, non dare per scontato che ogni patch si comporti allo stesso modo. Verifica nella scheda prodotto materiali, modalit\u00e0 d\u2019uso e indicazioni di rimozione.<\/p>\n<h2>Quando le patch cutanee sono pi\u00f9 pratiche di creme, gel o fasciature<\/h2>\n<p>Non esiste un formato migliore in assoluto. Esiste per\u00f2 il formato pi\u00f9 adatto al contesto. Le patch cutanee risultano spesso pi\u00f9 comode quando serve <strong>ordine, discrezione e applicazione stabile<\/strong>. Creme e gel restano preferibili quando si vuole modulare facilmente la quantit\u00e0 o trattare superfici pi\u00f9 ampie. Le fasciature, invece, hanno senso quando la priorit\u00e0 \u00e8 il contenimento o la protezione strutturata.<\/p>\n<p>Le patch sono particolarmente pratiche quando:<\/p>\n<ul>\n<li>la zona da trattare \u00e8 <strong>circoscritta<\/strong>;<\/li>\n<li>si desidera evitare residui su mani e vestiti;<\/li>\n<li>serve una soluzione <strong>facile da gestire fuori casa<\/strong>;<\/li>\n<li>il contatto continuo con scarpe o indumenti richiede una barriera stabile;<\/li>\n<li>si preferisce una routine semplice, con meno passaggi.<\/li>\n<\/ul>\n<p>Al contrario, possono essere meno adatte quando la pelle \u00e8 molto sudata, quando l\u2019area \u00e8 troppo ampia o quando il movimento continuo rende difficile mantenere l\u2019adesione senza pieghe. In questi casi \u00e8 utile valutare anche strumenti complementari, come quelli raccolti in <a href=\"[LINK:URL]\">accessori per il supporto quotidiano<\/a>, per capire se il bisogno \u00e8 davvero copertura adesiva o un altro tipo di aiuto.<\/p>\n<h2>Errori comuni nell\u2019uso delle patch cutanee<\/h2>\n<p>Molti problemi attribuiti al prodotto dipendono in realt\u00e0 da un uso poco adatto. L\u2019errore pi\u00f9 comune \u00e8 applicare la patch su pelle non perfettamente asciutta, magari subito dopo doccia, crema corpo o attivit\u00e0 fisica. Anche un leggero residuo pu\u00f2 compromettere l\u2019adesione.<\/p>\n<p>Altri errori frequenti sono:<\/p>\n<ul>\n<li><strong>toccare troppo l\u2019adesivo<\/strong> prima dell\u2019applicazione;<\/li>\n<li><strong>scegliere una misura non coerente<\/strong> con l\u2019area da coprire;<\/li>\n<li><strong>applicare su pieghe cutanee<\/strong> senza considerare il movimento;<\/li>\n<li><strong>ignorare i segnali della pelle<\/strong> nelle prime ore d\u2019uso;<\/li>\n<li><strong>rimuovere in modo brusco<\/strong>, soprattutto su cute delicata.<\/li>\n<\/ul>\n<p>Un\u2019accortezza semplice ma utile \u00e8 dedicare qualche secondo al posizionamento iniziale. Una patch messa bene all\u2019inizio ha pi\u00f9 probabilit\u00e0 di restare confortevole. Se invece viene applicata in tensione o con piccoli sollevamenti ai bordi, il fastidio tende a comparire presto.<\/p>\n<h2>Pro e contro delle patch cutanee: a chi convengono davvero<\/h2>\n<p>Le patch cutanee convincono soprattutto chi cerca un supporto <strong>pratico, localizzato e poco invasivo<\/strong> nella routine. Sono spesso apprezzate da chi passa molte ore fuori casa, pratica attivit\u00e0 fisica, indossa scarpe o abiti che creano sfregamento, oppure vuole evitare applicazioni ripetute di prodotti tradizionali.<\/p>\n<p>Convengono meno, o richiedono pi\u00f9 attenzione, a chi ha <strong>pelle particolarmente sensibile<\/strong>, a chi suda molto nella zona interessata o a chi deve trattare aree estese. In questi casi il vantaggio della praticit\u00e0 pu\u00f2 ridursi se l\u2019adesione non \u00e8 stabile o se la rimozione risulta fastidiosa.<\/p>\n<p>La valutazione pi\u00f9 utile non \u00e8 chiedersi se le patch siano \u201cbuone\u201d in generale, ma se rispondano bene a un uso preciso. Se il bisogno \u00e8 localizzato, la pelle le tollera e la zona consente una buona adesione, i pro emergono chiaramente. Se invece uno di questi tre elementi manca, i contro diventano pi\u00f9 visibili.<\/p>\n<p><!--W4Y_BF_SUGGESTED_PRODUCTS--><\/p>\n<p>Se stai valutando quale tipologia possa adattarsi meglio alla tua routine, puoi orientarti tra la categoria dedicata o esplorare i brand disponibili per confrontare materiali, formato e modalit\u00e0 d\u2019uso. Un controllo attento della scheda prodotto aiuta a scegliere con pi\u00f9 criterio, soprattutto quando la pelle \u00e8 delicata o l\u2019applicazione riguarda zone soggette a movimento.<\/p>\n[w4y_bf_related_posts post_id=&#8221;34262&#8243;]\n<hr \/>\n<h2>FAQ<\/h2>\n<div class=\"w4y-faq\">\n<h3>Le patch cutanee sono adatte a tutti i tipi di pelle?<\/h3>\n<p>Non sempre. Su pelle sensibile o facilmente arrossabile \u00e8 bene controllare materiali e modalit\u00e0 di rimozione nella scheda prodotto e osservare la reazione cutanea alle prime applicazioni.<\/p>\n<h3>Quando conviene usare una patch cutanea invece di una crema?<\/h3>\n<p>Di solito quando il bisogno \u00e8 localizzato, serve praticit\u00e0 fuori casa o si vuole evitare residui su mani e vestiti. Le creme restano pi\u00f9 comode su aree ampie o quando si preferisce modulare l\u2019applicazione.<\/p>\n<h3>Perch\u00e9 una patch cutanea pu\u00f2 staccarsi facilmente?<\/h3>\n<p>Le cause pi\u00f9 comuni sono pelle non asciutta, sudorazione, presenza di peli, zona molto mobile o applicazione frettolosa. Anche il tipo di supporto pu\u00f2 incidere sulla tenuta.<\/p>\n<h3>Come si rimuove una patch cutanea senza irritare la pelle?<\/h3>\n<p>Meglio procedere lentamente, senza strappi rapidi, accompagnando la pelle con la mano. Se la cute \u00e8 delicata, conviene verificare nella scheda prodotto eventuali indicazioni specifiche di rimozione.<\/p>\n<h3>Le patch cutanee sono comode durante l&#8217;attivit\u00e0 fisica?<\/h3>\n<p>Possono esserlo, ma dipende da zona di applicazione, sudorazione e qualit\u00e0 dell\u2019adesione. Nelle aree molto sollecitate dal movimento il comfort va valutato con pi\u00f9 attenzione.<\/p>\n<\/div>\n<p><script type=\"application\/ld+json\">{\"@context\":\"https:\/\/schema.org\",\"@type\":\"FAQPage\",\"mainEntity\":[{\"@type\":\"Question\",\"name\":\"Le patch cutanee sono adatte a tutti i tipi di pelle?\",\"acceptedAnswer\":{\"@type\":\"Answer\",\"text\":\"Non sempre. Su pelle sensibile o facilmente arrossabile \u00e8 bene controllare materiali e modalit\u00e0 di rimozione nella scheda prodotto e osservare la reazione cutanea alle prime applicazioni.\"}},{\"@type\":\"Question\",\"name\":\"Quando conviene usare una patch cutanea invece di una crema?\",\"acceptedAnswer\":{\"@type\":\"Answer\",\"text\":\"Di solito quando il bisogno \u00e8 localizzato, serve praticit\u00e0 fuori casa o si vuole evitare residui su mani e vestiti. Le creme restano pi\u00f9 comode su aree ampie o quando si preferisce modulare l\u2019applicazione.\"}},{\"@type\":\"Question\",\"name\":\"Perch\u00e9 una patch cutanea pu\u00f2 staccarsi facilmente?\",\"acceptedAnswer\":{\"@type\":\"Answer\",\"text\":\"Le cause pi\u00f9 comuni sono pelle non asciutta, sudorazione, presenza di peli, zona molto mobile o applicazione frettolosa. Anche il tipo di supporto pu\u00f2 incidere sulla tenuta.\"}},{\"@type\":\"Question\",\"name\":\"Come si rimuove una patch cutanea senza irritare la pelle?\",\"acceptedAnswer\":{\"@type\":\"Answer\",\"text\":\"Meglio procedere lentamente, senza strappi rapidi, accompagnando la pelle con la mano. Se la cute \u00e8 delicata, conviene verificare nella scheda prodotto eventuali indicazioni specifiche di rimozione.\"}},{\"@type\":\"Question\",\"name\":\"Le patch cutanee sono comode durante l'attivit\u00e0 fisica?\",\"acceptedAnswer\":{\"@type\":\"Answer\",\"text\":\"Possono esserlo, ma dipende da zona di applicazione, sudorazione e qualit\u00e0 dell\u2019adesione. Nelle aree molto sollecitate dal movimento il comfort va valutato con pi\u00f9 attenzione.\"}}]}<\/script><\/p>\n","protected":false},"excerpt":{"rendered":"<p>Tout savoir sur les patchs cutan\u00e9s : avantages et inconv\u00e9nients. Des id\u00e9es, des conseils et des solutions pratiques pour tous les besoins.<\/p>","protected":false},"author":74,"featured_media":38472,"comment_status":"open","ping_status":"open","sticky":false,"template":"","format":"standard","meta":{"_acf_changed":false,"_monsterinsights_skip_tracking":false,"footnotes":""},"categories":[80,81],"tags":[82,83,84,85],"class_list":["post-34262","post","type-post","status-publish","format-standard","has-post-thumbnail","hentry","category-consigli","category-curiosita","tag-protesi-capelli","tag-protesi-capelli-prezzo","tag-protesi-capelli-uomo","tag-protesi-capelli-veri"],"acf":[],"yoast_head":"<!-- This site is optimized with the Yoast SEO Premium plugin v26.1 (Yoast SEO v26.1.1) - https:\/\/yoast.com\/wordpress\/plugins\/seo\/ -->\n<title>Patch cutanee: Pro e Contro | Newfreestyle<\/title>\n<meta name=\"description\" content=\"Patch cutanee: vantaggi, limiti e criteri pratici per scegliere il supporto pi\u00f9 adatto in base a pelle, zona del corpo e utilizzo.\" \/>\n<meta name=\"robots\" content=\"index, follow, max-snippet:-1, max-image-preview:large, max-video-preview:-1\" \/>\n<link rel=\"canonical\" href=\"https:\/\/www.newfreestyle.it\/fr\/patchs-cutanes-pour-la-perte-de-cheveux\/\" \/>\n<meta property=\"og:locale\" content=\"fr_FR\" \/>\n<meta property=\"og:type\" content=\"article\" \/>\n<meta property=\"og:title\" content=\"Patch cutanee: Pro e Contro\" \/>\n<meta property=\"og:description\" content=\"Patch cutanee: vantaggi, limiti e criteri pratici per scegliere il supporto pi\u00f9 adatto in base a pelle, zona del corpo e utilizzo.\" \/>\n<meta property=\"og:url\" content=\"https:\/\/www.newfreestyle.it\/fr\/patchs-cutanes-pour-la-perte-de-cheveux\/\" \/>\n<meta property=\"og:site_name\" content=\"Newfreestyle Hair System\" \/>\n<meta property=\"article:publisher\" content=\"https:\/\/www.facebook.com\/newfreestyle.it\/\" \/>\n<meta property=\"article:published_time\" content=\"2025-06-07T16:36:38+00:00\" \/>\n<meta property=\"article:modified_time\" content=\"2026-05-18T16:20:06+00:00\" \/>\n<meta property=\"og:image\" content=\"https:\/\/www.newfreestyle.it\/wp-content\/uploads\/2023\/09\/ritratto-ravvicinato-di-maschio-barbuto-con-capelli-lunghi-su-sfondo-scuro-scaled.jpg\" \/>\n\t<meta property=\"og:image:width\" content=\"2560\" \/>\n\t<meta property=\"og:image:height\" content=\"1707\" \/>\n\t<meta property=\"og:image:type\" content=\"image\/jpeg\" \/>\n<meta name=\"author\" content=\"Newfreestyle Hair System\" \/>\n<meta name=\"twitter:card\" content=\"summary_large_image\" \/>\n<meta name=\"twitter:label1\" content=\"\u00c9crit par\" \/>\n\t<meta name=\"twitter:data1\" content=\"Newfreestyle Hair System\" \/>\n\t<meta name=\"twitter:label2\" content=\"Dur\u00e9e de lecture estim\u00e9e\" \/>\n\t<meta name=\"twitter:data2\" content=\"11 minutes\" \/>\n<script type=\"application\/ld+json\" class=\"yoast-schema-graph\">{\"@context\":\"https:\/\/schema.org\",\"@graph\":[{\"@type\":\"Article\",\"@id\":\"https:\/\/www.newfreestyle.it\/le-patch-cutanee-per-la-perdita-di-capelli\/#article\",\"isPartOf\":{\"@id\":\"https:\/\/www.newfreestyle.it\/le-patch-cutanee-per-la-perdita-di-capelli\/\"},\"author\":{\"name\":\"Newfreestyle Hair System\",\"@id\":\"https:\/\/www.newfreestyle.it\/en\/#\/schema\/person\/753bd59851e950a1673a83530fb635e2\"},\"headline\":\"Patch cutanee: Pro e Contro\",\"datePublished\":\"2025-06-07T16:36:38+00:00\",\"dateModified\":\"2026-05-18T16:20:06+00:00\",\"mainEntityOfPage\":{\"@id\":\"https:\/\/www.newfreestyle.it\/le-patch-cutanee-per-la-perdita-di-capelli\/\"},\"wordCount\":1990,\"commentCount\":0,\"publisher\":{\"@id\":\"https:\/\/www.newfreestyle.it\/en\/#organization\"},\"image\":{\"@id\":\"https:\/\/www.newfreestyle.it\/le-patch-cutanee-per-la-perdita-di-capelli\/#primaryimage\"},\"thumbnailUrl\":\"https:\/\/www.newfreestyle.it\/wp-content\/uploads\/2023\/09\/ritratto-ravvicinato-di-maschio-barbuto-con-capelli-lunghi-su-sfondo-scuro-scaled.jpg\",\"keywords\":[\"protesi capelli\",\"protesi capelli prezzo\",\"protesi capelli uomo\",\"protesi capelli veri\"],\"articleSection\":[\"Consigli\",\"Curiosit\u00e0\"],\"inLanguage\":\"fr-FR\",\"potentialAction\":[{\"@type\":\"CommentAction\",\"name\":\"Comment\",\"target\":[\"https:\/\/www.newfreestyle.it\/le-patch-cutanee-per-la-perdita-di-capelli\/#respond\"]}]},{\"@type\":\"WebPage\",\"@id\":\"https:\/\/www.newfreestyle.it\/le-patch-cutanee-per-la-perdita-di-capelli\/\",\"url\":\"https:\/\/www.newfreestyle.it\/le-patch-cutanee-per-la-perdita-di-capelli\/\",\"name\":\"Patch cutanee: Pro e Contro | Newfreestyle\",\"isPartOf\":{\"@id\":\"https:\/\/www.newfreestyle.it\/en\/#website\"},\"primaryImageOfPage\":{\"@id\":\"https:\/\/www.newfreestyle.it\/le-patch-cutanee-per-la-perdita-di-capelli\/#primaryimage\"},\"image\":{\"@id\":\"https:\/\/www.newfreestyle.it\/le-patch-cutanee-per-la-perdita-di-capelli\/#primaryimage\"},\"thumbnailUrl\":\"https:\/\/www.newfreestyle.it\/wp-content\/uploads\/2023\/09\/ritratto-ravvicinato-di-maschio-barbuto-con-capelli-lunghi-su-sfondo-scuro-scaled.jpg\",\"datePublished\":\"2025-06-07T16:36:38+00:00\",\"dateModified\":\"2026-05-18T16:20:06+00:00\",\"description\":\"Patch cutanee: vantaggi, limiti e criteri pratici per scegliere il supporto pi\u00f9 adatto in base a pelle, zona del corpo e utilizzo.\",\"breadcrumb\":{\"@id\":\"https:\/\/www.newfreestyle.it\/le-patch-cutanee-per-la-perdita-di-capelli\/#breadcrumb\"},\"inLanguage\":\"fr-FR\",\"potentialAction\":[{\"@type\":\"ReadAction\",\"target\":[\"https:\/\/www.newfreestyle.it\/le-patch-cutanee-per-la-perdita-di-capelli\/\"]}]},{\"@type\":\"ImageObject\",\"inLanguage\":\"fr-FR\",\"@id\":\"https:\/\/www.newfreestyle.it\/le-patch-cutanee-per-la-perdita-di-capelli\/#primaryimage\",\"url\":\"https:\/\/www.newfreestyle.it\/wp-content\/uploads\/2023\/09\/ritratto-ravvicinato-di-maschio-barbuto-con-capelli-lunghi-su-sfondo-scuro-scaled.jpg\",\"contentUrl\":\"https:\/\/www.newfreestyle.it\/wp-content\/uploads\/2023\/09\/ritratto-ravvicinato-di-maschio-barbuto-con-capelli-lunghi-su-sfondo-scuro-scaled.jpg\",\"width\":2560,\"height\":1707,\"caption\":\"Protesi capelli lunghi\"},{\"@type\":\"BreadcrumbList\",\"@id\":\"https:\/\/www.newfreestyle.it\/le-patch-cutanee-per-la-perdita-di-capelli\/#breadcrumb\",\"itemListElement\":[{\"@type\":\"ListItem\",\"position\":1,\"name\":\"Home\",\"item\":\"https:\/\/www.newfreestyle.it\/\"},{\"@type\":\"ListItem\",\"position\":2,\"name\":\"Patch cutanee: Pro e Contro\"}]},{\"@type\":\"WebSite\",\"@id\":\"https:\/\/www.newfreestyle.it\/en\/#website\",\"url\":\"https:\/\/www.newfreestyle.it\/en\/\",\"name\":\"Protesi Capelli Uomo Impianti Capillari\",\"description\":\"Risolviamo ogni tipologia di Calvizie mediante l\u2019ausilio di protesi capillari non chirurgiche anche chiamata patch cutaneo.\",\"publisher\":{\"@id\":\"https:\/\/www.newfreestyle.it\/en\/#organization\"},\"potentialAction\":[{\"@type\":\"SearchAction\",\"target\":{\"@type\":\"EntryPoint\",\"urlTemplate\":\"https:\/\/www.newfreestyle.it\/en\/?s={search_term_string}\"},\"query-input\":{\"@type\":\"PropertyValueSpecification\",\"valueRequired\":true,\"valueName\":\"search_term_string\"}}],\"inLanguage\":\"fr-FR\"},{\"@type\":[\"Organization\",\"Place\"],\"@id\":\"https:\/\/www.newfreestyle.it\/en\/#organization\",\"name\":\"Newfreestyle Hair System\",\"alternateName\":\"Protesi Capelli Uomo Personalizzate\",\"url\":\"https:\/\/www.newfreestyle.it\/en\/\",\"logo\":{\"@id\":\"https:\/\/www.newfreestyle.it\/le-patch-cutanee-per-la-perdita-di-capelli\/#local-main-organization-logo\"},\"image\":{\"@id\":\"https:\/\/www.newfreestyle.it\/le-patch-cutanee-per-la-perdita-di-capelli\/#local-main-organization-logo\"},\"sameAs\":[\"https:\/\/www.facebook.com\/newfreestyle.it\/\",\"https:\/\/www.instagram.com\/newfreestyle_hairsystem\/\"],\"address\":{\"@id\":\"https:\/\/www.newfreestyle.it\/le-patch-cutanee-per-la-perdita-di-capelli\/#local-main-place-address\"},\"geo\":{\"@type\":\"GeoCoordinates\",\"latitude\":\"45.5086608\",\"longitude\":\"9.2005743\"},\"telephone\":[\"3297256048\"],\"openingHoursSpecification\":[{\"@type\":\"OpeningHoursSpecification\",\"dayOfWeek\":[\"Monday\",\"Tuesday\",\"Wednesday\",\"Thursday\",\"Friday\",\"Saturday\"],\"opens\":\"09:00\",\"closes\":\"19:00\"},{\"@type\":\"OpeningHoursSpecification\",\"dayOfWeek\":[\"Sunday\"],\"opens\":\"00:00\",\"closes\":\"00:00\"}],\"email\":\"direzione@newfreestyle.it\",\"vatID\":\"IT11145080963\",\"taxID\":\"SCIMST69H67I690R\"},{\"@type\":\"Person\",\"@id\":\"https:\/\/www.newfreestyle.it\/en\/#\/schema\/person\/753bd59851e950a1673a83530fb635e2\",\"name\":\"Newfreestyle Hair System\",\"url\":\"https:\/\/www.newfreestyle.it\/fr\/author\/newfreestyle-hair-system\/\"},{\"@type\":\"PostalAddress\",\"@id\":\"https:\/\/www.newfreestyle.it\/le-patch-cutanee-per-la-perdita-di-capelli\/#local-main-place-address\",\"streetAddress\":\"Via Cino da Pistoia, 18\",\"addressLocality\":\"Milano\",\"postalCode\":\"20162\",\"addressRegion\":\"MI\",\"addressCountry\":\"IT\"},{\"@type\":\"ImageObject\",\"inLanguage\":\"fr-FR\",\"@id\":\"https:\/\/www.newfreestyle.it\/le-patch-cutanee-per-la-perdita-di-capelli\/#local-main-organization-logo\",\"url\":\"https:\/\/www.newfreestyle.it\/wp-content\/uploads\/2023\/09\/cropped-newfreestyle-150x145-1.png\",\"contentUrl\":\"https:\/\/www.newfreestyle.it\/wp-content\/uploads\/2023\/09\/cropped-newfreestyle-150x145-1.png\",\"width\":512,\"height\":512,\"caption\":\"Newfreestyle Hair System\"}]}<\/script>\n<meta name=\"geo.placename\" content=\"Milano\" \/>\n<meta name=\"geo.position\" content=\"45.5086608;9.2005743\" \/>\n<meta name=\"geo.region\" content=\"Italie\" \/>\n<!-- \/ Yoast SEO Premium plugin. -->","yoast_head_json":{"title":"Patchs cutan\u00e9s : avantages et inconv\u00e9nients | Newfreestyle","description":"Patchs cutan\u00e9s : avantages, limites et crit\u00e8res pratiques pour choisir le support le plus adapt\u00e9 en fonction de la peau, de la zone du corps et de l'utilisation.","robots":{"index":"index","follow":"follow","max-snippet":"max-snippet:-1","max-image-preview":"max-image-preview:large","max-video-preview":"max-video-preview:-1"},"canonical":"https:\/\/www.newfreestyle.it\/fr\/patchs-cutanes-pour-la-perte-de-cheveux\/","og_locale":"fr_FR","og_type":"article","og_title":"Patch cutanee: Pro e Contro","og_description":"Patch cutanee: vantaggi, limiti e criteri pratici per scegliere il supporto pi\u00f9 adatto in base a pelle, zona del corpo e utilizzo.","og_url":"https:\/\/www.newfreestyle.it\/fr\/patchs-cutanes-pour-la-perte-de-cheveux\/","og_site_name":"Newfreestyle Hair System","article_publisher":"https:\/\/www.facebook.com\/newfreestyle.it\/","article_published_time":"2025-06-07T16:36:38+00:00","article_modified_time":"2026-05-18T16:20:06+00:00","og_image":[{"width":2560,"height":1707,"url":"https:\/\/www.newfreestyle.it\/wp-content\/uploads\/2023\/09\/ritratto-ravvicinato-di-maschio-barbuto-con-capelli-lunghi-su-sfondo-scuro-scaled.jpg","type":"image\/jpeg"}],"author":"Newfreestyle Hair System","twitter_card":"summary_large_image","twitter_misc":{"\u00c9crit par":"Newfreestyle Hair System","Dur\u00e9e de lecture estim\u00e9e":"11 minutes"},"schema":{"@context":"https:\/\/schema.org","@graph":[{"@type":"Article","@id":"https:\/\/www.newfreestyle.it\/le-patch-cutanee-per-la-perdita-di-capelli\/#article","isPartOf":{"@id":"https:\/\/www.newfreestyle.it\/le-patch-cutanee-per-la-perdita-di-capelli\/"},"author":{"name":"Newfreestyle Hair System","@id":"https:\/\/www.newfreestyle.it\/en\/#\/schema\/person\/753bd59851e950a1673a83530fb635e2"},"headline":"Patch cutanee: Pro e Contro","datePublished":"2025-06-07T16:36:38+00:00","dateModified":"2026-05-18T16:20:06+00:00","mainEntityOfPage":{"@id":"https:\/\/www.newfreestyle.it\/le-patch-cutanee-per-la-perdita-di-capelli\/"},"wordCount":1990,"commentCount":0,"publisher":{"@id":"https:\/\/www.newfreestyle.it\/en\/#organization"},"image":{"@id":"https:\/\/www.newfreestyle.it\/le-patch-cutanee-per-la-perdita-di-capelli\/#primaryimage"},"thumbnailUrl":"https:\/\/www.newfreestyle.it\/wp-content\/uploads\/2023\/09\/ritratto-ravvicinato-di-maschio-barbuto-con-capelli-lunghi-su-sfondo-scuro-scaled.jpg","keywords":["protesi capelli","protesi capelli prezzo","protesi capelli uomo","protesi capelli veri"],"articleSection":["Consigli","Curiosit\u00e0"],"inLanguage":"fr-FR","potentialAction":[{"@type":"CommentAction","name":"Comment","target":["https:\/\/www.newfreestyle.it\/le-patch-cutanee-per-la-perdita-di-capelli\/#respond"]}]},{"@type":"WebPage","@id":"https:\/\/www.newfreestyle.it\/le-patch-cutanee-per-la-perdita-di-capelli\/","url":"https:\/\/www.newfreestyle.it\/le-patch-cutanee-per-la-perdita-di-capelli\/","name":"Patchs cutan\u00e9s : avantages et inconv\u00e9nients | Newfreestyle","isPartOf":{"@id":"https:\/\/www.newfreestyle.it\/en\/#website"},"primaryImageOfPage":{"@id":"https:\/\/www.newfreestyle.it\/le-patch-cutanee-per-la-perdita-di-capelli\/#primaryimage"},"image":{"@id":"https:\/\/www.newfreestyle.it\/le-patch-cutanee-per-la-perdita-di-capelli\/#primaryimage"},"thumbnailUrl":"https:\/\/www.newfreestyle.it\/wp-content\/uploads\/2023\/09\/ritratto-ravvicinato-di-maschio-barbuto-con-capelli-lunghi-su-sfondo-scuro-scaled.jpg","datePublished":"2025-06-07T16:36:38+00:00","dateModified":"2026-05-18T16:20:06+00:00","description":"Patchs cutan\u00e9s : avantages, limites et crit\u00e8res pratiques pour choisir le support le plus adapt\u00e9 en fonction de la peau, de la zone du corps et de l'utilisation.","breadcrumb":{"@id":"https:\/\/www.newfreestyle.it\/le-patch-cutanee-per-la-perdita-di-capelli\/#breadcrumb"},"inLanguage":"fr-FR","potentialAction":[{"@type":"ReadAction","target":["https:\/\/www.newfreestyle.it\/le-patch-cutanee-per-la-perdita-di-capelli\/"]}]},{"@type":"ImageObject","inLanguage":"fr-FR","@id":"https:\/\/www.newfreestyle.it\/le-patch-cutanee-per-la-perdita-di-capelli\/#primaryimage","url":"https:\/\/www.newfreestyle.it\/wp-content\/uploads\/2023\/09\/ritratto-ravvicinato-di-maschio-barbuto-con-capelli-lunghi-su-sfondo-scuro-scaled.jpg","contentUrl":"https:\/\/www.newfreestyle.it\/wp-content\/uploads\/2023\/09\/ritratto-ravvicinato-di-maschio-barbuto-con-capelli-lunghi-su-sfondo-scuro-scaled.jpg","width":2560,"height":1707,"caption":"Protesi capelli lunghi"},{"@type":"BreadcrumbList","@id":"https:\/\/www.newfreestyle.it\/le-patch-cutanee-per-la-perdita-di-capelli\/#breadcrumb","itemListElement":[{"@type":"ListItem","position":1,"name":"Home","item":"https:\/\/www.newfreestyle.it\/"},{"@type":"ListItem","position":2,"name":"Patch cutanee: Pro e Contro"}]},{"@type":"WebSite","@id":"https:\/\/www.newfreestyle.it\/en\/#website","url":"https:\/\/www.newfreestyle.it\/en\/","name":"Implants capillaires pour hommes Implants capillaires","description":"Nous r\u00e9solvons tous les types de calvitie \u00e0 l'aide d'implants capillaires non chirurgicaux, \u00e9galement appel\u00e9s patchs cutan\u00e9s.","publisher":{"@id":"https:\/\/www.newfreestyle.it\/en\/#organization"},"potentialAction":[{"@type":"SearchAction","target":{"@type":"EntryPoint","urlTemplate":"https:\/\/www.newfreestyle.it\/en\/?s={search_term_string}"},"query-input":{"@type":"PropertyValueSpecification","valueRequired":true,"valueName":"search_term_string"}}],"inLanguage":"fr-FR"},{"@type":["Organization","Place"],"@id":"https:\/\/www.newfreestyle.it\/en\/#organization","name":"Syst\u00e8me capillaire Newfreestyle","alternateName":"Protesi Capelli Uomo Personalizzate","url":"https:\/\/www.newfreestyle.it\/en\/","logo":{"@id":"https:\/\/www.newfreestyle.it\/le-patch-cutanee-per-la-perdita-di-capelli\/#local-main-organization-logo"},"image":{"@id":"https:\/\/www.newfreestyle.it\/le-patch-cutanee-per-la-perdita-di-capelli\/#local-main-organization-logo"},"sameAs":["https:\/\/www.facebook.com\/newfreestyle.it\/","https:\/\/www.instagram.com\/newfreestyle_hairsystem\/"],"address":{"@id":"https:\/\/www.newfreestyle.it\/le-patch-cutanee-per-la-perdita-di-capelli\/#local-main-place-address"},"geo":{"@type":"GeoCoordinates","latitude":"45.5086608","longitude":"9.2005743"},"telephone":["3297256048"],"openingHoursSpecification":[{"@type":"OpeningHoursSpecification","dayOfWeek":["Monday","Tuesday","Wednesday","Thursday","Friday","Saturday"],"opens":"09:00","closes":"19:00"},{"@type":"OpeningHoursSpecification","dayOfWeek":["Sunday"],"opens":"00:00","closes":"00:00"}],"email":"direzione@newfreestyle.it","vatID":"IT11145080963","taxID":"SCIMST69H67I690R"},{"@type":"Person","@id":"https:\/\/www.newfreestyle.it\/en\/#\/schema\/person\/753bd59851e950a1673a83530fb635e2","name":"Syst\u00e8me capillaire Newfreestyle","url":"https:\/\/www.newfreestyle.it\/fr\/author\/newfreestyle-hair-system\/"},{"@type":"PostalAddress","@id":"https:\/\/www.newfreestyle.it\/le-patch-cutanee-per-la-perdita-di-capelli\/#local-main-place-address","streetAddress":"Via Cino da Pistoia, 18","addressLocality":"Milano","postalCode":"20162","addressRegion":"MI","addressCountry":"IT"},{"@type":"ImageObject","inLanguage":"fr-FR","@id":"https:\/\/www.newfreestyle.it\/le-patch-cutanee-per-la-perdita-di-capelli\/#local-main-organization-logo","url":"https:\/\/www.newfreestyle.it\/wp-content\/uploads\/2023\/09\/cropped-newfreestyle-150x145-1.png","contentUrl":"https:\/\/www.newfreestyle.it\/wp-content\/uploads\/2023\/09\/cropped-newfreestyle-150x145-1.png","width":512,"height":512,"caption":"Newfreestyle Hair System"}]},"geo.placename":"Milano","geo.position":{"lat":"45.5086608","long":"9.2005743"},"geo.region":"Italie"},"_links":{"self":[{"href":"https:\/\/www.newfreestyle.it\/fr\/wp-json\/wp\/v2\/posts\/34262","targetHints":{"allow":["GET"]}}],"collection":[{"href":"https:\/\/www.newfreestyle.it\/fr\/wp-json\/wp\/v2\/posts"}],"about":[{"href":"https:\/\/www.newfreestyle.it\/fr\/wp-json\/wp\/v2\/types\/post"}],"author":[{"embeddable":true,"href":"https:\/\/www.newfreestyle.it\/fr\/wp-json\/wp\/v2\/users\/74"}],"replies":[{"embeddable":true,"href":"https:\/\/www.newfreestyle.it\/fr\/wp-json\/wp\/v2\/comments?post=34262"}],"version-history":[{"count":6,"href":"https:\/\/www.newfreestyle.it\/fr\/wp-json\/wp\/v2\/posts\/34262\/revisions"}],"predecessor-version":[{"id":49888,"href":"https:\/\/www.newfreestyle.it\/fr\/wp-json\/wp\/v2\/posts\/34262\/revisions\/49888"}],"wp:featuredmedia":[{"embeddable":true,"href":"https:\/\/www.newfreestyle.it\/fr\/wp-json\/wp\/v2\/media\/38472"}],"wp:attachment":[{"href":"https:\/\/www.newfreestyle.it\/fr\/wp-json\/wp\/v2\/media?parent=34262"}],"wp:term":[{"taxonomy":"category","embeddable":true,"href":"https:\/\/www.newfreestyle.it\/fr\/wp-json\/wp\/v2\/categories?post=34262"},{"taxonomy":"post_tag","embeddable":true,"href":"https:\/\/www.newfreestyle.it\/fr\/wp-json\/wp\/v2\/tags?post=34262"}],"curies":[{"name":"wp","href":"https:\/\/api.w.org\/{rel}","templated":true}]}}