
{"id":49626,"date":"2025-08-31T17:39:25","date_gmt":"2025-08-31T15:39:25","guid":{"rendered":"https:\/\/www.newfreestyle.it\/?p=49626"},"modified":"2026-07-09T09:03:32","modified_gmt":"2026-07-09T07:03:32","slug":"wigs-and-hair-prostheses-myths-and-truths","status":"publish","type":"post","link":"https:\/\/www.newfreestyle.it\/en\/wigs-and-hair-prostheses-myths-and-truths\/","title":{"rendered":"Wigs and Capillary Prosthetics - Myths and Truths to Know"},"content":{"rendered":"<p>Capita spesso di arrivarci dopo settimane di dubbi: si guarda una foto recente, si nota un diradamento pi\u00f9 evidente del solito oppure si sente il bisogno di ritrovare un aspetto familiare allo specchio. In quel momento, tra consigli ricevuti male, video contrastanti e opinioni molto sicure ma poco precise, <strong>parrucche e protesi capillari<\/strong> finiscono dentro lo stesso contenitore. Eppure non sono la stessa cosa, non rispondono alle stesse esigenze e soprattutto non meritano i luoghi comuni che ancora le accompagnano.<\/p>\n<p>Il problema, nella pratica, non \u00e8 solo scegliere un prodotto: \u00e8 capire <strong>quale opzione si adatta davvero alla propria routine, al tipo di perdita dei capelli, al livello di discrezione desiderato e al tempo che si vuole dedicare alla gestione<\/strong>. Molti miti nascono proprio qui, quando si confrontano esperienze molto diverse come se fossero equivalenti.<\/p>\n<h2>Parrucche e protesi capillari: differenze reali da conoscere<\/h2>\n<p>La prima distinzione utile \u00e8 semplice: una <strong>parrucca<\/strong> copre l\u2019intera testa, mentre una <strong>protesi capillare<\/strong> interviene in modo mirato sulle aree interessate dal diradamento o dalla calvizie. Questa differenza, che pu\u00f2 sembrare solo tecnica, cambia parecchio nell\u2019uso quotidiano.<\/p>\n<p>Chi cerca una copertura completa tende a valutare la parrucca perch\u00e9 offre un risultato uniforme e immediato. Chi invece vuole integrare i propri capelli residui, mantenendo un effetto pi\u00f9 personalizzato, spesso guarda alle protesi capillari. Non c\u2019\u00e8 una scelta giusta in assoluto: c\u2019\u00e8 una scelta pi\u00f9 coerente con il proprio caso.<\/p>\n<p>Un criterio pratico per orientarsi \u00e8 questo:<\/p>\n<ul>\n<li><strong>copertura totale<\/strong> se il diradamento \u00e8 diffuso o se si desidera cambiare look in modo netto;<\/li>\n<li><strong>integrazione localizzata<\/strong> se l\u2019obiettivo \u00e8 riempire zone specifiche senza rinunciare ai capelli naturali presenti;<\/li>\n<li><strong>gestione quotidiana<\/strong> se si preferisce una routine semplice oppure un risultato pi\u00f9 costruito e personalizzato.<\/li>\n<\/ul>\n<p>Per chi sta ancora valutando le differenze tra le varie soluzioni, pu\u00f2 essere utile confrontare materiali, basi e modalit\u00e0 d\u2019uso nelle sezioni dedicate a <a href=\"[LINK:URL]\">parrucche<\/a> e <a href=\"[LINK:URL]\">protesi capillari<\/a>.<\/p>\n<h2>Il mito dell\u2019effetto finto: da cosa dipende davvero la naturalezza<\/h2>\n<p>Uno dei pregiudizi pi\u00f9 duri a morire \u00e8 che parrucche e protesi si vedano sempre. In realt\u00e0, l\u2019effetto artificiale non dipende dalla categoria in s\u00e9, ma da una combinazione di fattori: <strong>scelta del colore, densit\u00e0 visiva, linea frontale, taglio, adattamento al viso e modo in cui il sistema viene indossato<\/strong>.<\/p>\n<p>Un errore frequente \u00e8 inseguire il capello perfetto sulla carta e non quello credibile sul proprio volto. Una chioma troppo piena, troppo lucida o con una tonalit\u00e0 leggermente fuori registro pu\u00f2 risultare meno naturale di una soluzione magari pi\u00f9 sobria ma ben armonizzata.<\/p>\n<h3>Segnali pratici di un risultato pi\u00f9 credibile<\/h3>\n<ul>\n<li><strong>attaccatura coerente<\/strong> con et\u00e0, lineamenti e stile personale;<\/li>\n<li><strong>colore non piatto<\/strong>, vicino alla propria base o ben integrato con sopracciglia e incarnato;<\/li>\n<li><strong>taglio rifinito<\/strong> dopo l\u2019acquisto, perch\u00e9 la personalizzazione conta quanto il prodotto;<\/li>\n<li><strong>volume proporzionato<\/strong>, senza eccessi che attirano l\u2019attenzione.<\/li>\n<\/ul>\n<p>Chi teme l\u2019effetto costruito spesso cambia idea dopo una consulenza fatta bene, perch\u00e9 vede quanto contino i dettagli reali pi\u00f9 delle immagini promozionali. Se un elemento tecnico non \u00e8 chiaro, conviene sempre <strong>verificare nella scheda prodotto<\/strong> come \u00e8 realizzata la base o come viene gestita la linea frontale.<\/p>\n<h2>Mito: sono scomode da portare tutto il giorno<\/h2>\n<p>Anche qui la risposta non \u00e8 uguale per tutti. La comodit\u00e0 dipende da tre variabili concrete: <strong>vestibilit\u00e0, traspirazione percepita e abitudine personale<\/strong>. Una persona che non ha mai indossato nulla sulla testa pu\u00f2 avvertire una sensazione nuova nei primi giorni; questo non significa automaticamente disagio costante.<\/p>\n<p>La sensazione cambia molto in base al contesto d\u2019uso. Stare in casa, lavorare diverse ore, uscire con umidit\u00e0 elevata o muoversi spesso non sono situazioni equivalenti. Per questo \u00e8 utile ragionare sulla propria giornata tipo prima di scegliere.<\/p>\n<p>Un criterio semplice \u00e8 partire da queste domande:<\/p>\n<ul>\n<li>quante ore al giorno prevedi di indossarla;<\/li>\n<li>hai una routine dinamica o prevalentemente sedentaria;<\/li>\n<li>preferisci togliere e rimettere con facilit\u00e0 oppure cerchi una soluzione pi\u00f9 stabile;<\/li>\n<li>hai una cute sensibile o necessiti di particolare delicatezza nei punti di contatto.<\/li>\n<\/ul>\n<p>Molte persone associano la scomodit\u00e0 a esperienze passate con modelli non adatti, taglie imprecise o manutenzione trascurata. In pratica, <strong>una scelta sbagliata viene spesso scambiata per un limite generale della categoria<\/strong>.<\/p>\n<h2>Parrucche e protesi capillari non sono solo per chi ha perso tutti i capelli<\/h2>\n<p>Questo \u00e8 un altro equivoco diffuso. Non sempre si ricorre a queste soluzioni in assenza totale di capelli. Ci sono situazioni di <strong>diradamento progressivo, aree pi\u00f9 rade sulla sommit\u00e0, stempiature marcate o necessit\u00e0 temporanee legate a cambiamenti fisici e personali<\/strong> in cui una copertura parziale o completa pu\u00f2 avere molto senso.<\/p>\n<p>La differenza la fa l\u2019obiettivo. C\u2019\u00e8 chi vuole semplicemente recuperare omogeneit\u00e0, chi desidera sentirsi pi\u00f9 in ordine senza modificare troppo il proprio aspetto, chi invece preferisce un cambio visibile e deciso. Pensare che questi sistemi servano solo in casi estremi porta spesso a rimandare una scelta che, se affrontata prima, sarebbe stata pi\u00f9 semplice da gestire anche emotivamente.<\/p>\n<p>Per approfondire i casi pi\u00f9 comuni e capire quale approccio sia pi\u00f9 adatto, pu\u00f2 essere utile consultare anche i contenuti dedicati a <a href=\"[LINK:URL]\">diradamento dei capelli<\/a> e <a href=\"[LINK:URL]\">infoltimento capillare<\/a>.<\/p>\n<h2>La manutenzione \u00e8 davvero complicata? Pi\u00f9 che altro richiede metodo<\/h2>\n<p>Uno dei motivi per cui molte persone esitano \u00e8 la paura di entrare in una routine ingestibile. In realt\u00e0, la manutenzione non \u00e8 necessariamente complessa, ma <strong>richiede costanza, gesti corretti e prodotti compatibili<\/strong>. Il punto non \u00e8 fare tanto: \u00e8 fare bene quello che serve.<\/p>\n<p>La differenza tra una gestione serena e una frustrante spesso nasce da abitudini molto quotidiane: come si ripone il sistema, come si pettina, quanto delicatamente si deterge, se si evita o meno di trattarlo come fossero capelli naturali senza alcuna attenzione specifica.<\/p>\n<h3>Abitudini che aiutano davvero<\/h3>\n<ul>\n<li><strong>pettinare senza strappare<\/strong>, partendo dalle lunghezze e salendo gradualmente;<\/li>\n<li><strong>lavare con criterio<\/strong>, senza frequenze casuali o detergenti scelti a caso;<\/li>\n<li><strong>asciugare con delicatezza<\/strong>, evitando sfregamenti inutili;<\/li>\n<li><strong>riporre correttamente<\/strong> quando non si indossa, per preservare forma e fibra;<\/li>\n<li><strong>controllare periodicamente la tenuta e l\u2019adattamento<\/strong> nel caso delle protesi capillari.<\/li>\n<\/ul>\n<p>Se hai dubbi sulla compatibilit\u00e0 di un accessorio o di un trattamento, la regola pi\u00f9 prudente resta la stessa: <strong>verifica nella scheda prodotto<\/strong>. Non tutti i sistemi richiedono gli stessi passaggi e non tutte le basi reagiscono allo stesso modo.<\/p>\n<h2>Si possono usare nella vita attiva senza vivere con l\u2019ansia?<\/h2>\n<p>Il timore di sentirsi osservati o di dover controllare continuamente il proprio aspetto \u00e8 molto comune. In realt\u00e0, buona parte dell\u2019ansia iniziale non dipende dal prodotto ma dalla fase di adattamento psicologico. Le prime uscite, il primo incontro con persone che non sanno nulla, il primo giorno di lavoro: sono passaggi normali, e quasi sempre pi\u00f9 impegnativi nella mente che nella realt\u00e0.<\/p>\n<p>Dal punto di vista pratico, la serenit\u00e0 aumenta quando si scelgono sistemi coerenti con il proprio stile di vita. Chi si muove molto, ad esempio, dovrebbe valutare con attenzione <strong>stabilit\u00e0, facilit\u00e0 di gestione e semplicit\u00e0 di ritocco<\/strong>. Chi invece privilegia l\u2019estetica in contesti sociali o professionali pu\u00f2 dare pi\u00f9 peso alla rifinitura del front e al modo in cui il taglio accompagna il viso.<\/p>\n<p>Un consiglio concreto, spesso sottovalutato, \u00e8 non fare il primo test in una giornata importante. Meglio iniziare in un contesto ordinario, prendere confidenza con i movimenti, capire come ci si sente e solo dopo affrontare situazioni pi\u00f9 esposte.<\/p>\n<h2>Mito: una volta scelta la soluzione, non si torna pi\u00f9 indietro<\/h2>\n<p>Molti vivono la scelta come un passaggio definitivo, quasi identitario. In realt\u00e0 <strong>parrucche e protesi capillari possono essere usate in modo flessibile<\/strong>. C\u2019\u00e8 chi le indossa tutti i giorni, chi solo in alcune occasioni, chi alterna periodi diversi in base alla stagione, al lavoro o al proprio rapporto con l\u2019immagine personale.<\/p>\n<p>Questo aspetto conta molto perch\u00e9 toglie pressione. Non serve decidere tutto subito. Si pu\u00f2 partire da un uso graduale, osservare come cambia la percezione di s\u00e9, capire se si preferisce una copertura completa o una integrazione pi\u00f9 discreta. La scelta migliore, spesso, emerge dall\u2019esperienza diretta pi\u00f9 che dalle idee iniziali.<\/p>\n<p>Chi \u00e8 all\u2019inizio tende a cercare conferme assolute; chi ha gi\u00e0 provato sa che il fattore decisivo \u00e8 la compatibilit\u00e0 con la propria vita vera, non con un modello teorico.<\/p>\n<h2>Come scegliere tra parrucca e protesi capillare senza confondersi<\/h2>\n<p>Quando si mettono da parte i miti, restano alcune domande molto concrete. Sono quelle che aiutano davvero a decidere.<\/p>\n<h3>1. Qual \u00e8 la zona da coprire?<\/h3>\n<p>Se il bisogno riguarda tutta la testa, la parrucca \u00e8 la strada pi\u00f9 lineare. Se il problema \u00e8 localizzato, una protesi capillare pu\u00f2 offrire un\u2019integrazione pi\u00f9 naturale con i capelli esistenti.<\/p>\n<h3>2. Quanto tempo vuoi dedicare alla gestione?<\/h3>\n<p>Non tutte le persone hanno la stessa disponibilit\u00e0. C\u2019\u00e8 chi desidera una routine essenziale e chi accetta volentieri qualche passaggio in pi\u00f9 in cambio di una personalizzazione maggiore.<\/p>\n<h3>3. Quanto conta per te la libert\u00e0 di cambiare look?<\/h3>\n<p>Una copertura completa pu\u00f2 offrire pi\u00f9 margine di trasformazione. Un sistema integrativo, invece, tende a seguire maggiormente il proprio stile di partenza.<\/p>\n<h3>4. Vuoi un impatto immediato o un passaggio pi\u00f9 graduale?<\/h3>\n<p>Per alcune persone \u00e8 importante che il cambiamento sia visibile e risolutivo. Per altre \u00e8 preferibile un risultato che si inserisca con discrezione nella propria immagine abituale.<\/p>\n<p>Se si parte da queste domande, la scelta diventa pi\u00f9 leggibile. Non perch\u00e9 spariscano tutti i dubbi, ma perch\u00e9 si smette di ragionare per stereotipi e si inizia a valutare per uso reale.<\/p>\n<h2>Errori comuni quando si ascoltano i consigli degli altri<\/h2>\n<p>Le opinioni altrui aiutano fino a un certo punto. Il rischio \u00e8 prendere per universale un\u2019esperienza che in realt\u00e0 dipendeva da condizioni molto specifiche: un materiale diverso, una base diversa, una manualit\u00e0 diversa, aspettative diverse.<\/p>\n<p>Tra gli errori pi\u00f9 frequenti ci sono:<\/p>\n<ul>\n<li><strong>scegliere in base alla paura<\/strong> invece che al bisogno reale;<\/li>\n<li><strong>copiare il look di un\u2019altra persona<\/strong> senza considerare viso, et\u00e0 e capelli residui;<\/li>\n<li><strong>sottovalutare il taglio finale<\/strong>, che incide moltissimo sulla resa;<\/li>\n<li><strong>pensare che pi\u00f9 capelli significhi pi\u00f9 naturalezza<\/strong>;<\/li>\n<li><strong>trascurare la fase di adattamento<\/strong>, aspettandosi confidenza immediata dal primo giorno.<\/li>\n<\/ul>\n<p>Per questo \u00e8 utile affiancare alle opinioni generiche contenuti pi\u00f9 mirati, come quelli presenti nel <a href=\"[LINK:URL]\">blog dedicato alla hair care e alle soluzioni capillari<\/a>, dove il confronto tra casi e necessit\u00e0 diverse aiuta a leggere meglio la propria situazione.<\/p>\n<p><!--W4Y_BF_SUGGESTED_PRODUCTS--><\/p>\n<h2>Un approccio pi\u00f9 realistico aiuta a scegliere meglio<\/h2>\n<p>Quando si parla di <strong>parrucche e protesi capillari<\/strong>, i miti resistono perch\u00e9 semplificano troppo: o si vede tutto, o non si sente nulla; o sono scomode, o risolvono ogni insicurezza; o sono per casi estremi, o diventano una seconda pelle. La realt\u00e0 \u00e8 pi\u00f9 sfumata e, proprio per questo, pi\u00f9 utile.<\/p>\n<p>Guardare la questione con realismo significa valutare <strong>copertura, naturalezza, manutenzione, abitudini quotidiane e aspettative personali<\/strong> senza cercare una risposta uguale per tutti. Se stai confrontando diverse opzioni, pu\u00f2 avere senso partire dalla categoria o dal brand che senti pi\u00f9 vicino alle tue esigenze e approfondire con calma le schede disponibili, cos\u00ec da capire quale sistema si inserisce meglio nella tua routine senza forzature.<\/p>\n[w4y_bf_related_posts post_id=&#8221;49626&#8243;]\n<hr \/>\n<h2>FAQ<\/h2>\n<div class=\"w4y-faq\">\n<h3>Che differenza c&#8217;\u00e8 tra parrucca e protesi capillare?<\/h3>\n<p>La parrucca copre l&#8217;intera testa, mentre la protesi capillare interviene su zone specifiche da integrare con i capelli presenti. La scelta dipende soprattutto dall&#8217;area da coprire e dal tipo di risultato desiderato.<\/p>\n<h3>Le parrucche e le protesi capillari si vedono sempre?<\/h3>\n<p>No. L&#8217;effetto naturale dipende da colore, volume, attaccatura, taglio e corretta adattabilit\u00e0 al viso. Una soluzione ben scelta e ben rifinita pu\u00f2 risultare molto discreta.<\/p>\n<h3>Sono scomode da indossare ogni giorno?<\/h3>\n<p>Non necessariamente. La comodit\u00e0 varia in base a vestibilit\u00e0, materiali, sensibilit\u00e0 personale e abitudine d&#8217;uso. Una scelta coerente con la propria routine quotidiana aiuta molto.<\/p>\n<h3>Le protesi capillari sono adatte solo a chi ha perso tutti i capelli?<\/h3>\n<p>No. Possono essere utili anche in caso di diradamento localizzato, stempiature o perdita parziale, quando si vuole integrare in modo mirato senza coprire tutta la testa.<\/p>\n<h3>La manutenzione \u00e8 difficile?<\/h3>\n<p>Pi\u00f9 che difficile, richiede metodo. Pettinare con delicatezza, detergere nel modo corretto e conservare bene il sistema sono abitudini che incidono molto sulla gestione quotidiana.<\/p>\n<h3>Come si capisce quale soluzione scegliere?<\/h3>\n<p>Conviene partire da criteri pratici: zona da coprire, tempo da dedicare alla gestione, livello di discrezione desiderato e stile di vita. Se un dettaglio tecnico non \u00e8 chiaro, verifica nella scheda prodotto.<\/p>\n<\/div>\n<p><script type=\"application\/ld+json\">{\"@context\":\"https:\/\/schema.org\",\"@type\":\"FAQPage\",\"mainEntity\":[{\"@type\":\"Question\",\"name\":\"Che differenza c'\u00e8 tra parrucca e protesi capillare?\",\"acceptedAnswer\":{\"@type\":\"Answer\",\"text\":\"La parrucca copre l'intera testa, mentre la protesi capillare interviene su zone specifiche da integrare con i capelli presenti. La scelta dipende soprattutto dall'area da coprire e dal tipo di risultato desiderato.\"}},{\"@type\":\"Question\",\"name\":\"Le parrucche e le protesi capillari si vedono sempre?\",\"acceptedAnswer\":{\"@type\":\"Answer\",\"text\":\"No. L'effetto naturale dipende da colore, volume, attaccatura, taglio e corretta adattabilit\u00e0 al viso. Una soluzione ben scelta e ben rifinita pu\u00f2 risultare molto discreta.\"}},{\"@type\":\"Question\",\"name\":\"Sono scomode da indossare ogni giorno?\",\"acceptedAnswer\":{\"@type\":\"Answer\",\"text\":\"Non necessariamente. La comodit\u00e0 varia in base a vestibilit\u00e0, materiali, sensibilit\u00e0 personale e abitudine d'uso. Una scelta coerente con la propria routine quotidiana aiuta molto.\"}},{\"@type\":\"Question\",\"name\":\"Le protesi capillari sono adatte solo a chi ha perso tutti i capelli?\",\"acceptedAnswer\":{\"@type\":\"Answer\",\"text\":\"No. Possono essere utili anche in caso di diradamento localizzato, stempiature o perdita parziale, quando si vuole integrare in modo mirato senza coprire tutta la testa.\"}},{\"@type\":\"Question\",\"name\":\"La manutenzione \u00e8 difficile?\",\"acceptedAnswer\":{\"@type\":\"Answer\",\"text\":\"Pi\u00f9 che difficile, richiede metodo. Pettinare con delicatezza, detergere nel modo corretto e conservare bene il sistema sono abitudini che incidono molto sulla gestione quotidiana.\"}},{\"@type\":\"Question\",\"name\":\"Come si capisce quale soluzione scegliere?\",\"acceptedAnswer\":{\"@type\":\"Answer\",\"text\":\"Conviene partire da criteri pratici: zona da coprire, tempo da dedicare alla gestione, livello di discrezione desiderato e stile di vita. Se un dettaglio tecnico non \u00e8 chiaro, verifica nella scheda prodotto.\"}}]}<\/script><\/p>\n","protected":false},"excerpt":{"rendered":"<p>Capita spesso di arrivarci dopo settimane di dubbi: si guarda una foto recente, si nota un diradamento pi\u00f9 evidente del solito oppure si sente il bisogno di ritrovare un aspetto familiare allo specchio. In quel momento, tra consigli ricevuti male, video contrastanti e opinioni molto sicure ma poco precise, parrucche e protesi capillari finiscono dentro [&hellip;]<\/p>\n","protected":false},"author":74,"featured_media":49610,"comment_status":"open","ping_status":"open","sticky":false,"template":"","format":"standard","meta":{"_acf_changed":false,"_monsterinsights_skip_tracking":false,"footnotes":""},"categories":[80],"tags":[166,322,165],"class_list":["post-49626","post","type-post","status-publish","format-standard","has-post-thumbnail","hentry","category-consigli","tag-capelli","tag-parrucche","tag-protesi"],"acf":[],"yoast_head":"<!-- This site is optimized with the Yoast SEO Premium plugin v26.1 (Yoast SEO v26.1.1) - https:\/\/yoast.com\/wordpress\/plugins\/seo\/ -->\n<title>Parrucche e Protesi Capillari: miti e verit\u00e0 | Newfreestyle<\/title>\n<meta name=\"description\" content=\"Parrucche e protesi capillari: miti, differenze reali, comfort, manutenzione e criteri utili per scegliere con maggiore consapevolezza.\" \/>\n<meta name=\"robots\" content=\"index, follow, max-snippet:-1, max-image-preview:large, max-video-preview:-1\" \/>\n<link rel=\"canonical\" href=\"https:\/\/www.newfreestyle.it\/en\/wigs-and-hair-prostheses-myths-and-truths\/\" \/>\n<meta property=\"og:locale\" content=\"en_GB\" \/>\n<meta property=\"og:type\" content=\"article\" \/>\n<meta property=\"og:title\" content=\"Parrucche e Protesi Capillari - Miti e Verit\u00e0 da Conoscere\" \/>\n<meta property=\"og:description\" content=\"Parrucche e protesi capillari: miti, differenze reali, comfort, manutenzione e criteri utili per scegliere con maggiore consapevolezza.\" \/>\n<meta property=\"og:url\" content=\"https:\/\/www.newfreestyle.it\/en\/wigs-and-hair-prostheses-myths-and-truths\/\" \/>\n<meta property=\"og:site_name\" content=\"Newfreestyle Hair System\" \/>\n<meta property=\"article:publisher\" content=\"https:\/\/www.facebook.com\/newfreestyle.it\/\" \/>\n<meta property=\"article:published_time\" content=\"2025-08-31T15:39:25+00:00\" \/>\n<meta property=\"article:modified_time\" content=\"2026-07-09T07:03:32+00:00\" \/>\n<meta property=\"og:image\" content=\"https:\/\/www.newfreestyle.it\/wp-content\/uploads\/2025\/08\/donna-che-soffre-di-perdita-di-capelli-trattamento-dei-problemi-dei-capelli-scaled.jpg\" \/>\n\t<meta property=\"og:image:width\" content=\"2560\" \/>\n\t<meta property=\"og:image:height\" content=\"1707\" \/>\n\t<meta property=\"og:image:type\" content=\"image\/jpeg\" \/>\n<meta name=\"author\" content=\"Newfreestyle Hair System\" \/>\n<meta name=\"twitter:card\" content=\"summary_large_image\" \/>\n<meta name=\"twitter:label1\" content=\"Written by\" \/>\n\t<meta name=\"twitter:data1\" content=\"Newfreestyle Hair System\" \/>\n\t<meta name=\"twitter:label2\" content=\"Estimated reading time\" \/>\n\t<meta name=\"twitter:data2\" content=\"11 minutes\" \/>\n<script type=\"application\/ld+json\" class=\"yoast-schema-graph\">{\"@context\":\"https:\/\/schema.org\",\"@graph\":[{\"@type\":\"Article\",\"@id\":\"https:\/\/www.newfreestyle.it\/parrucche-e-protesi-capillari-miti-e-verita\/#article\",\"isPartOf\":{\"@id\":\"https:\/\/www.newfreestyle.it\/parrucche-e-protesi-capillari-miti-e-verita\/\"},\"author\":{\"name\":\"Newfreestyle Hair System\",\"@id\":\"https:\/\/www.newfreestyle.it\/en\/#\/schema\/person\/753bd59851e950a1673a83530fb635e2\"},\"headline\":\"Parrucche e Protesi Capillari &#8211; Miti e Verit\u00e0 da Conoscere\",\"datePublished\":\"2025-08-31T15:39:25+00:00\",\"dateModified\":\"2026-07-09T07:03:32+00:00\",\"mainEntityOfPage\":{\"@id\":\"https:\/\/www.newfreestyle.it\/parrucche-e-protesi-capillari-miti-e-verita\/\"},\"wordCount\":2018,\"commentCount\":0,\"publisher\":{\"@id\":\"https:\/\/www.newfreestyle.it\/en\/#organization\"},\"image\":{\"@id\":\"https:\/\/www.newfreestyle.it\/parrucche-e-protesi-capillari-miti-e-verita\/#primaryimage\"},\"thumbnailUrl\":\"https:\/\/www.newfreestyle.it\/wp-content\/uploads\/2025\/08\/donna-che-soffre-di-perdita-di-capelli-trattamento-dei-problemi-dei-capelli-scaled.jpg\",\"keywords\":[\"Capelli\",\"Parrucche\",\"Protesi\"],\"articleSection\":[\"Consigli\"],\"inLanguage\":\"en-GB\",\"potentialAction\":[{\"@type\":\"CommentAction\",\"name\":\"Comment\",\"target\":[\"https:\/\/www.newfreestyle.it\/parrucche-e-protesi-capillari-miti-e-verita\/#respond\"]}]},{\"@type\":\"WebPage\",\"@id\":\"https:\/\/www.newfreestyle.it\/parrucche-e-protesi-capillari-miti-e-verita\/\",\"url\":\"https:\/\/www.newfreestyle.it\/parrucche-e-protesi-capillari-miti-e-verita\/\",\"name\":\"Parrucche e Protesi Capillari: miti e verit\u00e0 | Newfreestyle\",\"isPartOf\":{\"@id\":\"https:\/\/www.newfreestyle.it\/en\/#website\"},\"primaryImageOfPage\":{\"@id\":\"https:\/\/www.newfreestyle.it\/parrucche-e-protesi-capillari-miti-e-verita\/#primaryimage\"},\"image\":{\"@id\":\"https:\/\/www.newfreestyle.it\/parrucche-e-protesi-capillari-miti-e-verita\/#primaryimage\"},\"thumbnailUrl\":\"https:\/\/www.newfreestyle.it\/wp-content\/uploads\/2025\/08\/donna-che-soffre-di-perdita-di-capelli-trattamento-dei-problemi-dei-capelli-scaled.jpg\",\"datePublished\":\"2025-08-31T15:39:25+00:00\",\"dateModified\":\"2026-07-09T07:03:32+00:00\",\"description\":\"Parrucche e protesi capillari: miti, differenze reali, comfort, manutenzione e criteri utili per scegliere con maggiore consapevolezza.\",\"breadcrumb\":{\"@id\":\"https:\/\/www.newfreestyle.it\/parrucche-e-protesi-capillari-miti-e-verita\/#breadcrumb\"},\"inLanguage\":\"en-GB\",\"potentialAction\":[{\"@type\":\"ReadAction\",\"target\":[\"https:\/\/www.newfreestyle.it\/parrucche-e-protesi-capillari-miti-e-verita\/\"]}]},{\"@type\":\"ImageObject\",\"inLanguage\":\"en-GB\",\"@id\":\"https:\/\/www.newfreestyle.it\/parrucche-e-protesi-capillari-miti-e-verita\/#primaryimage\",\"url\":\"https:\/\/www.newfreestyle.it\/wp-content\/uploads\/2025\/08\/donna-che-soffre-di-perdita-di-capelli-trattamento-dei-problemi-dei-capelli-scaled.jpg\",\"contentUrl\":\"https:\/\/www.newfreestyle.it\/wp-content\/uploads\/2025\/08\/donna-che-soffre-di-perdita-di-capelli-trattamento-dei-problemi-dei-capelli-scaled.jpg\",\"width\":2560,\"height\":1707,\"caption\":\"Parrucche\"},{\"@type\":\"BreadcrumbList\",\"@id\":\"https:\/\/www.newfreestyle.it\/parrucche-e-protesi-capillari-miti-e-verita\/#breadcrumb\",\"itemListElement\":[{\"@type\":\"ListItem\",\"position\":1,\"name\":\"Home\",\"item\":\"https:\/\/www.newfreestyle.it\/\"},{\"@type\":\"ListItem\",\"position\":2,\"name\":\"Parrucche e Protesi Capillari &#8211; Miti e Verit\u00e0 da Conoscere\"}]},{\"@type\":\"WebSite\",\"@id\":\"https:\/\/www.newfreestyle.it\/en\/#website\",\"url\":\"https:\/\/www.newfreestyle.it\/en\/\",\"name\":\"Protesi Capelli Uomo Impianti Capillari\",\"description\":\"Risolviamo ogni tipologia di Calvizie mediante l\u2019ausilio di protesi capillari non chirurgiche anche chiamata patch cutaneo.\",\"publisher\":{\"@id\":\"https:\/\/www.newfreestyle.it\/en\/#organization\"},\"potentialAction\":[{\"@type\":\"SearchAction\",\"target\":{\"@type\":\"EntryPoint\",\"urlTemplate\":\"https:\/\/www.newfreestyle.it\/en\/?s={search_term_string}\"},\"query-input\":{\"@type\":\"PropertyValueSpecification\",\"valueRequired\":true,\"valueName\":\"search_term_string\"}}],\"inLanguage\":\"en-GB\"},{\"@type\":[\"Organization\",\"Place\"],\"@id\":\"https:\/\/www.newfreestyle.it\/en\/#organization\",\"name\":\"Newfreestyle Hair System\",\"alternateName\":\"Protesi Capelli Uomo Personalizzate\",\"url\":\"https:\/\/www.newfreestyle.it\/en\/\",\"logo\":{\"@id\":\"https:\/\/www.newfreestyle.it\/parrucche-e-protesi-capillari-miti-e-verita\/#local-main-organization-logo\"},\"image\":{\"@id\":\"https:\/\/www.newfreestyle.it\/parrucche-e-protesi-capillari-miti-e-verita\/#local-main-organization-logo\"},\"sameAs\":[\"https:\/\/www.facebook.com\/newfreestyle.it\/\",\"https:\/\/www.instagram.com\/newfreestyle_hairsystem\/\"],\"address\":{\"@id\":\"https:\/\/www.newfreestyle.it\/parrucche-e-protesi-capillari-miti-e-verita\/#local-main-place-address\"},\"geo\":{\"@type\":\"GeoCoordinates\",\"latitude\":\"45.5086608\",\"longitude\":\"9.2005743\"},\"telephone\":[\"3297256048\"],\"openingHoursSpecification\":[{\"@type\":\"OpeningHoursSpecification\",\"dayOfWeek\":[\"Monday\",\"Tuesday\",\"Wednesday\",\"Thursday\",\"Friday\",\"Saturday\"],\"opens\":\"09:00\",\"closes\":\"19:00\"},{\"@type\":\"OpeningHoursSpecification\",\"dayOfWeek\":[\"Sunday\"],\"opens\":\"00:00\",\"closes\":\"00:00\"}],\"email\":\"direzione@newfreestyle.it\",\"vatID\":\"IT11145080963\",\"taxID\":\"SCIMST69H67I690R\"},{\"@type\":\"Person\",\"@id\":\"https:\/\/www.newfreestyle.it\/en\/#\/schema\/person\/753bd59851e950a1673a83530fb635e2\",\"name\":\"Newfreestyle Hair System\",\"url\":\"https:\/\/www.newfreestyle.it\/en\/author\/newfreestyle-hair-system\/\"},{\"@type\":\"PostalAddress\",\"@id\":\"https:\/\/www.newfreestyle.it\/parrucche-e-protesi-capillari-miti-e-verita\/#local-main-place-address\",\"streetAddress\":\"Via Cino da Pistoia, 18\",\"addressLocality\":\"Milano\",\"postalCode\":\"20162\",\"addressRegion\":\"MI\",\"addressCountry\":\"IT\"},{\"@type\":\"ImageObject\",\"inLanguage\":\"en-GB\",\"@id\":\"https:\/\/www.newfreestyle.it\/parrucche-e-protesi-capillari-miti-e-verita\/#local-main-organization-logo\",\"url\":\"https:\/\/www.newfreestyle.it\/wp-content\/uploads\/2023\/09\/cropped-newfreestyle-150x145-1.png\",\"contentUrl\":\"https:\/\/www.newfreestyle.it\/wp-content\/uploads\/2023\/09\/cropped-newfreestyle-150x145-1.png\",\"width\":512,\"height\":512,\"caption\":\"Newfreestyle Hair System\"}]}<\/script>\n<meta name=\"geo.placename\" content=\"Milano\" \/>\n<meta name=\"geo.position\" content=\"45.5086608;9.2005743\" \/>\n<meta name=\"geo.region\" content=\"Italy\" \/>\n<!-- \/ Yoast SEO Premium plugin. -->","yoast_head_json":{"title":"Wigs and Hair Prostheses: myths and truths | Newfreestyle","description":"Wigs and hair prostheses: myths, real differences, comfort, maintenance, and useful criteria to choose more consciously.","robots":{"index":"index","follow":"follow","max-snippet":"max-snippet:-1","max-image-preview":"max-image-preview:large","max-video-preview":"max-video-preview:-1"},"canonical":"https:\/\/www.newfreestyle.it\/en\/wigs-and-hair-prostheses-myths-and-truths\/","og_locale":"en_GB","og_type":"article","og_title":"Parrucche e Protesi Capillari - Miti e Verit\u00e0 da Conoscere","og_description":"Parrucche e protesi capillari: miti, differenze reali, comfort, manutenzione e criteri utili per scegliere con maggiore consapevolezza.","og_url":"https:\/\/www.newfreestyle.it\/en\/wigs-and-hair-prostheses-myths-and-truths\/","og_site_name":"Newfreestyle Hair System","article_publisher":"https:\/\/www.facebook.com\/newfreestyle.it\/","article_published_time":"2025-08-31T15:39:25+00:00","article_modified_time":"2026-07-09T07:03:32+00:00","og_image":[{"width":2560,"height":1707,"url":"https:\/\/www.newfreestyle.it\/wp-content\/uploads\/2025\/08\/donna-che-soffre-di-perdita-di-capelli-trattamento-dei-problemi-dei-capelli-scaled.jpg","type":"image\/jpeg"}],"author":"Newfreestyle Hair System","twitter_card":"summary_large_image","twitter_misc":{"Written by":"Newfreestyle Hair System","Estimated reading time":"11 minutes"},"schema":{"@context":"https:\/\/schema.org","@graph":[{"@type":"Article","@id":"https:\/\/www.newfreestyle.it\/parrucche-e-protesi-capillari-miti-e-verita\/#article","isPartOf":{"@id":"https:\/\/www.newfreestyle.it\/parrucche-e-protesi-capillari-miti-e-verita\/"},"author":{"name":"Newfreestyle Hair System","@id":"https:\/\/www.newfreestyle.it\/en\/#\/schema\/person\/753bd59851e950a1673a83530fb635e2"},"headline":"Parrucche e Protesi Capillari &#8211; Miti e Verit\u00e0 da Conoscere","datePublished":"2025-08-31T15:39:25+00:00","dateModified":"2026-07-09T07:03:32+00:00","mainEntityOfPage":{"@id":"https:\/\/www.newfreestyle.it\/parrucche-e-protesi-capillari-miti-e-verita\/"},"wordCount":2018,"commentCount":0,"publisher":{"@id":"https:\/\/www.newfreestyle.it\/en\/#organization"},"image":{"@id":"https:\/\/www.newfreestyle.it\/parrucche-e-protesi-capillari-miti-e-verita\/#primaryimage"},"thumbnailUrl":"https:\/\/www.newfreestyle.it\/wp-content\/uploads\/2025\/08\/donna-che-soffre-di-perdita-di-capelli-trattamento-dei-problemi-dei-capelli-scaled.jpg","keywords":["Capelli","Parrucche","Protesi"],"articleSection":["Consigli"],"inLanguage":"en-GB","potentialAction":[{"@type":"CommentAction","name":"Comment","target":["https:\/\/www.newfreestyle.it\/parrucche-e-protesi-capillari-miti-e-verita\/#respond"]}]},{"@type":"WebPage","@id":"https:\/\/www.newfreestyle.it\/parrucche-e-protesi-capillari-miti-e-verita\/","url":"https:\/\/www.newfreestyle.it\/parrucche-e-protesi-capillari-miti-e-verita\/","name":"Wigs and Hair Prostheses: myths and truths | Newfreestyle","isPartOf":{"@id":"https:\/\/www.newfreestyle.it\/en\/#website"},"primaryImageOfPage":{"@id":"https:\/\/www.newfreestyle.it\/parrucche-e-protesi-capillari-miti-e-verita\/#primaryimage"},"image":{"@id":"https:\/\/www.newfreestyle.it\/parrucche-e-protesi-capillari-miti-e-verita\/#primaryimage"},"thumbnailUrl":"https:\/\/www.newfreestyle.it\/wp-content\/uploads\/2025\/08\/donna-che-soffre-di-perdita-di-capelli-trattamento-dei-problemi-dei-capelli-scaled.jpg","datePublished":"2025-08-31T15:39:25+00:00","dateModified":"2026-07-09T07:03:32+00:00","description":"Wigs and hair prostheses: myths, real differences, comfort, maintenance, and useful criteria to choose more consciously.","breadcrumb":{"@id":"https:\/\/www.newfreestyle.it\/parrucche-e-protesi-capillari-miti-e-verita\/#breadcrumb"},"inLanguage":"en-GB","potentialAction":[{"@type":"ReadAction","target":["https:\/\/www.newfreestyle.it\/parrucche-e-protesi-capillari-miti-e-verita\/"]}]},{"@type":"ImageObject","inLanguage":"en-GB","@id":"https:\/\/www.newfreestyle.it\/parrucche-e-protesi-capillari-miti-e-verita\/#primaryimage","url":"https:\/\/www.newfreestyle.it\/wp-content\/uploads\/2025\/08\/donna-che-soffre-di-perdita-di-capelli-trattamento-dei-problemi-dei-capelli-scaled.jpg","contentUrl":"https:\/\/www.newfreestyle.it\/wp-content\/uploads\/2025\/08\/donna-che-soffre-di-perdita-di-capelli-trattamento-dei-problemi-dei-capelli-scaled.jpg","width":2560,"height":1707,"caption":"Parrucche"},{"@type":"BreadcrumbList","@id":"https:\/\/www.newfreestyle.it\/parrucche-e-protesi-capillari-miti-e-verita\/#breadcrumb","itemListElement":[{"@type":"ListItem","position":1,"name":"Home","item":"https:\/\/www.newfreestyle.it\/"},{"@type":"ListItem","position":2,"name":"Parrucche e Protesi Capillari &#8211; Miti e Verit\u00e0 da Conoscere"}]},{"@type":"WebSite","@id":"https:\/\/www.newfreestyle.it\/en\/#website","url":"https:\/\/www.newfreestyle.it\/en\/","name":"Men's Hair Implants Capillary Implants","description":"We solve all types of baldness with the help of non-surgical capillary implants also called skin patches.","publisher":{"@id":"https:\/\/www.newfreestyle.it\/en\/#organization"},"potentialAction":[{"@type":"SearchAction","target":{"@type":"EntryPoint","urlTemplate":"https:\/\/www.newfreestyle.it\/en\/?s={search_term_string}"},"query-input":{"@type":"PropertyValueSpecification","valueRequired":true,"valueName":"search_term_string"}}],"inLanguage":"en-GB"},{"@type":["Organization","Place"],"@id":"https:\/\/www.newfreestyle.it\/en\/#organization","name":"Newfreestyle Hair System","alternateName":"Protesi Capelli Uomo Personalizzate","url":"https:\/\/www.newfreestyle.it\/en\/","logo":{"@id":"https:\/\/www.newfreestyle.it\/parrucche-e-protesi-capillari-miti-e-verita\/#local-main-organization-logo"},"image":{"@id":"https:\/\/www.newfreestyle.it\/parrucche-e-protesi-capillari-miti-e-verita\/#local-main-organization-logo"},"sameAs":["https:\/\/www.facebook.com\/newfreestyle.it\/","https:\/\/www.instagram.com\/newfreestyle_hairsystem\/"],"address":{"@id":"https:\/\/www.newfreestyle.it\/parrucche-e-protesi-capillari-miti-e-verita\/#local-main-place-address"},"geo":{"@type":"GeoCoordinates","latitude":"45.5086608","longitude":"9.2005743"},"telephone":["3297256048"],"openingHoursSpecification":[{"@type":"OpeningHoursSpecification","dayOfWeek":["Monday","Tuesday","Wednesday","Thursday","Friday","Saturday"],"opens":"09:00","closes":"19:00"},{"@type":"OpeningHoursSpecification","dayOfWeek":["Sunday"],"opens":"00:00","closes":"00:00"}],"email":"direzione@newfreestyle.it","vatID":"IT11145080963","taxID":"SCIMST69H67I690R"},{"@type":"Person","@id":"https:\/\/www.newfreestyle.it\/en\/#\/schema\/person\/753bd59851e950a1673a83530fb635e2","name":"Newfreestyle Hair System","url":"https:\/\/www.newfreestyle.it\/en\/author\/newfreestyle-hair-system\/"},{"@type":"PostalAddress","@id":"https:\/\/www.newfreestyle.it\/parrucche-e-protesi-capillari-miti-e-verita\/#local-main-place-address","streetAddress":"Via Cino da Pistoia, 18","addressLocality":"Milano","postalCode":"20162","addressRegion":"MI","addressCountry":"IT"},{"@type":"ImageObject","inLanguage":"en-GB","@id":"https:\/\/www.newfreestyle.it\/parrucche-e-protesi-capillari-miti-e-verita\/#local-main-organization-logo","url":"https:\/\/www.newfreestyle.it\/wp-content\/uploads\/2023\/09\/cropped-newfreestyle-150x145-1.png","contentUrl":"https:\/\/www.newfreestyle.it\/wp-content\/uploads\/2023\/09\/cropped-newfreestyle-150x145-1.png","width":512,"height":512,"caption":"Newfreestyle Hair System"}]},"geo.placename":"Milano","geo.position":{"lat":"45.5086608","long":"9.2005743"},"geo.region":"Italy"},"_links":{"self":[{"href":"https:\/\/www.newfreestyle.it\/en\/wp-json\/wp\/v2\/posts\/49626","targetHints":{"allow":["GET"]}}],"collection":[{"href":"https:\/\/www.newfreestyle.it\/en\/wp-json\/wp\/v2\/posts"}],"about":[{"href":"https:\/\/www.newfreestyle.it\/en\/wp-json\/wp\/v2\/types\/post"}],"author":[{"embeddable":true,"href":"https:\/\/www.newfreestyle.it\/en\/wp-json\/wp\/v2\/users\/74"}],"replies":[{"embeddable":true,"href":"https:\/\/www.newfreestyle.it\/en\/wp-json\/wp\/v2\/comments?post=49626"}],"version-history":[{"count":5,"href":"https:\/\/www.newfreestyle.it\/en\/wp-json\/wp\/v2\/posts\/49626\/revisions"}],"predecessor-version":[{"id":49872,"href":"https:\/\/www.newfreestyle.it\/en\/wp-json\/wp\/v2\/posts\/49626\/revisions\/49872"}],"wp:featuredmedia":[{"embeddable":true,"href":"https:\/\/www.newfreestyle.it\/en\/wp-json\/wp\/v2\/media\/49610"}],"wp:attachment":[{"href":"https:\/\/www.newfreestyle.it\/en\/wp-json\/wp\/v2\/media?parent=49626"}],"wp:term":[{"taxonomy":"category","embeddable":true,"href":"https:\/\/www.newfreestyle.it\/en\/wp-json\/wp\/v2\/categories?post=49626"},{"taxonomy":"post_tag","embeddable":true,"href":"https:\/\/www.newfreestyle.it\/en\/wp-json\/wp\/v2\/tags?post=49626"}],"curies":[{"name":"wp","href":"https:\/\/api.w.org\/{rel}","templated":true}]}}