
{"id":49625,"date":"2024-08-31T17:41:12","date_gmt":"2024-08-31T15:41:12","guid":{"rendered":"https:\/\/www.newfreestyle.it\/?p=49625"},"modified":"2026-05-18T18:57:08","modified_gmt":"2026-05-18T16:57:08","slug":"customised-balding-solutions-complete-guide","status":"publish","type":"post","link":"https:\/\/www.newfreestyle.it\/en\/customised-balding-solutions-complete-guide\/","title":{"rendered":"Customised Solutions for Baldness - Complete Guide"},"content":{"rendered":"<p>Quando la stempiatura inizia a cambiare il modo in cui ci si guarda allo specchio, la scelta non riguarda solo l&#8217;estetica. C&#8217;entra la praticit\u00e0 del mattino, la sicurezza con cui ci si presenta al lavoro, il desiderio di tornare a riconoscersi senza dover inseguire una trasformazione forzata. Le <strong>soluzioni personalizzate per la calvizie<\/strong> nascono proprio qui: non da un modello standard, ma da esigenze diverse per et\u00e0, stile di vita, abitudini e risultato atteso.<\/p>\n<p>C&#8217;\u00e8 chi cerca una copertura discreta per aree localizzate, chi vuole un effetto ordinato ogni giorno senza dedicare troppo tempo alla gestione, chi invece preferisce valutare materiali, fissaggio e manutenzione con calma prima di prendere una decisione. In tutti questi casi, il punto non \u00e8 trovare &#8220;la&#8221; risposta valida per tutti, ma capire quale approccio sia coerente con il proprio cuoio capelluto, con la routine quotidiana e con l&#8217;immagine che si vuole mantenere.<\/p>\n<h2>Soluzioni personalizzate per la calvizie: da dove si parte davvero<\/h2>\n<p>La personalizzazione comincia da un&#8217;osservazione semplice: <strong>non tutte le calvizie hanno lo stesso andamento<\/strong>. Cambiano l&#8217;estensione dell&#8217;area da coprire, la densit\u00e0 dei capelli residui, la sensibilit\u00e0 della cute e il livello di naturalezza richiesto. Anche due persone con una perdita simile possono aver bisogno di opzioni molto diverse.<\/p>\n<p>Un primo criterio utile \u00e8 distinguere tra chi desidera un intervento visivamente impercettibile e chi mette al primo posto la gestione pratica. Nel primo caso si tende a valutare con attenzione base, integrazione con i capelli esistenti e linea frontale. Nel secondo, pesano di pi\u00f9 tempi di applicazione, manutenzione e stabilit\u00e0 durante la giornata.<\/p>\n<p>Prima di orientarsi, conviene porsi alcune domande concrete:<\/p>\n<ul>\n<li>La perdita interessa una zona limitata o un&#8217;area pi\u00f9 ampia?<\/li>\n<li>Si portano capelli molto corti, medi o pi\u00f9 lunghi?<\/li>\n<li>La cute tende a irritarsi facilmente?<\/li>\n<li>Si pratica sport o si vive in ambienti caldi e umidi?<\/li>\n<li>Si preferisce una gestione autonoma o un supporto pi\u00f9 guidato?<\/li>\n<\/ul>\n<p>Queste valutazioni evitano un errore frequente: scegliere in base all&#8217;effetto visto in foto, senza considerare <strong>compatibilit\u00e0 e uso reale<\/strong>. Un risultato che appare convincente in teoria pu\u00f2 diventare poco pratico se non si adatta alle abitudini quotidiane.<\/p>\n<h2>Capire il tipo di calvizie aiuta a scegliere la protesi capelli giusta<\/h2>\n<p>Parlare di calvizie in modo generico \u00e8 spesso riduttivo. C&#8217;\u00e8 una differenza importante tra un arretramento frontale, un diradamento sul vertex e una perdita pi\u00f9 estesa sulla parte superiore della testa. Ogni configurazione modifica il modo in cui una protesi capelli si integra con i capelli naturali ancora presenti.<\/p>\n<p>Per esempio, quando la zona da coprire \u00e8 contenuta, la transizione con i capelli esistenti richiede precisione soprattutto nei bordi e nella densit\u00e0. Se invece l&#8217;area \u00e8 pi\u00f9 ampia, diventa ancora pi\u00f9 rilevante il bilanciamento tra copertura, comfort e facilit\u00e0 di manutenzione. Chi ha capelli residui sottili o fragili dovrebbe inoltre valutare con attenzione i sistemi di fissaggio pi\u00f9 adatti alla propria situazione.<\/p>\n<p>Un altro aspetto pratico riguarda la <strong>progressione della perdita<\/strong>. Se il diradamento \u00e8 ancora in evoluzione, pu\u00f2 essere utile orientarsi verso una configurazione che consenta adattamenti nel tempo, invece di inseguire un risultato troppo rigido. In questi casi \u00e8 sensato approfondire anche i temi legati alla <a href=\"[LINK:URL]\">manutenzione delle protesi capelli<\/a> e alla gestione ordinaria, perch\u00e9 la resa nel tempo dipende molto da come il sistema viene usato e curato.<\/p>\n<h2>Materiali della base e comfort quotidiano: cosa valutare senza fermarsi all&#8217;estetica<\/h2>\n<p>Uno degli elementi pi\u00f9 sottovalutati \u00e8 la base. Eppure \u00e8 proprio qui che si gioca gran parte dell&#8217;esperienza d&#8217;uso. Una base pu\u00f2 risultare pi\u00f9 adatta a chi privilegia leggerezza e naturalezza visiva, mentre un&#8217;altra pu\u00f2 offrire una sensazione diversa in termini di struttura e gestione. La scelta andrebbe fatta considerando <strong>cute, clima, frequenza di utilizzo e manualit\u00e0 personale<\/strong>.<\/p>\n<p>Chi ha una cute sensibile, ad esempio, dovrebbe prestare attenzione non solo all&#8217;effetto finale ma anche a come la pelle reagisce durante le ore di utilizzo. In presenza di dubbi su materiali o caratteristiche specifiche, il criterio corretto \u00e8 semplice: <strong>verifica nella scheda prodotto<\/strong>. \u00c8 un passaggio utile anche per capire compatibilit\u00e0, indicazioni d&#8217;uso e manutenzione consigliata.<\/p>\n<p>Conta molto anche il contesto di vita. Una persona che trascorre molte ore fuori casa, si allena spesso o suda facilmente pu\u00f2 avere esigenze diverse rispetto a chi lavora in ambienti controllati e desidera soprattutto una resa estetica molto discreta. In questi casi il comfort non \u00e8 un concetto astratto: significa evitare fastidi, ridurre i tempi di gestione e mantenere una buona sensazione di stabilit\u00e0 durante la giornata.<\/p>\n<h3>Quando la traspirabilit\u00e0 diventa un criterio reale<\/h3>\n<p>La traspirabilit\u00e0 interessa soprattutto chi vive la protesi per molte ore consecutive. Non \u00e8 un dettaglio secondario per chi porta coperture quotidiane, specialmente nei mesi pi\u00f9 caldi o durante attivit\u00e0 dinamiche. Se la cute tende a produrre pi\u00f9 sebo o a reagire con facilit\u00e0, \u00e8 utile non scegliere solo in base all&#8217;impatto visivo iniziale.<\/p>\n<p>Un consiglio pratico: se in passato alcuni sistemi sono risultati pesanti o poco confortevoli, conviene annotare quando si presentava il disagio. Durante lo sport? A fine giornata? Dopo il fissaggio? Questo tipo di osservazione aiuta molto pi\u00f9 di una preferenza generica sul &#8220;look naturale&#8221;.<\/p>\n<h2>Densit\u00e0, colore e linea frontale: i dettagli che rendono credibile il risultato<\/h2>\n<p>La naturalezza non dipende da un singolo elemento. Nasce dall&#8217;equilibrio tra densit\u00e0, direzione dei capelli, colore e modo in cui la protesi si inserisce nel profilo del volto. Un errore comune \u00e8 pensare che una copertura pi\u00f9 piena dia sempre un risultato migliore. In realt\u00e0, <strong>una densit\u00e0 coerente con et\u00e0, lineamenti e capelli residui<\/strong> tende a risultare pi\u00f9 credibile di un effetto troppo compatto.<\/p>\n<p>Anche il colore va letto nel modo giusto. Non conta solo la tinta generale, ma la sua relazione con i capelli presenti, con la barba se c&#8217;\u00e8, con il tono della pelle e con la luce in cui ci si vede pi\u00f9 spesso. Una tonalit\u00e0 apparentemente corretta in interno pu\u00f2 cambiare percezione all&#8217;aperto. Per questo, quando possibile, \u00e8 utile ragionare su campioni, foto realistiche e confronto con i propri capelli naturali.<\/p>\n<p>La linea frontale merita un discorso a parte. Chi porta i capelli all&#8217;indietro o con styling aperto sulla fronte ha bisogno di una definizione molto curata. Chi invece preferisce un taglio con frangia o con copertura frontale pu\u00f2 avere margini diversi. Non esiste una regola unica: il punto \u00e8 allineare la scelta al modo in cui si portano davvero i capelli, non a uno styling occasionale.<\/p>\n<p>Per orientarsi meglio tra resa estetica e gestione, pu\u00f2 essere utile consultare anche contenuti dedicati alla <a href=\"[LINK:URL]\">scelta della base per protesi capelli<\/a> o ai criteri di integrazione con il proprio taglio abituale.<\/p>\n<h2>Fissaggio della protesi capelli: adesivi, tape e gestione pratica<\/h2>\n<p>Il fissaggio \u00e8 uno dei passaggi in cui la personalizzazione diventa concreta. Non basta sapere che esistono pi\u00f9 sistemi: bisogna capire quale si adatta alla propria cute, al ritmo di manutenzione e al livello di tenuta desiderato. C&#8217;\u00e8 chi preferisce una routine pi\u00f9 rapida e chi accetta una gestione pi\u00f9 accurata pur di ottenere una certa resa in aree specifiche.<\/p>\n<p>La scelta tra adesivi liquidi, tape o combinazioni miste non andrebbe fatta per imitazione. Se la cute \u00e8 delicata, se si suda molto o se si cerca una rimozione pi\u00f9 semplice, il comportamento del fissaggio pu\u00f2 cambiare in modo sensibile. Anche qui il criterio migliore \u00e8 pratico: osservare come la pelle reagisce, quanto tempo si \u00e8 disposti a dedicare alla manutenzione e quanto conta per s\u00e9 la precisione del front.<\/p>\n<p>Chi \u00e8 alle prime esperienze tende spesso a sottovalutare due aspetti:<\/p>\n<ul>\n<li>la preparazione corretta della cute prima dell&#8217;applicazione;<\/li>\n<li>la pulizia regolare dei residui per mantenere comfort e tenuta.<\/li>\n<\/ul>\n<p>Una routine ordinata riduce gli inconvenienti pi\u00f9 comuni e rende l&#8217;utilizzo pi\u00f9 prevedibile. Per approfondire questi passaggi, pu\u00f2 essere utile consultare una pagina dedicata a <a href=\"[LINK:URL]\">adesivi e tape per protesi capelli<\/a>, cos\u00ec da confrontare le opzioni disponibili in base alle proprie abitudini.<\/p>\n<h2>Taglio, integrazione e manutenzione: la differenza si vede dopo i primi giorni<\/h2>\n<p>Molte scelte sembrano corrette appena applicate, ma mostrano i loro limiti dopo una settimana di uso normale. \u00c8 qui che entrano in gioco taglio, integrazione e manutenzione. Una protesi ben scelta ma tagliata senza considerare il movimento dei capelli naturali pu\u00f2 apparire meno armoniosa del previsto. Allo stesso modo, una buona base gestita con poca costanza perde rapidamente ordine e comfort.<\/p>\n<p>Il taglio dovrebbe seguire il proprio stile, ma anche rispettare il comportamento reale del sistema. Se si desiderano capelli molto corti o pettinature che espongono determinate aree, serve una valutazione coerente con la struttura scelta. Chi invece preferisce lunghezze medie o styling pi\u00f9 morbidi pu\u00f2 puntare su un&#8217;integrazione meno esposta e spesso pi\u00f9 semplice da mantenere.<\/p>\n<p>Dal punto di vista pratico, conviene definire fin dall&#8217;inizio:<\/p>\n<ul>\n<li>quanto spesso si \u00e8 disposti a fare manutenzione;<\/li>\n<li>se si preferisce una gestione autonoma o assistita;<\/li>\n<li>quali prodotti di pulizia e cura sono compatibili con il sistema scelto.<\/li>\n<\/ul>\n<p>Una buona abitudine \u00e8 costruire una routine minima, sostenibile nel tempo. Non serve complicare tutto: serve continuit\u00e0. Anche per questo molte persone trovano utile approfondire il tema dei <a href=\"[LINK:URL]\">prodotti per la cura della protesi capelli<\/a>, cos\u00ec da evitare trattamenti improvvisati o poco adatti.<\/p>\n<h2>Quando una soluzione personalizzata \u00e8 davvero adatta al proprio stile di vita<\/h2>\n<p>La domanda giusta non \u00e8 solo &#8220;come apparir\u00e0?&#8221;, ma anche &#8220;come si inserir\u00e0 nelle mie giornate?&#8221;. Una persona che viaggia spesso, fa sport, indossa caschi o trascorre molto tempo all&#8217;aperto ha esigenze pratiche diverse rispetto a chi cerca soprattutto ordine visivo in contesti professionali. La personalizzazione funziona quando il risultato \u00e8 sostenibile, non quando richiede attenzioni incompatibili con la routine.<\/p>\n<p>Per questo vale la pena valutare alcuni scenari concreti:<\/p>\n<ul>\n<li>quanto spesso si lava il cuoio capelluto;<\/li>\n<li>se si usano prodotti styling ogni giorno;<\/li>\n<li>se si ha tempo per controlli e ritocchi regolari;<\/li>\n<li>quanto \u00e8 importante poter gestire tutto in autonomia.<\/li>\n<\/ul>\n<p>Chi desidera un&#8217;immagine molto curata ma non ama le procedure lunghe dovrebbe privilegiare configurazioni pi\u00f9 semplici da mantenere. Chi invece accetta una routine pi\u00f9 precisa pu\u00f2 valutare scelte pi\u00f9 orientate al dettaglio estetico. Non c&#8217;\u00e8 una gerarchia tra queste preferenze: c&#8217;\u00e8 solo una maggiore o minore aderenza alla vita reale.<\/p>\n<p>Un altro criterio utile riguarda le aspettative. Le <strong>soluzioni personalizzate per la calvizie<\/strong> danno il meglio quando si cerca un risultato credibile, armonico e coerente con il proprio volto. Se invece si punta a cambiare completamente immagine in modo poco realistico, il rischio di percepire il risultato come estraneo aumenta.<\/p>\n<h2>Errori frequenti nella scelta di una soluzione per calvizie<\/h2>\n<p>Molti problemi nascono non dalla qualit\u00e0 del sistema, ma da una valutazione iniziale affrettata. Alcuni errori ricorrono spesso e vale la pena riconoscerli prima.<\/p>\n<ul>\n<li><strong>Scegliere solo in base alle foto<\/strong>: immagini e risultati altrui non tengono conto della propria cute, del taglio e della densit\u00e0 dei capelli residui.<\/li>\n<li><strong>Volere troppa densit\u00e0<\/strong>: un effetto eccessivamente pieno pu\u00f2 risultare meno credibile di una copertura pi\u00f9 equilibrata.<\/li>\n<li><strong>Trascurare la manutenzione<\/strong>: anche una buona scelta perde efficacia se non viene gestita con regolarit\u00e0.<\/li>\n<li><strong>Ignorare la sensibilit\u00e0 della pelle<\/strong>: comfort e tollerabilit\u00e0 vanno considerati prima, non dopo i primi fastidi.<\/li>\n<li><strong>Non allineare la scelta allo styling reale<\/strong>: front scoperto, capelli corti o pettinature strutturate richiedono valutazioni specifiche.<\/li>\n<\/ul>\n<p>Se si \u00e8 indecisi tra pi\u00f9 opzioni, spesso conviene partire dal criterio pi\u00f9 concreto: <strong>quanto sar\u00e0 semplice portarla bene nella vita di tutti i giorni<\/strong>. Da l\u00ec, il resto delle scelte diventa pi\u00f9 chiaro.<\/p>\n<h2>Link utili per orientarsi tra protesi capelli e accessori<\/h2>\n<p>Quando si valuta una soluzione personalizzata, \u00e8 utile avere una visione d&#8217;insieme. Oltre alla protesi in s\u00e9, contano accessori, prodotti di cura e indicazioni pratiche per l&#8217;applicazione. Per questo pu\u00f2 essere sensato consultare anche una selezione di <a href=\"[LINK:URL]\">accessori per protesi capelli<\/a> e materiali dedicati alla gestione ordinaria, cos\u00ec da costruire una routine coerente fin dall&#8217;inizio.<\/p>\n<p>Se hai gi\u00e0 un&#8217;idea del risultato che cerchi ma vuoi capire quale categoria o quale brand sia pi\u00f9 adatto alle tue abitudini, puoi partire dall&#8217;esplorazione delle linee disponibili e confrontare le caratteristiche essenziali con calma. Un orientamento ragionato, basato su uso reale e comfort, aiuta a scegliere con pi\u00f9 lucidit\u00e0.<\/p>\n<p><!--W4Y_BF_SUGGESTED_PRODUCTS--><\/p>\n[w4y_bf_related_posts post_id=&#8221;49625&#8243;]\n<hr \/>\n<h2>FAQ<\/h2>\n<div class=\"w4y-faq\">\n<h3>Come si sceglie una soluzione personalizzata per la calvizie?<\/h3>\n<p>Si parte da area da coprire, capelli residui, sensibilit\u00e0 della cute, stile di vita e risultato desiderato. La scelta corretta non dipende solo dall&#8217;estetica, ma anche da comfort, fissaggio e manutenzione.<\/p>\n<h3>Una protesi capelli \u00e8 adatta anche a chi ha diradamento parziale?<\/h3>\n<p>S\u00ec, spesso \u00e8 proprio nei diradamenti localizzati che la personalizzazione conta di pi\u00f9. In questi casi bisogna valutare bene densit\u00e0, integrazione con i capelli naturali e linea frontale.<\/p>\n<h3>Qual \u00e8 il criterio pi\u00f9 utile tra naturalezza e praticit\u00e0?<\/h3>\n<p>Dipende dalla routine quotidiana. Chi cerca una gestione semplice dovrebbe dare priorit\u00e0 a comfort e manutenzione sostenibile; chi porta styling pi\u00f9 esposti deve considerare con attenzione front, densit\u00e0 e resa visiva.<\/p>\n<h3>Come capire se un sistema di fissaggio \u00e8 adatto alla propria cute?<\/h3>\n<p>Occorre considerare sensibilit\u00e0 della pelle, sudorazione, frequenza di manutenzione e facilit\u00e0 di rimozione desiderata. Se hai dubbi su compatibilit\u00e0 o caratteristiche, verifica nella scheda prodotto.<\/p>\n<h3>La densit\u00e0 alta rende sempre il risultato migliore?<\/h3>\n<p>No. Una densit\u00e0 troppo piena pu\u00f2 apparire meno credibile rispetto a una scelta pi\u00f9 equilibrata e coerente con et\u00e0, lineamenti e capelli residui.<\/p>\n<\/div>\n<p><script type=\"application\/ld+json\">{\"@context\":\"https:\/\/schema.org\",\"@type\":\"FAQPage\",\"mainEntity\":[{\"@type\":\"Question\",\"name\":\"Come si sceglie una soluzione personalizzata per la calvizie?\",\"acceptedAnswer\":{\"@type\":\"Answer\",\"text\":\"Si parte da area da coprire, capelli residui, sensibilit\u00e0 della cute, stile di vita e risultato desiderato. La scelta corretta non dipende solo dall'estetica, ma anche da comfort, fissaggio e manutenzione.\"}},{\"@type\":\"Question\",\"name\":\"Una protesi capelli \u00e8 adatta anche a chi ha diradamento parziale?\",\"acceptedAnswer\":{\"@type\":\"Answer\",\"text\":\"S\u00ec, spesso \u00e8 proprio nei diradamenti localizzati che la personalizzazione conta di pi\u00f9. In questi casi bisogna valutare bene densit\u00e0, integrazione con i capelli naturali e linea frontale.\"}},{\"@type\":\"Question\",\"name\":\"Qual \u00e8 il criterio pi\u00f9 utile tra naturalezza e praticit\u00e0?\",\"acceptedAnswer\":{\"@type\":\"Answer\",\"text\":\"Dipende dalla routine quotidiana. Chi cerca una gestione semplice dovrebbe dare priorit\u00e0 a comfort e manutenzione sostenibile; chi porta styling pi\u00f9 esposti deve considerare con attenzione front, densit\u00e0 e resa visiva.\"}},{\"@type\":\"Question\",\"name\":\"Come capire se un sistema di fissaggio \u00e8 adatto alla propria cute?\",\"acceptedAnswer\":{\"@type\":\"Answer\",\"text\":\"Occorre considerare sensibilit\u00e0 della pelle, sudorazione, frequenza di manutenzione e facilit\u00e0 di rimozione desiderata. Se hai dubbi su compatibilit\u00e0 o caratteristiche, verifica nella scheda prodotto.\"}},{\"@type\":\"Question\",\"name\":\"La densit\u00e0 alta rende sempre il risultato migliore?\",\"acceptedAnswer\":{\"@type\":\"Answer\",\"text\":\"No. Una densit\u00e0 troppo piena pu\u00f2 apparire meno credibile rispetto a una scelta pi\u00f9 equilibrata e coerente con et\u00e0, lineamenti e capelli residui.\"}}]}<\/script><\/p>\n","protected":false},"excerpt":{"rendered":"<p>Quando la stempiatura inizia a cambiare il modo in cui ci si guarda allo specchio, la scelta non riguarda solo l&#8217;estetica. C&#8217;entra la praticit\u00e0 del mattino, la sicurezza con cui ci si presenta al lavoro, il desiderio di tornare a riconoscersi senza dover inseguire una trasformazione forzata. Le soluzioni personalizzate per la calvizie nascono proprio [&hellip;]<\/p>\n","protected":false},"author":74,"featured_media":49620,"comment_status":"open","ping_status":"open","sticky":false,"template":"","format":"standard","meta":{"_acf_changed":false,"_monsterinsights_skip_tracking":false,"footnotes":""},"categories":[80],"tags":[320,321,319],"class_list":["post-49625","post","type-post","status-publish","format-standard","has-post-thumbnail","hentry","category-consigli","tag-calvizie","tag-guida","tag-soluzioni"],"acf":[],"yoast_head":"<!-- This site is optimized with the Yoast SEO Premium plugin v26.1 (Yoast SEO v26.1.1) - https:\/\/yoast.com\/wordpress\/plugins\/seo\/ -->\n<title>Soluzioni Personalizzate per la Calvizie | Newfreestyle<\/title>\n<meta name=\"description\" content=\"Come scegliere soluzioni personalizzate per la calvizie in base a stile di vita, comfort, fissaggio e naturalezza del risultato.\" \/>\n<meta name=\"robots\" content=\"index, follow, max-snippet:-1, max-image-preview:large, max-video-preview:-1\" \/>\n<link rel=\"canonical\" href=\"https:\/\/www.newfreestyle.it\/en\/customised-balding-solutions-complete-guide\/\" \/>\n<meta property=\"og:locale\" content=\"en_GB\" \/>\n<meta property=\"og:type\" content=\"article\" \/>\n<meta property=\"og:title\" content=\"Soluzioni Personalizzate per la Calvizie - Guida Completa\" \/>\n<meta property=\"og:description\" content=\"Come scegliere soluzioni personalizzate per la calvizie in base a stile di vita, comfort, fissaggio e naturalezza del risultato.\" \/>\n<meta property=\"og:url\" content=\"https:\/\/www.newfreestyle.it\/en\/customised-balding-solutions-complete-guide\/\" \/>\n<meta property=\"og:site_name\" content=\"Newfreestyle Hair System\" \/>\n<meta property=\"article:publisher\" content=\"https:\/\/www.facebook.com\/newfreestyle.it\/\" \/>\n<meta property=\"article:published_time\" content=\"2024-08-31T15:41:12+00:00\" \/>\n<meta property=\"article:modified_time\" content=\"2026-05-18T16:57:08+00:00\" \/>\n<meta property=\"og:image\" content=\"https:\/\/www.newfreestyle.it\/wp-content\/uploads\/2025\/08\/uomo-che-si-sottopone-un-trattamento-per-la-caduta-dei-capelli-scaled.jpg\" \/>\n\t<meta property=\"og:image:width\" content=\"2560\" \/>\n\t<meta property=\"og:image:height\" content=\"1707\" \/>\n\t<meta property=\"og:image:type\" content=\"image\/jpeg\" \/>\n<meta name=\"author\" content=\"Newfreestyle Hair System\" \/>\n<meta name=\"twitter:card\" content=\"summary_large_image\" \/>\n<meta name=\"twitter:label1\" content=\"Written by\" \/>\n\t<meta name=\"twitter:data1\" content=\"Newfreestyle Hair System\" \/>\n\t<meta name=\"twitter:label2\" content=\"Estimated reading time\" \/>\n\t<meta name=\"twitter:data2\" content=\"12 minutes\" \/>\n<script type=\"application\/ld+json\" class=\"yoast-schema-graph\">{\"@context\":\"https:\/\/schema.org\",\"@graph\":[{\"@type\":\"Article\",\"@id\":\"https:\/\/www.newfreestyle.it\/soluzioni-personalizzate-calvizie-guida-completa\/#article\",\"isPartOf\":{\"@id\":\"https:\/\/www.newfreestyle.it\/soluzioni-personalizzate-calvizie-guida-completa\/\"},\"author\":{\"name\":\"Newfreestyle Hair System\",\"@id\":\"https:\/\/www.newfreestyle.it\/en\/#\/schema\/person\/753bd59851e950a1673a83530fb635e2\"},\"headline\":\"Soluzioni Personalizzate per la Calvizie &#8211; Guida Completa\",\"datePublished\":\"2024-08-31T15:41:12+00:00\",\"dateModified\":\"2026-05-18T16:57:08+00:00\",\"mainEntityOfPage\":{\"@id\":\"https:\/\/www.newfreestyle.it\/soluzioni-personalizzate-calvizie-guida-completa\/\"},\"wordCount\":2186,\"commentCount\":0,\"publisher\":{\"@id\":\"https:\/\/www.newfreestyle.it\/en\/#organization\"},\"image\":{\"@id\":\"https:\/\/www.newfreestyle.it\/soluzioni-personalizzate-calvizie-guida-completa\/#primaryimage\"},\"thumbnailUrl\":\"https:\/\/www.newfreestyle.it\/wp-content\/uploads\/2025\/08\/uomo-che-si-sottopone-un-trattamento-per-la-caduta-dei-capelli-scaled.jpg\",\"keywords\":[\"Calvizie\",\"Guida\",\"Soluzioni\"],\"articleSection\":[\"Consigli\"],\"inLanguage\":\"en-GB\",\"potentialAction\":[{\"@type\":\"CommentAction\",\"name\":\"Comment\",\"target\":[\"https:\/\/www.newfreestyle.it\/soluzioni-personalizzate-calvizie-guida-completa\/#respond\"]}]},{\"@type\":\"WebPage\",\"@id\":\"https:\/\/www.newfreestyle.it\/soluzioni-personalizzate-calvizie-guida-completa\/\",\"url\":\"https:\/\/www.newfreestyle.it\/soluzioni-personalizzate-calvizie-guida-completa\/\",\"name\":\"Soluzioni Personalizzate per la Calvizie | Newfreestyle\",\"isPartOf\":{\"@id\":\"https:\/\/www.newfreestyle.it\/en\/#website\"},\"primaryImageOfPage\":{\"@id\":\"https:\/\/www.newfreestyle.it\/soluzioni-personalizzate-calvizie-guida-completa\/#primaryimage\"},\"image\":{\"@id\":\"https:\/\/www.newfreestyle.it\/soluzioni-personalizzate-calvizie-guida-completa\/#primaryimage\"},\"thumbnailUrl\":\"https:\/\/www.newfreestyle.it\/wp-content\/uploads\/2025\/08\/uomo-che-si-sottopone-un-trattamento-per-la-caduta-dei-capelli-scaled.jpg\",\"datePublished\":\"2024-08-31T15:41:12+00:00\",\"dateModified\":\"2026-05-18T16:57:08+00:00\",\"description\":\"Come scegliere soluzioni personalizzate per la calvizie in base a stile di vita, comfort, fissaggio e naturalezza del risultato.\",\"breadcrumb\":{\"@id\":\"https:\/\/www.newfreestyle.it\/soluzioni-personalizzate-calvizie-guida-completa\/#breadcrumb\"},\"inLanguage\":\"en-GB\",\"potentialAction\":[{\"@type\":\"ReadAction\",\"target\":[\"https:\/\/www.newfreestyle.it\/soluzioni-personalizzate-calvizie-guida-completa\/\"]}]},{\"@type\":\"ImageObject\",\"inLanguage\":\"en-GB\",\"@id\":\"https:\/\/www.newfreestyle.it\/soluzioni-personalizzate-calvizie-guida-completa\/#primaryimage\",\"url\":\"https:\/\/www.newfreestyle.it\/wp-content\/uploads\/2025\/08\/uomo-che-si-sottopone-un-trattamento-per-la-caduta-dei-capelli-scaled.jpg\",\"contentUrl\":\"https:\/\/www.newfreestyle.it\/wp-content\/uploads\/2025\/08\/uomo-che-si-sottopone-un-trattamento-per-la-caduta-dei-capelli-scaled.jpg\",\"width\":2560,\"height\":1707,\"caption\":\"calvizie\"},{\"@type\":\"BreadcrumbList\",\"@id\":\"https:\/\/www.newfreestyle.it\/soluzioni-personalizzate-calvizie-guida-completa\/#breadcrumb\",\"itemListElement\":[{\"@type\":\"ListItem\",\"position\":1,\"name\":\"Home\",\"item\":\"https:\/\/www.newfreestyle.it\/\"},{\"@type\":\"ListItem\",\"position\":2,\"name\":\"Soluzioni Personalizzate per la Calvizie &#8211; Guida Completa\"}]},{\"@type\":\"WebSite\",\"@id\":\"https:\/\/www.newfreestyle.it\/en\/#website\",\"url\":\"https:\/\/www.newfreestyle.it\/en\/\",\"name\":\"Protesi Capelli Uomo Impianti Capillari\",\"description\":\"Risolviamo ogni tipologia di Calvizie mediante l\u2019ausilio di protesi capillari non chirurgiche anche chiamata patch cutaneo.\",\"publisher\":{\"@id\":\"https:\/\/www.newfreestyle.it\/en\/#organization\"},\"potentialAction\":[{\"@type\":\"SearchAction\",\"target\":{\"@type\":\"EntryPoint\",\"urlTemplate\":\"https:\/\/www.newfreestyle.it\/en\/?s={search_term_string}\"},\"query-input\":{\"@type\":\"PropertyValueSpecification\",\"valueRequired\":true,\"valueName\":\"search_term_string\"}}],\"inLanguage\":\"en-GB\"},{\"@type\":[\"Organization\",\"Place\"],\"@id\":\"https:\/\/www.newfreestyle.it\/en\/#organization\",\"name\":\"Newfreestyle Hair System\",\"alternateName\":\"Protesi Capelli Uomo Personalizzate\",\"url\":\"https:\/\/www.newfreestyle.it\/en\/\",\"logo\":{\"@id\":\"https:\/\/www.newfreestyle.it\/soluzioni-personalizzate-calvizie-guida-completa\/#local-main-organization-logo\"},\"image\":{\"@id\":\"https:\/\/www.newfreestyle.it\/soluzioni-personalizzate-calvizie-guida-completa\/#local-main-organization-logo\"},\"sameAs\":[\"https:\/\/www.facebook.com\/newfreestyle.it\/\",\"https:\/\/www.instagram.com\/newfreestyle_hairsystem\/\"],\"address\":{\"@id\":\"https:\/\/www.newfreestyle.it\/soluzioni-personalizzate-calvizie-guida-completa\/#local-main-place-address\"},\"geo\":{\"@type\":\"GeoCoordinates\",\"latitude\":\"45.5086608\",\"longitude\":\"9.2005743\"},\"telephone\":[\"3297256048\"],\"openingHoursSpecification\":[{\"@type\":\"OpeningHoursSpecification\",\"dayOfWeek\":[\"Monday\",\"Tuesday\",\"Wednesday\",\"Thursday\",\"Friday\",\"Saturday\"],\"opens\":\"09:00\",\"closes\":\"19:00\"},{\"@type\":\"OpeningHoursSpecification\",\"dayOfWeek\":[\"Sunday\"],\"opens\":\"00:00\",\"closes\":\"00:00\"}],\"email\":\"direzione@newfreestyle.it\",\"vatID\":\"IT11145080963\",\"taxID\":\"SCIMST69H67I690R\"},{\"@type\":\"Person\",\"@id\":\"https:\/\/www.newfreestyle.it\/en\/#\/schema\/person\/753bd59851e950a1673a83530fb635e2\",\"name\":\"Newfreestyle Hair System\",\"url\":\"https:\/\/www.newfreestyle.it\/en\/author\/newfreestyle-hair-system\/\"},{\"@type\":\"PostalAddress\",\"@id\":\"https:\/\/www.newfreestyle.it\/soluzioni-personalizzate-calvizie-guida-completa\/#local-main-place-address\",\"streetAddress\":\"Via Cino da Pistoia, 18\",\"addressLocality\":\"Milano\",\"postalCode\":\"20162\",\"addressRegion\":\"MI\",\"addressCountry\":\"IT\"},{\"@type\":\"ImageObject\",\"inLanguage\":\"en-GB\",\"@id\":\"https:\/\/www.newfreestyle.it\/soluzioni-personalizzate-calvizie-guida-completa\/#local-main-organization-logo\",\"url\":\"https:\/\/www.newfreestyle.it\/wp-content\/uploads\/2023\/09\/cropped-newfreestyle-150x145-1.png\",\"contentUrl\":\"https:\/\/www.newfreestyle.it\/wp-content\/uploads\/2023\/09\/cropped-newfreestyle-150x145-1.png\",\"width\":512,\"height\":512,\"caption\":\"Newfreestyle Hair System\"}]}<\/script>\n<meta name=\"geo.placename\" content=\"Milano\" \/>\n<meta name=\"geo.position\" content=\"45.5086608;9.2005743\" \/>\n<meta name=\"geo.region\" content=\"Italy\" \/>\n<!-- \/ Yoast SEO Premium plugin. -->","yoast_head_json":{"title":"Personalized Solutions for Baldness | Newfreestyle","description":"How to choose personalized solutions for baldness based on lifestyle, comfort, fixation, and naturalness of the result.","robots":{"index":"index","follow":"follow","max-snippet":"max-snippet:-1","max-image-preview":"max-image-preview:large","max-video-preview":"max-video-preview:-1"},"canonical":"https:\/\/www.newfreestyle.it\/en\/customised-balding-solutions-complete-guide\/","og_locale":"en_GB","og_type":"article","og_title":"Soluzioni Personalizzate per la Calvizie - Guida Completa","og_description":"Come scegliere soluzioni personalizzate per la calvizie in base a stile di vita, comfort, fissaggio e naturalezza del risultato.","og_url":"https:\/\/www.newfreestyle.it\/en\/customised-balding-solutions-complete-guide\/","og_site_name":"Newfreestyle Hair System","article_publisher":"https:\/\/www.facebook.com\/newfreestyle.it\/","article_published_time":"2024-08-31T15:41:12+00:00","article_modified_time":"2026-05-18T16:57:08+00:00","og_image":[{"width":2560,"height":1707,"url":"https:\/\/www.newfreestyle.it\/wp-content\/uploads\/2025\/08\/uomo-che-si-sottopone-un-trattamento-per-la-caduta-dei-capelli-scaled.jpg","type":"image\/jpeg"}],"author":"Newfreestyle Hair System","twitter_card":"summary_large_image","twitter_misc":{"Written by":"Newfreestyle Hair System","Estimated reading time":"12 minutes"},"schema":{"@context":"https:\/\/schema.org","@graph":[{"@type":"Article","@id":"https:\/\/www.newfreestyle.it\/soluzioni-personalizzate-calvizie-guida-completa\/#article","isPartOf":{"@id":"https:\/\/www.newfreestyle.it\/soluzioni-personalizzate-calvizie-guida-completa\/"},"author":{"name":"Newfreestyle Hair System","@id":"https:\/\/www.newfreestyle.it\/en\/#\/schema\/person\/753bd59851e950a1673a83530fb635e2"},"headline":"Soluzioni Personalizzate per la Calvizie &#8211; Guida Completa","datePublished":"2024-08-31T15:41:12+00:00","dateModified":"2026-05-18T16:57:08+00:00","mainEntityOfPage":{"@id":"https:\/\/www.newfreestyle.it\/soluzioni-personalizzate-calvizie-guida-completa\/"},"wordCount":2186,"commentCount":0,"publisher":{"@id":"https:\/\/www.newfreestyle.it\/en\/#organization"},"image":{"@id":"https:\/\/www.newfreestyle.it\/soluzioni-personalizzate-calvizie-guida-completa\/#primaryimage"},"thumbnailUrl":"https:\/\/www.newfreestyle.it\/wp-content\/uploads\/2025\/08\/uomo-che-si-sottopone-un-trattamento-per-la-caduta-dei-capelli-scaled.jpg","keywords":["Calvizie","Guida","Soluzioni"],"articleSection":["Consigli"],"inLanguage":"en-GB","potentialAction":[{"@type":"CommentAction","name":"Comment","target":["https:\/\/www.newfreestyle.it\/soluzioni-personalizzate-calvizie-guida-completa\/#respond"]}]},{"@type":"WebPage","@id":"https:\/\/www.newfreestyle.it\/soluzioni-personalizzate-calvizie-guida-completa\/","url":"https:\/\/www.newfreestyle.it\/soluzioni-personalizzate-calvizie-guida-completa\/","name":"Personalized Solutions for Baldness | Newfreestyle","isPartOf":{"@id":"https:\/\/www.newfreestyle.it\/en\/#website"},"primaryImageOfPage":{"@id":"https:\/\/www.newfreestyle.it\/soluzioni-personalizzate-calvizie-guida-completa\/#primaryimage"},"image":{"@id":"https:\/\/www.newfreestyle.it\/soluzioni-personalizzate-calvizie-guida-completa\/#primaryimage"},"thumbnailUrl":"https:\/\/www.newfreestyle.it\/wp-content\/uploads\/2025\/08\/uomo-che-si-sottopone-un-trattamento-per-la-caduta-dei-capelli-scaled.jpg","datePublished":"2024-08-31T15:41:12+00:00","dateModified":"2026-05-18T16:57:08+00:00","description":"How to choose personalized solutions for baldness based on lifestyle, comfort, fixation, and naturalness of the result.","breadcrumb":{"@id":"https:\/\/www.newfreestyle.it\/soluzioni-personalizzate-calvizie-guida-completa\/#breadcrumb"},"inLanguage":"en-GB","potentialAction":[{"@type":"ReadAction","target":["https:\/\/www.newfreestyle.it\/soluzioni-personalizzate-calvizie-guida-completa\/"]}]},{"@type":"ImageObject","inLanguage":"en-GB","@id":"https:\/\/www.newfreestyle.it\/soluzioni-personalizzate-calvizie-guida-completa\/#primaryimage","url":"https:\/\/www.newfreestyle.it\/wp-content\/uploads\/2025\/08\/uomo-che-si-sottopone-un-trattamento-per-la-caduta-dei-capelli-scaled.jpg","contentUrl":"https:\/\/www.newfreestyle.it\/wp-content\/uploads\/2025\/08\/uomo-che-si-sottopone-un-trattamento-per-la-caduta-dei-capelli-scaled.jpg","width":2560,"height":1707,"caption":"calvizie"},{"@type":"BreadcrumbList","@id":"https:\/\/www.newfreestyle.it\/soluzioni-personalizzate-calvizie-guida-completa\/#breadcrumb","itemListElement":[{"@type":"ListItem","position":1,"name":"Home","item":"https:\/\/www.newfreestyle.it\/"},{"@type":"ListItem","position":2,"name":"Soluzioni Personalizzate per la Calvizie &#8211; Guida Completa"}]},{"@type":"WebSite","@id":"https:\/\/www.newfreestyle.it\/en\/#website","url":"https:\/\/www.newfreestyle.it\/en\/","name":"Men's Hair Implants Capillary Implants","description":"We solve all types of baldness with the help of non-surgical capillary implants also called skin patches.","publisher":{"@id":"https:\/\/www.newfreestyle.it\/en\/#organization"},"potentialAction":[{"@type":"SearchAction","target":{"@type":"EntryPoint","urlTemplate":"https:\/\/www.newfreestyle.it\/en\/?s={search_term_string}"},"query-input":{"@type":"PropertyValueSpecification","valueRequired":true,"valueName":"search_term_string"}}],"inLanguage":"en-GB"},{"@type":["Organization","Place"],"@id":"https:\/\/www.newfreestyle.it\/en\/#organization","name":"Newfreestyle Hair System","alternateName":"Protesi Capelli Uomo Personalizzate","url":"https:\/\/www.newfreestyle.it\/en\/","logo":{"@id":"https:\/\/www.newfreestyle.it\/soluzioni-personalizzate-calvizie-guida-completa\/#local-main-organization-logo"},"image":{"@id":"https:\/\/www.newfreestyle.it\/soluzioni-personalizzate-calvizie-guida-completa\/#local-main-organization-logo"},"sameAs":["https:\/\/www.facebook.com\/newfreestyle.it\/","https:\/\/www.instagram.com\/newfreestyle_hairsystem\/"],"address":{"@id":"https:\/\/www.newfreestyle.it\/soluzioni-personalizzate-calvizie-guida-completa\/#local-main-place-address"},"geo":{"@type":"GeoCoordinates","latitude":"45.5086608","longitude":"9.2005743"},"telephone":["3297256048"],"openingHoursSpecification":[{"@type":"OpeningHoursSpecification","dayOfWeek":["Monday","Tuesday","Wednesday","Thursday","Friday","Saturday"],"opens":"09:00","closes":"19:00"},{"@type":"OpeningHoursSpecification","dayOfWeek":["Sunday"],"opens":"00:00","closes":"00:00"}],"email":"direzione@newfreestyle.it","vatID":"IT11145080963","taxID":"SCIMST69H67I690R"},{"@type":"Person","@id":"https:\/\/www.newfreestyle.it\/en\/#\/schema\/person\/753bd59851e950a1673a83530fb635e2","name":"Newfreestyle Hair System","url":"https:\/\/www.newfreestyle.it\/en\/author\/newfreestyle-hair-system\/"},{"@type":"PostalAddress","@id":"https:\/\/www.newfreestyle.it\/soluzioni-personalizzate-calvizie-guida-completa\/#local-main-place-address","streetAddress":"Via Cino da Pistoia, 18","addressLocality":"Milano","postalCode":"20162","addressRegion":"MI","addressCountry":"IT"},{"@type":"ImageObject","inLanguage":"en-GB","@id":"https:\/\/www.newfreestyle.it\/soluzioni-personalizzate-calvizie-guida-completa\/#local-main-organization-logo","url":"https:\/\/www.newfreestyle.it\/wp-content\/uploads\/2023\/09\/cropped-newfreestyle-150x145-1.png","contentUrl":"https:\/\/www.newfreestyle.it\/wp-content\/uploads\/2023\/09\/cropped-newfreestyle-150x145-1.png","width":512,"height":512,"caption":"Newfreestyle Hair System"}]},"geo.placename":"Milano","geo.position":{"lat":"45.5086608","long":"9.2005743"},"geo.region":"Italy"},"_links":{"self":[{"href":"https:\/\/www.newfreestyle.it\/en\/wp-json\/wp\/v2\/posts\/49625","targetHints":{"allow":["GET"]}}],"collection":[{"href":"https:\/\/www.newfreestyle.it\/en\/wp-json\/wp\/v2\/posts"}],"about":[{"href":"https:\/\/www.newfreestyle.it\/en\/wp-json\/wp\/v2\/types\/post"}],"author":[{"embeddable":true,"href":"https:\/\/www.newfreestyle.it\/en\/wp-json\/wp\/v2\/users\/74"}],"replies":[{"embeddable":true,"href":"https:\/\/www.newfreestyle.it\/en\/wp-json\/wp\/v2\/comments?post=49625"}],"version-history":[{"count":3,"href":"https:\/\/www.newfreestyle.it\/en\/wp-json\/wp\/v2\/posts\/49625\/revisions"}],"predecessor-version":[{"id":50005,"href":"https:\/\/www.newfreestyle.it\/en\/wp-json\/wp\/v2\/posts\/49625\/revisions\/50005"}],"wp:featuredmedia":[{"embeddable":true,"href":"https:\/\/www.newfreestyle.it\/en\/wp-json\/wp\/v2\/media\/49620"}],"wp:attachment":[{"href":"https:\/\/www.newfreestyle.it\/en\/wp-json\/wp\/v2\/media?parent=49625"}],"wp:term":[{"taxonomy":"category","embeddable":true,"href":"https:\/\/www.newfreestyle.it\/en\/wp-json\/wp\/v2\/categories?post=49625"},{"taxonomy":"post_tag","embeddable":true,"href":"https:\/\/www.newfreestyle.it\/en\/wp-json\/wp\/v2\/tags?post=49625"}],"curies":[{"name":"wp","href":"https:\/\/api.w.org\/{rel}","templated":true}]}}