
{"id":48866,"date":"2024-12-01T12:46:34","date_gmt":"2024-12-01T10:46:34","guid":{"rendered":"https:\/\/www.newfreestyle.it\/?p=48866"},"modified":"2026-05-18T18:37:33","modified_gmt":"2026-05-18T16:37:33","slug":"skin-patches-for-baldness-everything-you-need-to-know","status":"publish","type":"post","link":"https:\/\/www.newfreestyle.it\/en\/skin-patches-for-baldness-everything-you-need-to-know\/","title":{"rendered":"Skin Patches for Baldness: All You Need to Know"},"content":{"rendered":"<p>Capita spesso di accorgersene davanti allo specchio, con una luce diversa dal solito o dopo un taglio di capelli troppo corto: la zona diradata sembra pi\u00f9 evidente, i contorni appaiono meno pieni e anche una pettinatura abituale smette di funzionare. In questi casi molte persone non cercano un cambiamento radicale, ma un modo discreto per recuperare copertura e naturalezza senza stravolgere la propria immagine. Le <strong>patch cutanee per calvizie<\/strong> nascono proprio in questo spazio pratico: non come gesto scenografico, ma come risposta concreta a un disagio quotidiano.<\/p>\n<p>Chi si avvicina a questa soluzione, per\u00f2, si trova subito davanti a dubbi molto reali: si vede da vicino? \u00c8 adatta a una stempiatura o solo a una chierica? Quanto conta la base? E soprattutto, come si capisce se una patch \u00e8 compatibile con il proprio stile di vita? La differenza tra un risultato credibile e uno poco convincente sta quasi sempre nella scelta iniziale e nelle aspettative corrette.<\/p>\n<h2>Patch cutanee per calvizie: cosa sono davvero e quando hanno senso<\/h2>\n<p>Con il termine patch cutanea si indica un <strong>sistema di integrazione capillare<\/strong> progettato per coprire aree specifiche del cuoio capelluto dove i capelli sono assenti o molto diradati. Non si tratta di una parrucca completa, ma di una protesi parziale pensata per integrarsi con i capelli naturali presenti ai lati o nelle zone circostanti.<\/p>\n<p>Questo dettaglio cambia molto l&#8217;esperienza d&#8217;uso. Una patch ben scelta non deve semplicemente coprire: deve <strong>fondersi con il taglio, con la densit\u00e0 residua e con il movimento dei capelli veri<\/strong>. Per questo \u00e8 spesso indicata quando la perdita interessa una zona delimitata, come la parte superiore della testa, il vertex o un&#8217;area frontale.<\/p>\n<p>Ha senso valutarla soprattutto in questi casi:<\/p>\n<ul>\n<li>diradamento localizzato e non uniforme;<\/li>\n<li>necessit\u00e0 di un effetto naturale senza intervenire sull&#8217;intera capigliatura;<\/li>\n<li>desiderio di gestire il problema in modo non invasivo;<\/li>\n<li>presenza di capelli laterali e posteriori abbastanza compatibili per colore e struttura.<\/li>\n<\/ul>\n<p>Quando invece la perdita \u00e8 molto estesa o i capelli residui sono troppo sottili per creare continuit\u00e0 visiva, la scelta va ponderata con pi\u00f9 attenzione. In questi casi conviene confrontare opzioni diverse e osservare bene il punto di raccordo tra capelli naturali e integrazione.<\/p>\n<h2>Come funziona una patch cutanea e da cosa dipende l&#8217;effetto naturale<\/h2>\n<p>Il principio \u00e8 semplice: una base sottile viene applicata sull&#8217;area da coprire e porta capelli che devono apparire coerenti con quelli gi\u00e0 presenti. Nella pratica, per\u00f2, il risultato dipende da una serie di elementi che lavorano insieme. Fermarsi solo al colore \u00e8 un errore comune.<\/p>\n<p>I fattori che incidono di pi\u00f9 sono:<\/p>\n<ul>\n<li><strong>forma della base<\/strong>, che deve seguire l&#8217;area reale da coprire senza invadere zone inutili;<\/li>\n<li><strong>tipo di attaccatura<\/strong>, importante soprattutto se la zona frontale resta visibile;<\/li>\n<li><strong>densit\u00e0 dei capelli<\/strong>, che va calibrata sul proprio aspetto e non scelta in modo astratto;<\/li>\n<li><strong>texture e direzione<\/strong>, cio\u00e8 il modo in cui il capello cade, si muove e si raccorda con i laterali;<\/li>\n<li><strong>metodo di fissaggio<\/strong>, da selezionare in base a pelle, abitudini e manutenzione prevista.<\/li>\n<\/ul>\n<p>Un criterio molto utile \u00e8 questo: se l&#8217;obiettivo \u00e8 passare inosservati, la patch non deve sembrare &#8220;pi\u00f9 bella&#8221; dei capelli naturali, ma <strong>credibile accanto ai capelli naturali<\/strong>. Una densit\u00e0 eccessiva, una linea frontale troppo netta o un colore apparentemente perfetto ma senza sfumature rischiano di attirare l&#8217;attenzione proprio perch\u00e9 troppo costruiti.<\/p>\n<p>Per orientarti tra basi, materiali e sistemi di applicazione pu\u00f2 essere utile leggere anche <a href=\"[LINK:URL]\">la panoramica sui sistemi di infoltimento<\/a> e <a href=\"[LINK:URL]\">i consigli sulla manutenzione quotidiana<\/a>, cos\u00ec da capire fin da subito quale livello di gestione sei disposto ad accettare.<\/p>\n<h2>Quale patch per calvizie scegliere in base alla zona da coprire<\/h2>\n<p>Non tutte le calvizie si presentano allo stesso modo, quindi non esiste una patch valida per ogni situazione. La zona interessata cambia il tipo di base da preferire, il disegno del perimetro e persino il taglio finale.<\/p>\n<h3>Patch per stempiatura e diradamento frontale<\/h3>\n<p>Quando il problema riguarda la parte anteriore, l&#8217;attenzione si concentra sull&#8217;<strong>attaccatura<\/strong>. Qui la naturalezza si gioca nei dettagli: il bordo deve risultare discreto, la densit\u00e0 non deve essere troppo piena e la direzione dei capelli deve seguire la pettinatura reale. Se porti spesso i capelli all&#8217;indietro o con fronte scoperta, verifica nella scheda prodotto se la base \u00e8 indicata per un front visibile.<\/p>\n<h3>Patch per chierica o vertex<\/h3>\n<p>Nel vertex il punto critico non \u00e8 solo la copertura, ma il <strong>verso del capello<\/strong>. Una zona vorticosa o con movimento circolare richiede una costruzione compatibile con il tuo disegno naturale. In questa area una densit\u00e0 sbagliata si nota facilmente dall&#8217;alto, soprattutto con luce forte.<\/p>\n<h3>Patch per diradamento diffuso sulla parte superiore<\/h3>\n<p>Quando la perdita interessa un&#8217;area pi\u00f9 ampia, il raccordo con i laterali diventa decisivo. In questi casi conta molto la possibilit\u00e0 di rifinire il taglio in modo graduale. Una base troppo grande, scelta per eccesso di sicurezza, pu\u00f2 rendere pi\u00f9 complessa la fusione con i capelli residui.<\/p>\n<p>Se hai dubbi sulla copertura necessaria, il criterio pi\u00f9 prudente \u00e8 partire dalla <strong>mappa reale del diradamento<\/strong> e non da come immagini di voler apparire. Una patch progettata sulla zona effettiva da trattare tende a risultare pi\u00f9 armoniosa e pi\u00f9 gestibile nel tempo.<\/p>\n<h2>Base, capelli e fissaggio: i dettagli che incidono nell&#8217;uso quotidiano<\/h2>\n<p>Molte scelte che sembrano secondarie sulla carta diventano centrali dopo pochi giorni di utilizzo. Una patch pu\u00f2 apparire valida in foto, ma rivelarsi poco pratica se non \u00e8 allineata alle tue abitudini. Per questo conviene ragionare su tre aspetti: base, capello e sistema di adesione.<\/p>\n<h3>La base: sottile, resistente, traspirante<\/h3>\n<p>Ogni base ha un equilibrio diverso tra discrezione visiva, comfort e durata d&#8217;uso. Una base molto sottile pu\u00f2 offrire un effetto pi\u00f9 invisibile, ma richiede spesso pi\u00f9 attenzione nella gestione. Una struttura pi\u00f9 robusta pu\u00f2 risultare pratica per chi cerca maggiore stabilit\u00e0. Se hai pelle sensibile o sudi facilmente, verifica nella scheda prodotto le indicazioni su traspirabilit\u00e0 e compatibilit\u00e0 con l&#8217;uso frequente.<\/p>\n<h3>Il capello: non conta solo il colore<\/h3>\n<p>Il colore \u00e8 il primo elemento che si nota, ma non basta. Vanno considerati anche spessore, ondulazione, lucentezza e risposta allo styling. Un capello troppo diverso dal tuo crea stacco anche se la tonalit\u00e0 sembra giusta. In caso di capelli con riflessi, fili bianchi o sfumature non uniformi, \u00e8 meglio evitare scelte troppo piatte.<\/p>\n<h3>Il fissaggio: stabilit\u00e0 e routine personale<\/h3>\n<p>Il metodo di fissaggio va scelto in base alla tua routine, non solo all&#8217;effetto finale. Chi fa sport, chi lava spesso i capelli o chi preferisce manutenzioni pi\u00f9 ravvicinate ha esigenze diverse rispetto a chi cerca una gestione pi\u00f9 lineare. Anche qui il punto non \u00e8 trovare il sistema &#8220;migliore&#8221; in assoluto, ma quello <strong>pi\u00f9 coerente con la vita reale<\/strong>.<\/p>\n<p>Per approfondire il tema dell&#8217;adesione e della tenuta nelle diverse situazioni quotidiane, pu\u00f2 essere utile consultare <a href=\"[LINK:URL]\">la sezione dedicata agli adesivi e ai supporti di fissaggio<\/a> e <a href=\"[LINK:URL]\">le indicazioni per la cura del cuoio capelluto<\/a>.<\/p>\n<h2>Errori comuni nella scelta di una patch cutanea per capelli<\/h2>\n<p>La maggior parte delle delusioni non nasce dal concetto di patch in s\u00e9, ma da una scelta frettolosa o poco aderente alla situazione personale. Alcuni errori si ripetono spesso.<\/p>\n<ul>\n<li><strong>Scegliere troppa densit\u00e0<\/strong>: all&#8217;inizio pu\u00f2 sembrare rassicurante, ma il risultato rischia di essere artificiale rispetto ai laterali.<\/li>\n<li><strong>Ignorare il proprio taglio abituale<\/strong>: una patch va pensata insieme alla pettinatura che porterai davvero, non a una foto di riferimento poco realistica.<\/li>\n<li><strong>Valutare solo la vista frontale<\/strong>: il raccordo laterale e la visione dall&#8217;alto sono spesso i punti pi\u00f9 rivelatori.<\/li>\n<li><strong>Sottovalutare la manutenzione<\/strong>: anche una buona patch richiede attenzione periodica; se la routine prevista \u00e8 incompatibile con il tuo tempo, la soddisfazione cala rapidamente.<\/li>\n<li><strong>Prendere misure approssimative<\/strong>: pochi millimetri possono cambiare vestibilit\u00e0 e integrazione visiva.<\/li>\n<\/ul>\n<p>Un buon criterio decisionale \u00e8 immaginare la patch non il giorno in cui viene applicata, ma dopo alcune settimane di uso normale: lavaggi, pettinatura veloce, umidit\u00e0, luce naturale. Se una scelta regge mentalmente anche in questi scenari, di solito \u00e8 pi\u00f9 sensata.<\/p>\n<h2>Manutenzione della patch cutanea: cosa aspettarsi davvero<\/h2>\n<p>Uno dei fraintendimenti pi\u00f9 diffusi \u00e8 pensare che, una volta applicata, la patch sparisca dalla routine. Non \u00e8 cos\u00ec. Richiede una gestione regolare, ma non necessariamente complicata. La differenza sta nel costruire abitudini semplici e coerenti.<\/p>\n<p>Le attivit\u00e0 pi\u00f9 comuni riguardano:<\/p>\n<ul>\n<li>pulizia della base e della zona di applicazione;<\/li>\n<li>controllo del fissaggio;<\/li>\n<li>lavaggio con prodotti compatibili;<\/li>\n<li>asciugatura delicata e styling non aggressivo;<\/li>\n<li>verifica periodica del raccordo con i capelli naturali.<\/li>\n<\/ul>\n<p>Dal punto di vista pratico, conviene osservare come reagiscono pelle e capelli nelle prime settimane. Se noti accumuli di residui, fastidio cutaneo o perdita di naturalezza nel front, spesso non significa che la patch sia sbagliata in assoluto: pu\u00f2 voler dire che il metodo di gestione va corretto. Anche la frequenza di manutenzione dovrebbe adattarsi al tuo ritmo personale, al clima e alla sudorazione.<\/p>\n<p>Un altro aspetto concreto riguarda il taglio. Una patch integrata bene il primo giorno pu\u00f2 perdere armonia quando i capelli laterali crescono in modo diverso. Per questo il mantenimento dell&#8217;effetto naturale passa anche da piccoli aggiustamenti periodici, non solo dalla pulizia.<\/p>\n<h2>A chi sono adatte le patch cutanee e quando conviene valutare alternative<\/h2>\n<p>Le patch cutanee sono adatte a chi cerca una <strong>copertura mirata<\/strong> e desidera mantenere un&#8217;immagine il pi\u00f9 possibile vicina a quella abituale. Funzionano bene soprattutto per chi ha aspettative realistiche: non trasformare completamente il proprio aspetto, ma recuperare equilibrio visivo.<\/p>\n<p>Possono essere una scelta interessante per:<\/p>\n<ul>\n<li>chi ha un diradamento localizzato e ben definito;<\/li>\n<li>chi vuole evitare un effetto da copertura totale;<\/li>\n<li>chi \u00e8 disposto a seguire una manutenzione regolare;<\/li>\n<li>chi porta tagli compatibili con una buona integrazione laterale.<\/li>\n<\/ul>\n<p>Pu\u00f2 invece essere utile valutare alternative quando la perdita \u00e8 molto estesa, quando il cuoio capelluto presenta esigenze particolari o quando non si desidera alcuna routine di gestione. Anche lo stile personale conta: se porti capelli rasati molto corti o look che espongono costantemente tutto il perimetro, la compatibilit\u00e0 va esaminata con attenzione.<\/p>\n<p>Per farti un&#8217;idea pi\u00f9 chiara delle differenze tra integrazione parziale e altre soluzioni, puoi consultare anche <a href=\"[LINK:URL]\">gli approfondimenti sui capelli sostitutivi<\/a>.<\/p>\n<p><!--W4Y_BF_SUGGESTED_PRODUCTS--><\/p>\n<p>Se stai valutando una patch cutanea per calvizie, il passo pi\u00f9 utile \u00e8 confrontare con calma materiali, basi e accessori della categoria o del brand che preferisci, partendo dalla tua area di diradamento reale e dalla routine che puoi gestire con continuit\u00e0. Una scelta ben calibrata all&#8217;inizio rende tutto pi\u00f9 semplice anche dopo.<\/p>\n[w4y_bf_related_posts post_id=&#8221;48866&#8243;]\n<hr \/>\n<h2>FAQ<\/h2>\n<div class=\"w4y-faq\">\n<h3>Le patch cutanee per calvizie si vedono da vicino?<\/h3>\n<p>Dipende soprattutto da base, densit\u00e0, attaccatura e qualit\u00e0 dell&#8217;integrazione con i capelli naturali. Una patch scelta bene tende a risultare discreta; una densit\u00e0 troppo alta o un front poco adatto si notano pi\u00f9 facilmente.<\/p>\n<h3>Una patch cutanea \u00e8 adatta anche alla stempiatura?<\/h3>\n<p>S\u00ec, pu\u00f2 essere adatta anche alla zona frontale, ma in quel caso il bordo e l&#8217;attaccatura diventano aspetti decisivi. Se porti spesso la fronte scoperta, verifica nella scheda prodotto se il sistema \u00e8 indicato per un front visibile.<\/p>\n<h3>Quanto conta la densit\u00e0 nella scelta della patch?<\/h3>\n<p>Conta molto. Una densit\u00e0 eccessiva pu\u00f2 creare contrasto con i capelli laterali e rendere il risultato poco naturale. In genere conviene scegliere una copertura coerente con i capelli residui e con la propria et\u00e0 visiva.<\/p>\n<h3>Le patch cutanee richiedono manutenzione frequente?<\/h3>\n<p>Richiedono una manutenzione regolare, ma la frequenza varia in base a pelle, sudorazione, metodo di fissaggio e abitudini quotidiane. Pulizia, controllo dell&#8217;adesione e cura del capello sono le attivit\u00e0 pi\u00f9 comuni.<\/p>\n<h3>Come capire se una patch per calvizie \u00e8 quella giusta?<\/h3>\n<p>Bisogna valutare area da coprire, tipo di capelli naturali, taglio abituale, stile di vita e disponibilit\u00e0 alla manutenzione. Se un dettaglio tecnico non \u00e8 chiaro, la scelta pi\u00f9 prudente \u00e8 verificare nella scheda prodotto.<\/p>\n<\/div>\n<p><script type=\"application\/ld+json\">{\"@context\":\"https:\/\/schema.org\",\"@type\":\"FAQPage\",\"mainEntity\":[{\"@type\":\"Question\",\"name\":\"Le patch cutanee per calvizie si vedono da vicino?\",\"acceptedAnswer\":{\"@type\":\"Answer\",\"text\":\"Dipende soprattutto da base, densit\u00e0, attaccatura e qualit\u00e0 dell'integrazione con i capelli naturali. Una patch scelta bene tende a risultare discreta; una densit\u00e0 troppo alta o un front poco adatto si notano pi\u00f9 facilmente.\"}},{\"@type\":\"Question\",\"name\":\"Una patch cutanea \u00e8 adatta anche alla stempiatura?\",\"acceptedAnswer\":{\"@type\":\"Answer\",\"text\":\"S\u00ec, pu\u00f2 essere adatta anche alla zona frontale, ma in quel caso il bordo e l'attaccatura diventano aspetti decisivi. Se porti spesso la fronte scoperta, verifica nella scheda prodotto se il sistema \u00e8 indicato per un front visibile.\"}},{\"@type\":\"Question\",\"name\":\"Quanto conta la densit\u00e0 nella scelta della patch?\",\"acceptedAnswer\":{\"@type\":\"Answer\",\"text\":\"Conta molto. Una densit\u00e0 eccessiva pu\u00f2 creare contrasto con i capelli laterali e rendere il risultato poco naturale. In genere conviene scegliere una copertura coerente con i capelli residui e con la propria et\u00e0 visiva.\"}},{\"@type\":\"Question\",\"name\":\"Le patch cutanee richiedono manutenzione frequente?\",\"acceptedAnswer\":{\"@type\":\"Answer\",\"text\":\"Richiedono una manutenzione regolare, ma la frequenza varia in base a pelle, sudorazione, metodo di fissaggio e abitudini quotidiane. Pulizia, controllo dell'adesione e cura del capello sono le attivit\u00e0 pi\u00f9 comuni.\"}},{\"@type\":\"Question\",\"name\":\"Come capire se una patch per calvizie \u00e8 quella giusta?\",\"acceptedAnswer\":{\"@type\":\"Answer\",\"text\":\"Bisogna valutare area da coprire, tipo di capelli naturali, taglio abituale, stile di vita e disponibilit\u00e0 alla manutenzione. Se un dettaglio tecnico non \u00e8 chiaro, la scelta pi\u00f9 prudente \u00e8 verificare nella scheda prodotto.\"}}]}<\/script><\/p>\n","protected":false},"excerpt":{"rendered":"<p>Find out everything you need to know about skin patches for baldness. Insights, tips and practical solutions for every need.<\/p>","protected":false},"author":74,"featured_media":48898,"comment_status":"open","ping_status":"open","sticky":false,"template":"","format":"standard","meta":{"_acf_changed":false,"_monsterinsights_skip_tracking":false,"footnotes":""},"categories":[80,81,18,20],"tags":[188],"class_list":["post-48866","post","type-post","status-publish","format-standard","has-post-thumbnail","hentry","category-consigli","category-curiosita","category-hairstyles","category-tools","tag-patch-cutanee-per-calvizie"],"acf":[],"yoast_head":"<!-- This site is optimized with the Yoast SEO Premium plugin v26.1 (Yoast SEO v26.1.1) - https:\/\/yoast.com\/wordpress\/plugins\/seo\/ -->\n<title>Patch Cutanee per Calvizie: Tutto quello che Devi Sapere | Newfreesty<\/title>\n<meta name=\"description\" content=\"Patch cutanee per calvizie: come funzionano, come sceglierle e quali dettagli valutare per un risultato naturale e gestibile.\" \/>\n<meta name=\"robots\" content=\"index, follow, max-snippet:-1, max-image-preview:large, max-video-preview:-1\" \/>\n<link rel=\"canonical\" href=\"https:\/\/www.newfreestyle.it\/en\/skin-patches-for-baldness-everything-you-need-to-know\/\" \/>\n<meta property=\"og:locale\" content=\"en_GB\" \/>\n<meta property=\"og:type\" content=\"article\" \/>\n<meta property=\"og:title\" content=\"Patch Cutanee per Calvizie: Tutto quello che Devi Sapere\" \/>\n<meta property=\"og:description\" content=\"Patch cutanee per calvizie: come funzionano, come sceglierle e quali dettagli valutare per un risultato naturale e gestibile.\" \/>\n<meta property=\"og:url\" content=\"https:\/\/www.newfreestyle.it\/en\/skin-patches-for-baldness-everything-you-need-to-know\/\" \/>\n<meta property=\"og:site_name\" content=\"Newfreestyle Hair System\" \/>\n<meta property=\"article:publisher\" content=\"https:\/\/www.facebook.com\/newfreestyle.it\/\" \/>\n<meta property=\"article:published_time\" content=\"2024-12-01T10:46:34+00:00\" \/>\n<meta property=\"article:modified_time\" content=\"2026-05-18T16:37:33+00:00\" \/>\n<meta property=\"og:image\" content=\"https:\/\/www.newfreestyle.it\/wp-content\/uploads\/2024\/10\/patch-cutanee-per-calvizie.jpg\" \/>\n\t<meta property=\"og:image:width\" content=\"2000\" \/>\n\t<meta property=\"og:image:height\" content=\"1335\" \/>\n\t<meta property=\"og:image:type\" content=\"image\/jpeg\" \/>\n<meta name=\"author\" content=\"Newfreestyle Hair System\" \/>\n<meta name=\"twitter:card\" content=\"summary_large_image\" \/>\n<meta name=\"twitter:label1\" content=\"Written by\" \/>\n\t<meta name=\"twitter:data1\" content=\"Newfreestyle Hair System\" \/>\n\t<meta name=\"twitter:label2\" content=\"Estimated reading time\" \/>\n\t<meta name=\"twitter:data2\" content=\"11 minutes\" \/>\n<script type=\"application\/ld+json\" class=\"yoast-schema-graph\">{\"@context\":\"https:\/\/schema.org\",\"@graph\":[{\"@type\":\"Article\",\"@id\":\"https:\/\/www.newfreestyle.it\/patch-cutanee-per-calvizie-tutto-quello-che-devi-sapere\/#article\",\"isPartOf\":{\"@id\":\"https:\/\/www.newfreestyle.it\/patch-cutanee-per-calvizie-tutto-quello-che-devi-sapere\/\"},\"author\":{\"name\":\"Newfreestyle Hair System\",\"@id\":\"https:\/\/www.newfreestyle.it\/en\/#\/schema\/person\/753bd59851e950a1673a83530fb635e2\"},\"headline\":\"Patch Cutanee per Calvizie: Tutto quello che Devi Sapere\",\"datePublished\":\"2024-12-01T10:46:34+00:00\",\"dateModified\":\"2026-05-18T16:37:33+00:00\",\"mainEntityOfPage\":{\"@id\":\"https:\/\/www.newfreestyle.it\/patch-cutanee-per-calvizie-tutto-quello-che-devi-sapere\/\"},\"wordCount\":1938,\"commentCount\":0,\"publisher\":{\"@id\":\"https:\/\/www.newfreestyle.it\/en\/#organization\"},\"image\":{\"@id\":\"https:\/\/www.newfreestyle.it\/patch-cutanee-per-calvizie-tutto-quello-che-devi-sapere\/#primaryimage\"},\"thumbnailUrl\":\"https:\/\/www.newfreestyle.it\/wp-content\/uploads\/2024\/10\/patch-cutanee-per-calvizie.jpg\",\"keywords\":[\"Patch Cutanee per Calvizie\"],\"articleSection\":[\"Consigli\",\"Curiosit\u00e0\",\"Hairstyles\",\"Tools\"],\"inLanguage\":\"en-GB\",\"potentialAction\":[{\"@type\":\"CommentAction\",\"name\":\"Comment\",\"target\":[\"https:\/\/www.newfreestyle.it\/patch-cutanee-per-calvizie-tutto-quello-che-devi-sapere\/#respond\"]}]},{\"@type\":\"WebPage\",\"@id\":\"https:\/\/www.newfreestyle.it\/patch-cutanee-per-calvizie-tutto-quello-che-devi-sapere\/\",\"url\":\"https:\/\/www.newfreestyle.it\/patch-cutanee-per-calvizie-tutto-quello-che-devi-sapere\/\",\"name\":\"Patch Cutanee per Calvizie: Tutto quello che Devi Sapere | Newfreesty\",\"isPartOf\":{\"@id\":\"https:\/\/www.newfreestyle.it\/en\/#website\"},\"primaryImageOfPage\":{\"@id\":\"https:\/\/www.newfreestyle.it\/patch-cutanee-per-calvizie-tutto-quello-che-devi-sapere\/#primaryimage\"},\"image\":{\"@id\":\"https:\/\/www.newfreestyle.it\/patch-cutanee-per-calvizie-tutto-quello-che-devi-sapere\/#primaryimage\"},\"thumbnailUrl\":\"https:\/\/www.newfreestyle.it\/wp-content\/uploads\/2024\/10\/patch-cutanee-per-calvizie.jpg\",\"datePublished\":\"2024-12-01T10:46:34+00:00\",\"dateModified\":\"2026-05-18T16:37:33+00:00\",\"description\":\"Patch cutanee per calvizie: come funzionano, come sceglierle e quali dettagli valutare per un risultato naturale e gestibile.\",\"breadcrumb\":{\"@id\":\"https:\/\/www.newfreestyle.it\/patch-cutanee-per-calvizie-tutto-quello-che-devi-sapere\/#breadcrumb\"},\"inLanguage\":\"en-GB\",\"potentialAction\":[{\"@type\":\"ReadAction\",\"target\":[\"https:\/\/www.newfreestyle.it\/patch-cutanee-per-calvizie-tutto-quello-che-devi-sapere\/\"]}]},{\"@type\":\"ImageObject\",\"inLanguage\":\"en-GB\",\"@id\":\"https:\/\/www.newfreestyle.it\/patch-cutanee-per-calvizie-tutto-quello-che-devi-sapere\/#primaryimage\",\"url\":\"https:\/\/www.newfreestyle.it\/wp-content\/uploads\/2024\/10\/patch-cutanee-per-calvizie.jpg\",\"contentUrl\":\"https:\/\/www.newfreestyle.it\/wp-content\/uploads\/2024\/10\/patch-cutanee-per-calvizie.jpg\",\"width\":2000,\"height\":1335,\"caption\":\"Capelli forti e naturali con Newfreestyle Hair System, soluzione efficace contro la calvizie.\"},{\"@type\":\"BreadcrumbList\",\"@id\":\"https:\/\/www.newfreestyle.it\/patch-cutanee-per-calvizie-tutto-quello-che-devi-sapere\/#breadcrumb\",\"itemListElement\":[{\"@type\":\"ListItem\",\"position\":1,\"name\":\"Home\",\"item\":\"https:\/\/www.newfreestyle.it\/\"},{\"@type\":\"ListItem\",\"position\":2,\"name\":\"Patch Cutanee per Calvizie: Tutto quello che Devi Sapere\"}]},{\"@type\":\"WebSite\",\"@id\":\"https:\/\/www.newfreestyle.it\/en\/#website\",\"url\":\"https:\/\/www.newfreestyle.it\/en\/\",\"name\":\"Protesi Capelli Uomo Impianti Capillari\",\"description\":\"Risolviamo ogni tipologia di Calvizie mediante l\u2019ausilio di protesi capillari non chirurgiche anche chiamata patch cutaneo.\",\"publisher\":{\"@id\":\"https:\/\/www.newfreestyle.it\/en\/#organization\"},\"potentialAction\":[{\"@type\":\"SearchAction\",\"target\":{\"@type\":\"EntryPoint\",\"urlTemplate\":\"https:\/\/www.newfreestyle.it\/en\/?s={search_term_string}\"},\"query-input\":{\"@type\":\"PropertyValueSpecification\",\"valueRequired\":true,\"valueName\":\"search_term_string\"}}],\"inLanguage\":\"en-GB\"},{\"@type\":[\"Organization\",\"Place\"],\"@id\":\"https:\/\/www.newfreestyle.it\/en\/#organization\",\"name\":\"Newfreestyle Hair System\",\"alternateName\":\"Protesi Capelli Uomo Personalizzate\",\"url\":\"https:\/\/www.newfreestyle.it\/en\/\",\"logo\":{\"@id\":\"https:\/\/www.newfreestyle.it\/patch-cutanee-per-calvizie-tutto-quello-che-devi-sapere\/#local-main-organization-logo\"},\"image\":{\"@id\":\"https:\/\/www.newfreestyle.it\/patch-cutanee-per-calvizie-tutto-quello-che-devi-sapere\/#local-main-organization-logo\"},\"sameAs\":[\"https:\/\/www.facebook.com\/newfreestyle.it\/\",\"https:\/\/www.instagram.com\/newfreestyle_hairsystem\/\"],\"address\":{\"@id\":\"https:\/\/www.newfreestyle.it\/patch-cutanee-per-calvizie-tutto-quello-che-devi-sapere\/#local-main-place-address\"},\"geo\":{\"@type\":\"GeoCoordinates\",\"latitude\":\"45.5086608\",\"longitude\":\"9.2005743\"},\"telephone\":[\"3297256048\"],\"openingHoursSpecification\":[{\"@type\":\"OpeningHoursSpecification\",\"dayOfWeek\":[\"Monday\",\"Tuesday\",\"Wednesday\",\"Thursday\",\"Friday\",\"Saturday\"],\"opens\":\"09:00\",\"closes\":\"19:00\"},{\"@type\":\"OpeningHoursSpecification\",\"dayOfWeek\":[\"Sunday\"],\"opens\":\"00:00\",\"closes\":\"00:00\"}],\"email\":\"direzione@newfreestyle.it\",\"vatID\":\"IT11145080963\",\"taxID\":\"SCIMST69H67I690R\"},{\"@type\":\"Person\",\"@id\":\"https:\/\/www.newfreestyle.it\/en\/#\/schema\/person\/753bd59851e950a1673a83530fb635e2\",\"name\":\"Newfreestyle Hair System\",\"url\":\"https:\/\/www.newfreestyle.it\/en\/author\/newfreestyle-hair-system\/\"},{\"@type\":\"PostalAddress\",\"@id\":\"https:\/\/www.newfreestyle.it\/patch-cutanee-per-calvizie-tutto-quello-che-devi-sapere\/#local-main-place-address\",\"streetAddress\":\"Via Cino da Pistoia, 18\",\"addressLocality\":\"Milano\",\"postalCode\":\"20162\",\"addressRegion\":\"MI\",\"addressCountry\":\"IT\"},{\"@type\":\"ImageObject\",\"inLanguage\":\"en-GB\",\"@id\":\"https:\/\/www.newfreestyle.it\/patch-cutanee-per-calvizie-tutto-quello-che-devi-sapere\/#local-main-organization-logo\",\"url\":\"https:\/\/www.newfreestyle.it\/wp-content\/uploads\/2023\/09\/cropped-newfreestyle-150x145-1.png\",\"contentUrl\":\"https:\/\/www.newfreestyle.it\/wp-content\/uploads\/2023\/09\/cropped-newfreestyle-150x145-1.png\",\"width\":512,\"height\":512,\"caption\":\"Newfreestyle Hair System\"}]}<\/script>\n<meta name=\"geo.placename\" content=\"Milano\" \/>\n<meta name=\"geo.position\" content=\"45.5086608;9.2005743\" \/>\n<meta name=\"geo.region\" content=\"Italy\" \/>\n<!-- \/ Yoast SEO Premium plugin. -->","yoast_head_json":{"title":"Skin Patches for Baldness: Everything You Need to Know | Newfreesty","description":"Skin patches for baldness: how they work, how to choose them, and which details to consider for a natural and manageable result.","robots":{"index":"index","follow":"follow","max-snippet":"max-snippet:-1","max-image-preview":"max-image-preview:large","max-video-preview":"max-video-preview:-1"},"canonical":"https:\/\/www.newfreestyle.it\/en\/skin-patches-for-baldness-everything-you-need-to-know\/","og_locale":"en_GB","og_type":"article","og_title":"Patch Cutanee per Calvizie: Tutto quello che Devi Sapere","og_description":"Patch cutanee per calvizie: come funzionano, come sceglierle e quali dettagli valutare per un risultato naturale e gestibile.","og_url":"https:\/\/www.newfreestyle.it\/en\/skin-patches-for-baldness-everything-you-need-to-know\/","og_site_name":"Newfreestyle Hair System","article_publisher":"https:\/\/www.facebook.com\/newfreestyle.it\/","article_published_time":"2024-12-01T10:46:34+00:00","article_modified_time":"2026-05-18T16:37:33+00:00","og_image":[{"width":2000,"height":1335,"url":"https:\/\/www.newfreestyle.it\/wp-content\/uploads\/2024\/10\/patch-cutanee-per-calvizie.jpg","type":"image\/jpeg"}],"author":"Newfreestyle Hair System","twitter_card":"summary_large_image","twitter_misc":{"Written by":"Newfreestyle Hair System","Estimated reading time":"11 minutes"},"schema":{"@context":"https:\/\/schema.org","@graph":[{"@type":"Article","@id":"https:\/\/www.newfreestyle.it\/patch-cutanee-per-calvizie-tutto-quello-che-devi-sapere\/#article","isPartOf":{"@id":"https:\/\/www.newfreestyle.it\/patch-cutanee-per-calvizie-tutto-quello-che-devi-sapere\/"},"author":{"name":"Newfreestyle Hair System","@id":"https:\/\/www.newfreestyle.it\/en\/#\/schema\/person\/753bd59851e950a1673a83530fb635e2"},"headline":"Patch Cutanee per Calvizie: Tutto quello che Devi Sapere","datePublished":"2024-12-01T10:46:34+00:00","dateModified":"2026-05-18T16:37:33+00:00","mainEntityOfPage":{"@id":"https:\/\/www.newfreestyle.it\/patch-cutanee-per-calvizie-tutto-quello-che-devi-sapere\/"},"wordCount":1938,"commentCount":0,"publisher":{"@id":"https:\/\/www.newfreestyle.it\/en\/#organization"},"image":{"@id":"https:\/\/www.newfreestyle.it\/patch-cutanee-per-calvizie-tutto-quello-che-devi-sapere\/#primaryimage"},"thumbnailUrl":"https:\/\/www.newfreestyle.it\/wp-content\/uploads\/2024\/10\/patch-cutanee-per-calvizie.jpg","keywords":["Patch Cutanee per Calvizie"],"articleSection":["Consigli","Curiosit\u00e0","Hairstyles","Tools"],"inLanguage":"en-GB","potentialAction":[{"@type":"CommentAction","name":"Comment","target":["https:\/\/www.newfreestyle.it\/patch-cutanee-per-calvizie-tutto-quello-che-devi-sapere\/#respond"]}]},{"@type":"WebPage","@id":"https:\/\/www.newfreestyle.it\/patch-cutanee-per-calvizie-tutto-quello-che-devi-sapere\/","url":"https:\/\/www.newfreestyle.it\/patch-cutanee-per-calvizie-tutto-quello-che-devi-sapere\/","name":"Skin Patches for Baldness: Everything You Need to Know | Newfreesty","isPartOf":{"@id":"https:\/\/www.newfreestyle.it\/en\/#website"},"primaryImageOfPage":{"@id":"https:\/\/www.newfreestyle.it\/patch-cutanee-per-calvizie-tutto-quello-che-devi-sapere\/#primaryimage"},"image":{"@id":"https:\/\/www.newfreestyle.it\/patch-cutanee-per-calvizie-tutto-quello-che-devi-sapere\/#primaryimage"},"thumbnailUrl":"https:\/\/www.newfreestyle.it\/wp-content\/uploads\/2024\/10\/patch-cutanee-per-calvizie.jpg","datePublished":"2024-12-01T10:46:34+00:00","dateModified":"2026-05-18T16:37:33+00:00","description":"Skin patches for baldness: how they work, how to choose them, and which details to consider for a natural and manageable result.","breadcrumb":{"@id":"https:\/\/www.newfreestyle.it\/patch-cutanee-per-calvizie-tutto-quello-che-devi-sapere\/#breadcrumb"},"inLanguage":"en-GB","potentialAction":[{"@type":"ReadAction","target":["https:\/\/www.newfreestyle.it\/patch-cutanee-per-calvizie-tutto-quello-che-devi-sapere\/"]}]},{"@type":"ImageObject","inLanguage":"en-GB","@id":"https:\/\/www.newfreestyle.it\/patch-cutanee-per-calvizie-tutto-quello-che-devi-sapere\/#primaryimage","url":"https:\/\/www.newfreestyle.it\/wp-content\/uploads\/2024\/10\/patch-cutanee-per-calvizie.jpg","contentUrl":"https:\/\/www.newfreestyle.it\/wp-content\/uploads\/2024\/10\/patch-cutanee-per-calvizie.jpg","width":2000,"height":1335,"caption":"Capelli forti e naturali con Newfreestyle Hair System, soluzione efficace contro la calvizie."},{"@type":"BreadcrumbList","@id":"https:\/\/www.newfreestyle.it\/patch-cutanee-per-calvizie-tutto-quello-che-devi-sapere\/#breadcrumb","itemListElement":[{"@type":"ListItem","position":1,"name":"Home","item":"https:\/\/www.newfreestyle.it\/"},{"@type":"ListItem","position":2,"name":"Patch Cutanee per Calvizie: Tutto quello che Devi Sapere"}]},{"@type":"WebSite","@id":"https:\/\/www.newfreestyle.it\/en\/#website","url":"https:\/\/www.newfreestyle.it\/en\/","name":"Men's Hair Implants Capillary Implants","description":"We solve all types of baldness with the help of non-surgical capillary implants also called skin patches.","publisher":{"@id":"https:\/\/www.newfreestyle.it\/en\/#organization"},"potentialAction":[{"@type":"SearchAction","target":{"@type":"EntryPoint","urlTemplate":"https:\/\/www.newfreestyle.it\/en\/?s={search_term_string}"},"query-input":{"@type":"PropertyValueSpecification","valueRequired":true,"valueName":"search_term_string"}}],"inLanguage":"en-GB"},{"@type":["Organization","Place"],"@id":"https:\/\/www.newfreestyle.it\/en\/#organization","name":"Newfreestyle Hair System","alternateName":"Protesi Capelli Uomo Personalizzate","url":"https:\/\/www.newfreestyle.it\/en\/","logo":{"@id":"https:\/\/www.newfreestyle.it\/patch-cutanee-per-calvizie-tutto-quello-che-devi-sapere\/#local-main-organization-logo"},"image":{"@id":"https:\/\/www.newfreestyle.it\/patch-cutanee-per-calvizie-tutto-quello-che-devi-sapere\/#local-main-organization-logo"},"sameAs":["https:\/\/www.facebook.com\/newfreestyle.it\/","https:\/\/www.instagram.com\/newfreestyle_hairsystem\/"],"address":{"@id":"https:\/\/www.newfreestyle.it\/patch-cutanee-per-calvizie-tutto-quello-che-devi-sapere\/#local-main-place-address"},"geo":{"@type":"GeoCoordinates","latitude":"45.5086608","longitude":"9.2005743"},"telephone":["3297256048"],"openingHoursSpecification":[{"@type":"OpeningHoursSpecification","dayOfWeek":["Monday","Tuesday","Wednesday","Thursday","Friday","Saturday"],"opens":"09:00","closes":"19:00"},{"@type":"OpeningHoursSpecification","dayOfWeek":["Sunday"],"opens":"00:00","closes":"00:00"}],"email":"direzione@newfreestyle.it","vatID":"IT11145080963","taxID":"SCIMST69H67I690R"},{"@type":"Person","@id":"https:\/\/www.newfreestyle.it\/en\/#\/schema\/person\/753bd59851e950a1673a83530fb635e2","name":"Newfreestyle Hair System","url":"https:\/\/www.newfreestyle.it\/en\/author\/newfreestyle-hair-system\/"},{"@type":"PostalAddress","@id":"https:\/\/www.newfreestyle.it\/patch-cutanee-per-calvizie-tutto-quello-che-devi-sapere\/#local-main-place-address","streetAddress":"Via Cino da Pistoia, 18","addressLocality":"Milano","postalCode":"20162","addressRegion":"MI","addressCountry":"IT"},{"@type":"ImageObject","inLanguage":"en-GB","@id":"https:\/\/www.newfreestyle.it\/patch-cutanee-per-calvizie-tutto-quello-che-devi-sapere\/#local-main-organization-logo","url":"https:\/\/www.newfreestyle.it\/wp-content\/uploads\/2023\/09\/cropped-newfreestyle-150x145-1.png","contentUrl":"https:\/\/www.newfreestyle.it\/wp-content\/uploads\/2023\/09\/cropped-newfreestyle-150x145-1.png","width":512,"height":512,"caption":"Newfreestyle Hair System"}]},"geo.placename":"Milano","geo.position":{"lat":"45.5086608","long":"9.2005743"},"geo.region":"Italy"},"_links":{"self":[{"href":"https:\/\/www.newfreestyle.it\/en\/wp-json\/wp\/v2\/posts\/48866","targetHints":{"allow":["GET"]}}],"collection":[{"href":"https:\/\/www.newfreestyle.it\/en\/wp-json\/wp\/v2\/posts"}],"about":[{"href":"https:\/\/www.newfreestyle.it\/en\/wp-json\/wp\/v2\/types\/post"}],"author":[{"embeddable":true,"href":"https:\/\/www.newfreestyle.it\/en\/wp-json\/wp\/v2\/users\/74"}],"replies":[{"embeddable":true,"href":"https:\/\/www.newfreestyle.it\/en\/wp-json\/wp\/v2\/comments?post=48866"}],"version-history":[{"count":7,"href":"https:\/\/www.newfreestyle.it\/en\/wp-json\/wp\/v2\/posts\/48866\/revisions"}],"predecessor-version":[{"id":49947,"href":"https:\/\/www.newfreestyle.it\/en\/wp-json\/wp\/v2\/posts\/48866\/revisions\/49947"}],"wp:featuredmedia":[{"embeddable":true,"href":"https:\/\/www.newfreestyle.it\/en\/wp-json\/wp\/v2\/media\/48898"}],"wp:attachment":[{"href":"https:\/\/www.newfreestyle.it\/en\/wp-json\/wp\/v2\/media?parent=48866"}],"wp:term":[{"taxonomy":"category","embeddable":true,"href":"https:\/\/www.newfreestyle.it\/en\/wp-json\/wp\/v2\/categories?post=48866"},{"taxonomy":"post_tag","embeddable":true,"href":"https:\/\/www.newfreestyle.it\/en\/wp-json\/wp\/v2\/tags?post=48866"}],"curies":[{"name":"wp","href":"https:\/\/api.w.org\/{rel}","templated":true}]}}