
{"id":48861,"date":"2024-09-30T12:43:03","date_gmt":"2024-09-30T10:43:03","guid":{"rendered":"https:\/\/www.newfreestyle.it\/?p=48861"},"modified":"2026-05-18T18:38:07","modified_gmt":"2026-05-18T16:38:07","slug":"oncological-wigs","status":"publish","type":"post","link":"https:\/\/www.newfreestyle.it\/en\/oncological-wigs\/","title":{"rendered":"Oncology Wigs: How to Find the Right Model During Chemotherapy"},"content":{"rendered":"<p>Ci sono momenti in cui anche un gesto semplice, come guardarsi allo specchio prima di uscire, cambia significato. Durante la chemioterapia, la scelta di una parrucca oncologica non riguarda solo l&#8217;aspetto esteriore: entra in gioco il bisogno di riconoscersi, di sentirsi a proprio agio fuori casa, al lavoro, con gli amici o semplicemente nella routine di ogni giorno. Per questo il modello giusto non si trova partendo dalla moda del momento, ma da come sta cambiando il cuoio capelluto, da quanto tempo si pensa di indossarla e dal tipo di sensazione che si desidera avere una volta messa.<\/p>\n<p>Le <strong>parrucche oncologiche<\/strong> non sono tutte uguali, e la differenza si nota soprattutto nell&#8217;uso quotidiano. Una calotta troppo rigida pu\u00f2 risultare fastidiosa dopo poche ore; un taglio scelto solo perch\u00e9 \u201csimile a prima\u201d a volte non restituisce l&#8217;effetto sperato. Conviene quindi ragionare per priorit\u00e0 reali: comfort, leggerezza, facilit\u00e0 di gestione, naturalezza della linea frontale e praticit\u00e0 nel tempo. Chi sta affrontando le terapie ha spesso esigenze diverse rispetto a chi cerca una parrucca per altri motivi, ed \u00e8 utile tenerlo presente fin dall&#8217;inizio.<\/p>\n<h2>Parrucche oncologiche durante la chemioterapia: da dove partire davvero<\/h2>\n<p>Il primo criterio non \u00e8 il colore n\u00e9 la piega, ma la <strong>sensibilit\u00e0 del cuoio capelluto<\/strong>. Durante la chemioterapia la pelle pu\u00f2 diventare pi\u00f9 delicata, reattiva al calore, alle cuciture interne o a materiali che normalmente non darebbero fastidio. Per questo, prima di valutare l&#8217;estetica, \u00e8 sensato controllare come \u00e8 costruita la base della parrucca e quanto risulta morbida a contatto con la testa.<\/p>\n<p>Un altro punto concreto riguarda la frequenza d&#8217;uso. Se la parrucca verr\u00e0 indossata ogni giorno, serve un modello che non richieda troppe attenzioni e che resti confortevole anche per diverse ore consecutive. Se invece l&#8217;idea \u00e8 alternarla a foulard, turbanti o momenti in cui si preferisce restare senza copertura, si pu\u00f2 ragionare anche su una seconda opzione pi\u00f9 leggera o pi\u00f9 vicina a un&#8217;esigenza estetica specifica.<\/p>\n<p>Prima dell&#8217;acquisto pu\u00f2 essere utile chiarire tre aspetti:<\/p>\n<ul>\n<li><strong>quanto spesso<\/strong> si pensa di indossarla;<\/li>\n<li><strong>in quali contesti<\/strong> verr\u00e0 usata, ad esempio casa, lavoro, occasioni sociali;<\/li>\n<li><strong>quale sensazione<\/strong> si desidera: discreta, molto naturale, ordinata senza troppo impegno, oppure pi\u00f9 vicina al proprio look abituale.<\/li>\n<\/ul>\n<p>Queste domande aiutano pi\u00f9 di qualsiasi descrizione generica. Anche chi parte convinta di volere un modello identico ai propri capelli spesso cambia idea dopo aver provato forme e volumi diversi, soprattutto quando si accorge che alcune soluzioni risultano pi\u00f9 leggere e facili da portare.<\/p>\n<h2>Come scegliere il modello giusto senza fermarsi solo all&#8217;estetica<\/h2>\n<p>Quando si parla di <strong>modello giusto<\/strong>, il rischio \u00e8 concentrarsi subito sul taglio. In realt\u00e0, il taglio viene dopo. Prima contano vestibilit\u00e0 e sensazione sulla pelle. Una parrucca pu\u00f2 sembrare molto bella sul supporto o in foto, ma risultare poco adatta se crea pressione in alcuni punti o se tende a scaldare troppo.<\/p>\n<h3>La calotta: il dettaglio che incide pi\u00f9 del taglio<\/h3>\n<p>La struttura interna \u00e8 spesso l&#8217;elemento che determina se una parrucca verr\u00e0 usata davvero oppure rester\u00e0 nel cassetto. Una calotta pensata per un utilizzo confortevole tende a essere pi\u00f9 gradevole durante la giornata e meno invasiva quando il cuoio capelluto \u00e8 sensibile. Vale la pena osservare bene la parte interna e, se disponibile, <strong>verifica nella scheda prodotto<\/strong> le indicazioni sulla costruzione.<\/p>\n<p>Da controllare in pratica:<\/p>\n<ul>\n<li>presenza di cuciture o bordi percepibili a contatto con la pelle;<\/li>\n<li>sensazione di leggerezza quando la si indossa;<\/li>\n<li>stabilit\u00e0 senza bisogno di continui aggiustamenti;<\/li>\n<li>aderenza naturale, senza effetto troppo fermo o troppo mobile.<\/li>\n<\/ul>\n<h3>Lunghezza e volume: meglio partire da ci\u00f2 che si gestisce facilmente<\/h3>\n<p>Durante le terapie, molte persone preferiscono tagli che richiedono poca manutenzione visiva. Non perch\u00e9 si debba rinunciare al proprio stile, ma perch\u00e9 una forma semplice da sistemare riduce il tempo davanti allo specchio e rende l&#8217;uso pi\u00f9 spontaneo. Un modello molto voluminoso o lungo pu\u00f2 piacere all&#8217;inizio, ma diventare meno pratico se tende a spostarsi, ad appoggiarsi sul collo o a richiedere pi\u00f9 attenzione.<\/p>\n<p>Spesso funzionano bene i tagli che accompagnano il viso senza appesantirlo. Se si desidera restare vicine alla propria immagine abituale, conviene cercare una somiglianza nell&#8217;insieme, non la copia perfetta del taglio precedente. \u00c8 una distinzione piccola ma utile: la parrucca deve sembrare \u201cgiusta addosso\u201d, non necessariamente identica a prima.<\/p>\n<h2>Materiali e comfort: cosa osservare in una parrucca oncologica<\/h2>\n<p>Uno dei dubbi pi\u00f9 frequenti riguarda la scelta tra diverse tipologie di fibra o capelli. Qui la decisione migliore dipende soprattutto da <strong>manutenzione, sensazione al tatto e aspettative di resa<\/strong>. Non esiste una risposta valida per tutte: c&#8217;\u00e8 chi privilegia la praticit\u00e0 e chi desidera un effetto pi\u00f9 vicino alla propria texture abituale.<\/p>\n<p>Per orientarsi senza complicarsi troppo, conviene valutare:<\/p>\n<ul>\n<li>quanto tempo si vuole dedicare alla gestione quotidiana;<\/li>\n<li>se si preferisce una forma che resti ordinata con facilit\u00e0;<\/li>\n<li>quanto conta la morbidezza percepita al tatto;<\/li>\n<li>come reagisce il cuoio capelluto dopo alcune ore di utilizzo.<\/li>\n<\/ul>\n<p>In questa fase \u00e8 utile confrontare anche accessori e soluzioni complementari, perch\u00e9 il comfort non dipende solo dalla parrucca in s\u00e9. In molti casi un supporto morbido o un sottocuffia ben scelto migliora la sensazione generale. Se stai valutando diverse opzioni, pu\u00f2 aiutare approfondire anche la sezione dedicata a <a href=\"[LINK:URL]\">turbanti e copricapo<\/a>, soprattutto per alternare le giornate in cui si desidera una soluzione ancora pi\u00f9 leggera.<\/p>\n<p>Un dettaglio spesso sottovalutato \u00e8 la temperatura percepita. Alcune persone tollerano bene una copertura pi\u00f9 strutturata, altre dopo poco sentono il bisogno di qualcosa di pi\u00f9 arioso. Questo aspetto si capisce davvero solo pensando alle proprie abitudini: spostamenti, ambienti riscaldati, ore fuori casa, sensibilit\u00e0 personale. Anche per questo una scelta sensata raramente nasce solo da una foto.<\/p>\n<h2>Colore e naturalezza: come trovare una parrucca che ti faccia sentire a tuo agio<\/h2>\n<p>Il colore merita attenzione, ma non va affrontato come una prova di fedelt\u00e0 al passato. Alcune persone stanno meglio con una tonalit\u00e0 molto vicina ai capelli di sempre; altre trovano pi\u00f9 armonioso un tono leggermente diverso, magari pi\u00f9 morbido sul viso o meno impegnativo da portare. Quando il volto cambia per stanchezza, trattamento o carnagione pi\u00f9 spenta, anche una piccola variazione di colore pu\u00f2 risultare pi\u00f9 equilibrata.<\/p>\n<p>Un criterio pratico \u00e8 osservare il risultato complessivo vicino all&#8217;attaccatura del viso. La naturalezza non dipende solo dalla sfumatura, ma da come il colore dialoga con sopracciglia, incarnato e lineamenti. Se una tonalit\u00e0 appare troppo uniforme o troppo distante dal proprio equilibrio naturale, si nota subito.<\/p>\n<p>Per chi desidera un effetto discreto, spesso aiutano:<\/p>\n<ul>\n<li>colori non troppo compatti o piatti;<\/li>\n<li>sfumature morbide intorno al viso;<\/li>\n<li>tagli che non obbligano a una riga troppo definita se non ci si sente a proprio agio;<\/li>\n<li>volumi proporzionati alla forma del volto.<\/li>\n<\/ul>\n<p>Se stai cercando ispirazione per uno stile sobrio e portabile, pu\u00f2 essere utile confrontare diverse linee e leggere i contenuti dedicati a <a href=\"[LINK:URL]\">parrucche donna<\/a>, cos\u00ec da farti un&#8217;idea pi\u00f9 concreta delle forme che funzionano meglio nella vita reale.<\/p>\n<h2>Vestibilit\u00e0 e misura: gli errori pi\u00f9 comuni nella scelta della parrucca<\/h2>\n<p>Una parrucca scelta bene non dovrebbe richiedere continui aggiustamenti. Quando invece scivola, stringe o resta \u201cferma male\u201d, il disagio si riflette subito nel modo di muoversi. Ci si tocca pi\u00f9 spesso, si evita di abbassare la testa, si ha la sensazione che tutti se ne accorgano. Per questo la <strong>vestibilit\u00e0<\/strong> \u00e8 un criterio decisivo quanto l&#8217;estetica.<\/p>\n<p>Gli errori pi\u00f9 frequenti sono abbastanza riconoscibili:<\/p>\n<ul>\n<li>scegliere una misura senza verificare la reale aderenza;<\/li>\n<li>puntare su troppo volume per compensare la perdita dei capelli;<\/li>\n<li>trascurare la linea frontale, che \u00e8 una delle zone pi\u00f9 visibili;<\/li>\n<li>accettare un lieve fastidio pensando che ci si abituer\u00e0.<\/li>\n<\/ul>\n<p>Quel lieve fastidio, dopo alcune ore, spesso diventa il motivo per cui la parrucca viene usata sempre meno. Meglio quindi dare peso alle sensazioni immediate. Se un modello convince esteticamente ma non \u00e8 confortevole, \u00e8 ragionevole continuare a cercare. In caso di dubbi sulle caratteristiche di adattabilit\u00e0, <strong>verifica nella scheda prodotto<\/strong> se sono indicate informazioni utili sulla vestibilit\u00e0.<\/p>\n<p>Chi desidera approfondire il tema della tenuta e delle soluzioni da usare insieme alla parrucca pu\u00f2 trovare spunti pratici anche nella sezione dedicata a <a href=\"[LINK:URL]\">accessori per parrucche<\/a>, utile soprattutto quando si vuole migliorare la sensazione di stabilit\u00e0 senza appesantire l&#8217;insieme.<\/p>\n<h2>Parrucche oncologiche e vita quotidiana: lavoro, uscite, momenti in casa<\/h2>\n<p>La scelta cambia molto a seconda di come si vive la giornata. Chi passa molte ore fuori casa tende ad apprezzare modelli ordinati senza troppo intervento. Chi invece alterna casa e brevi uscite pu\u00f2 preferire una parrucca facile da indossare e togliere, magari da usare solo quando ne sente davvero il bisogno. Non c&#8217;\u00e8 un modo giusto in assoluto: c&#8217;\u00e8 quello che riduce stress e attrito nella routine.<\/p>\n<p>Un buon test mentale consiste nel chiedersi: la indosserei anche in una giornata normale, non solo in un&#8217;occasione speciale? Se la risposta \u00e8 no, forse il modello \u00e8 troppo costruito rispetto alle proprie abitudini. Le parrucche che funzionano meglio durante la chemioterapia sono spesso quelle che non chiedono energia extra.<\/p>\n<p>Per molte persone \u00e8 utile avere un piccolo sistema personale:<\/p>\n<ul>\n<li>una parrucca per le uscite o il lavoro;<\/li>\n<li>un&#8217;alternativa pi\u00f9 morbida per casa o per i giorni di maggiore sensibilit\u00e0;<\/li>\n<li>accessori semplici per cambiare sensazione senza dover ripensare ogni volta tutto il look.<\/li>\n<\/ul>\n<p>Se stai valutando diverse possibilit\u00e0, pu\u00f2 essere interessante dare uno sguardo anche ai contenuti su <a href=\"[LINK:URL]\">come prendersi cura della parrucca<\/a>. Una gestione pi\u00f9 semplice incide molto sulla soddisfazione nel tempo, soprattutto quando energie e attenzione non sono sempre le stesse.<\/p>\n<h2>Quando conviene provare uno stile diverso dal proprio taglio abituale<\/h2>\n<p>Restare fedeli alla propria immagine pu\u00f2 essere rassicurante, ma non sempre \u00e8 la strada pi\u00f9 naturale. Alcuni tagli che sui capelli veri funzionavano bene, su una parrucca possono risultare pi\u00f9 rigidi o meno armoniosi. Al contrario, una forma leggermente diversa pu\u00f2 addolcire il viso e sembrare subito pi\u00f9 credibile.<\/p>\n<p>Vale soprattutto per frange, scalature e lunghezze intorno al collo. Una frangia, ad esempio, pu\u00f2 aiutare chi desidera sentirsi pi\u00f9 coperta sul davanti, ma non \u00e8 sempre la scelta pi\u00f9 pratica se si cerca leggerezza visiva. Un taglio medio con movimento controllato, invece, spesso d\u00e0 un&#8217;impressione naturale senza richiedere troppo. La regola utile \u00e8 questa: <strong>scegliere ci\u00f2 che si indossa con disinvoltura<\/strong>, non ci\u00f2 che sulla carta somiglia di pi\u00f9 ai capelli di prima.<\/p>\n<p>Per orientarti tra linee e stili differenti, pu\u00f2 essere utile consultare anche una pagina dedicata ai <a href=\"[LINK:URL]\">brand di parrucche<\/a>, cos\u00ec da capire quali impostazioni estetiche si avvicinano di pi\u00f9 al tuo gusto personale.<\/p>\n<p><!--W4Y_BF_SUGGESTED_PRODUCTS--><\/p>\n<h2>Un supporto discreto nella scelta<\/h2>\n<p>Se stai cercando una parrucca oncologica da indossare durante la chemioterapia, prenditi il tempo per confrontare modelli, struttura interna e stile complessivo, senza forzarti verso una scelta \u201cperfetta\u201d al primo tentativo. Nella categoria dedicata o tra i brand disponibili puoi valutare con calma le opzioni pi\u00f9 adatte al tuo modo di vivere la quotidianit\u00e0 e, se serve, partire da una selezione essenziale ma davvero portabile.<\/p>\n[w4y_bf_related_posts post_id=&#8221;48861&#8243;]\n<hr \/>\n<h2>FAQ<\/h2>\n<div class=\"w4y-faq\">\n<h3>Come scegliere una parrucca oncologica se il cuoio capelluto \u00e8 molto sensibile?<\/h3>\n<p>Conviene partire dalla struttura interna pi\u00f9 che dal taglio. Una calotta morbida, leggera e poco invasiva tende a essere pi\u00f9 tollerabile nelle ore di utilizzo. Se hai dubbi sui materiali o sulla costruzione, verifica nella scheda prodotto e considera anche l&#8217;uso di un sottocuffia delicato.<\/p>\n<h3>\u00c8 meglio scegliere una parrucca uguale ai propri capelli di prima?<\/h3>\n<p>Non sempre. In molti casi funziona meglio una somiglianza generale, pi\u00f9 che una copia esatta del taglio precedente. Durante la chemioterapia cambiano sensibilit\u00e0, proporzioni percepite e praticit\u00e0 d&#8217;uso, quindi un modello leggermente diverso pu\u00f2 risultare pi\u00f9 naturale da indossare.<\/p>\n<h3>Quale lunghezza \u00e8 pi\u00f9 pratica durante la chemioterapia?<\/h3>\n<p>Dipende dalle abitudini personali, ma spesso le lunghezze facili da gestire risultano pi\u00f9 comode nella routine quotidiana. Un taglio troppo lungo o molto voluminoso pu\u00f2 richiedere pi\u00f9 attenzione, mentre una forma pi\u00f9 equilibrata tende a essere semplice da sistemare e da portare per diverse ore.<\/p>\n<h3>Come capire se la vestibilit\u00e0 della parrucca \u00e8 corretta?<\/h3>\n<p>Una buona vestibilit\u00e0 si nota perch\u00e9 la parrucca resta stabile senza stringere e senza richiedere continui aggiustamenti. Se avverti pressione, calore eccessivo o la sensazione che si sposti facilmente, probabilmente il modello non \u00e8 quello pi\u00f9 adatto alle tue esigenze.<\/p>\n<h3>Si pu\u00f2 alternare la parrucca oncologica ad altre soluzioni?<\/h3>\n<p>S\u00ec, molte persone alternano la parrucca a foulard, turbanti o copricapo pi\u00f9 morbidi, soprattutto nei giorni in cui il cuoio capelluto \u00e8 pi\u00f9 delicato o si desidera una sensazione pi\u00f9 leggera. Questa alternanza aiuta a rendere la gestione quotidiana pi\u00f9 flessibile.<\/p>\n<\/div>\n<p><script type=\"application\/ld+json\">{\"@context\":\"https:\/\/schema.org\",\"@type\":\"FAQPage\",\"mainEntity\":[{\"@type\":\"Question\",\"name\":\"Come scegliere una parrucca oncologica se il cuoio capelluto \u00e8 molto sensibile?\",\"acceptedAnswer\":{\"@type\":\"Answer\",\"text\":\"Conviene partire dalla struttura interna pi\u00f9 che dal taglio. Una calotta morbida, leggera e poco invasiva tende a essere pi\u00f9 tollerabile nelle ore di utilizzo. Se hai dubbi sui materiali o sulla costruzione, verifica nella scheda prodotto e considera anche l'uso di un sottocuffia delicato.\"}},{\"@type\":\"Question\",\"name\":\"\u00c8 meglio scegliere una parrucca uguale ai propri capelli di prima?\",\"acceptedAnswer\":{\"@type\":\"Answer\",\"text\":\"Non sempre. In molti casi funziona meglio una somiglianza generale, pi\u00f9 che una copia esatta del taglio precedente. Durante la chemioterapia cambiano sensibilit\u00e0, proporzioni percepite e praticit\u00e0 d'uso, quindi un modello leggermente diverso pu\u00f2 risultare pi\u00f9 naturale da indossare.\"}},{\"@type\":\"Question\",\"name\":\"Quale lunghezza \u00e8 pi\u00f9 pratica durante la chemioterapia?\",\"acceptedAnswer\":{\"@type\":\"Answer\",\"text\":\"Dipende dalle abitudini personali, ma spesso le lunghezze facili da gestire risultano pi\u00f9 comode nella routine quotidiana. Un taglio troppo lungo o molto voluminoso pu\u00f2 richiedere pi\u00f9 attenzione, mentre una forma pi\u00f9 equilibrata tende a essere semplice da sistemare e da portare per diverse ore.\"}},{\"@type\":\"Question\",\"name\":\"Come capire se la vestibilit\u00e0 della parrucca \u00e8 corretta?\",\"acceptedAnswer\":{\"@type\":\"Answer\",\"text\":\"Una buona vestibilit\u00e0 si nota perch\u00e9 la parrucca resta stabile senza stringere e senza richiedere continui aggiustamenti. Se avverti pressione, calore eccessivo o la sensazione che si sposti facilmente, probabilmente il modello non \u00e8 quello pi\u00f9 adatto alle tue esigenze.\"}},{\"@type\":\"Question\",\"name\":\"Si pu\u00f2 alternare la parrucca oncologica ad altre soluzioni?\",\"acceptedAnswer\":{\"@type\":\"Answer\",\"text\":\"S\u00ec, molte persone alternano la parrucca a foulard, turbanti o copricapo pi\u00f9 morbidi, soprattutto nei giorni in cui il cuoio capelluto \u00e8 pi\u00f9 delicato o si desidera una sensazione pi\u00f9 leggera. Questa alternanza aiuta a rendere la gestione quotidiana pi\u00f9 flessibile.\"}}]}<\/script><\/p>\n","protected":false},"excerpt":{"rendered":"<p>Learn all about oncology wigs: how to find the right model during chemotherapy. Insights, tips and practical solutions for every need.<\/p>","protected":false},"author":1,"featured_media":48862,"comment_status":"open","ping_status":"open","sticky":false,"template":"","format":"standard","meta":{"_acf_changed":false,"_monsterinsights_skip_tracking":false,"footnotes":""},"categories":[80,81,18],"tags":[187],"class_list":["post-48861","post","type-post","status-publish","format-standard","has-post-thumbnail","hentry","category-consigli","category-curiosita","category-hairstyles","tag-parrucche-oncologiche"],"acf":[],"yoast_head":"<!-- This site is optimized with the Yoast SEO Premium plugin v26.1 (Yoast SEO v26.1.1) - https:\/\/yoast.com\/wordpress\/plugins\/seo\/ -->\n<title>Parrucche Oncologiche: Modello Giusto in Chemioterapia | Newfreestyle<\/title>\n<meta name=\"description\" content=\"Come scegliere parrucche oncologiche comode e naturali durante la chemioterapia: comfort, vestibilit\u00e0, colore e uso quotidiano.\" \/>\n<meta name=\"robots\" content=\"index, follow, max-snippet:-1, max-image-preview:large, max-video-preview:-1\" \/>\n<link rel=\"canonical\" href=\"https:\/\/www.newfreestyle.it\/en\/oncological-wigs\/\" \/>\n<meta property=\"og:locale\" content=\"en_GB\" \/>\n<meta property=\"og:type\" content=\"article\" \/>\n<meta property=\"og:title\" content=\"Parrucche Oncologiche: Come Trovare il Modello Giusto durante la Chemioterapia\" \/>\n<meta property=\"og:description\" content=\"Come scegliere parrucche oncologiche comode e naturali durante la chemioterapia: comfort, vestibilit\u00e0, colore e uso quotidiano.\" \/>\n<meta property=\"og:url\" content=\"https:\/\/www.newfreestyle.it\/en\/oncological-wigs\/\" \/>\n<meta property=\"og:site_name\" content=\"Newfreestyle Hair System\" \/>\n<meta property=\"article:publisher\" content=\"https:\/\/www.facebook.com\/newfreestyle.it\/\" \/>\n<meta property=\"article:published_time\" content=\"2024-09-30T10:43:03+00:00\" \/>\n<meta property=\"article:modified_time\" content=\"2026-05-18T16:38:07+00:00\" \/>\n<meta property=\"og:image\" content=\"https:\/\/www.newfreestyle.it\/wp-content\/uploads\/2024\/09\/DALL\u00b7E-2024-09-30-12.42.37-A-detailed-image-of-a-high-quality-comfortable-and-natural-looking-wig-designed-for-chemotherapy-patients.-The-wig-should-appear-lightweight-with-s.webp\" \/>\n\t<meta property=\"og:image:width\" content=\"1024\" \/>\n\t<meta property=\"og:image:height\" content=\"1024\" \/>\n\t<meta property=\"og:image:type\" content=\"image\/webp\" \/>\n<meta name=\"author\" content=\"administrator\" \/>\n<meta name=\"twitter:card\" content=\"summary_large_image\" \/>\n<meta name=\"twitter:label1\" content=\"Written by\" \/>\n\t<meta name=\"twitter:data1\" content=\"administrator\" \/>\n\t<meta name=\"twitter:label2\" content=\"Estimated reading time\" \/>\n\t<meta name=\"twitter:data2\" content=\"12 minutes\" \/>\n<script type=\"application\/ld+json\" class=\"yoast-schema-graph\">{\"@context\":\"https:\/\/schema.org\",\"@graph\":[{\"@type\":\"Article\",\"@id\":\"https:\/\/www.newfreestyle.it\/parrucche-oncologiche\/#article\",\"isPartOf\":{\"@id\":\"https:\/\/www.newfreestyle.it\/parrucche-oncologiche\/\"},\"author\":{\"name\":\"administrator\",\"@id\":\"https:\/\/www.newfreestyle.it\/en\/#\/schema\/person\/b9e4906406241a38e4df5621c1762de1\"},\"headline\":\"Parrucche Oncologiche: Come Trovare il Modello Giusto durante la Chemioterapia\",\"datePublished\":\"2024-09-30T10:43:03+00:00\",\"dateModified\":\"2026-05-18T16:38:07+00:00\",\"mainEntityOfPage\":{\"@id\":\"https:\/\/www.newfreestyle.it\/parrucche-oncologiche\/\"},\"wordCount\":2063,\"commentCount\":0,\"publisher\":{\"@id\":\"https:\/\/www.newfreestyle.it\/en\/#organization\"},\"image\":{\"@id\":\"https:\/\/www.newfreestyle.it\/parrucche-oncologiche\/#primaryimage\"},\"thumbnailUrl\":\"https:\/\/www.newfreestyle.it\/wp-content\/uploads\/2024\/09\/DALL\u00b7E-2024-09-30-12.42.37-A-detailed-image-of-a-high-quality-comfortable-and-natural-looking-wig-designed-for-chemotherapy-patients.-The-wig-should-appear-lightweight-with-s.webp\",\"keywords\":[\"Parrucche Oncologiche\"],\"articleSection\":[\"Consigli\",\"Curiosit\u00e0\",\"Hairstyles\"],\"inLanguage\":\"en-GB\",\"potentialAction\":[{\"@type\":\"CommentAction\",\"name\":\"Comment\",\"target\":[\"https:\/\/www.newfreestyle.it\/parrucche-oncologiche\/#respond\"]}]},{\"@type\":\"WebPage\",\"@id\":\"https:\/\/www.newfreestyle.it\/parrucche-oncologiche\/\",\"url\":\"https:\/\/www.newfreestyle.it\/parrucche-oncologiche\/\",\"name\":\"Parrucche Oncologiche: Modello Giusto in Chemioterapia | Newfreestyle\",\"isPartOf\":{\"@id\":\"https:\/\/www.newfreestyle.it\/en\/#website\"},\"primaryImageOfPage\":{\"@id\":\"https:\/\/www.newfreestyle.it\/parrucche-oncologiche\/#primaryimage\"},\"image\":{\"@id\":\"https:\/\/www.newfreestyle.it\/parrucche-oncologiche\/#primaryimage\"},\"thumbnailUrl\":\"https:\/\/www.newfreestyle.it\/wp-content\/uploads\/2024\/09\/DALL\u00b7E-2024-09-30-12.42.37-A-detailed-image-of-a-high-quality-comfortable-and-natural-looking-wig-designed-for-chemotherapy-patients.-The-wig-should-appear-lightweight-with-s.webp\",\"datePublished\":\"2024-09-30T10:43:03+00:00\",\"dateModified\":\"2026-05-18T16:38:07+00:00\",\"description\":\"Come scegliere parrucche oncologiche comode e naturali durante la chemioterapia: comfort, vestibilit\u00e0, colore e uso quotidiano.\",\"breadcrumb\":{\"@id\":\"https:\/\/www.newfreestyle.it\/parrucche-oncologiche\/#breadcrumb\"},\"inLanguage\":\"en-GB\",\"potentialAction\":[{\"@type\":\"ReadAction\",\"target\":[\"https:\/\/www.newfreestyle.it\/parrucche-oncologiche\/\"]}]},{\"@type\":\"ImageObject\",\"inLanguage\":\"en-GB\",\"@id\":\"https:\/\/www.newfreestyle.it\/parrucche-oncologiche\/#primaryimage\",\"url\":\"https:\/\/www.newfreestyle.it\/wp-content\/uploads\/2024\/09\/DALL\u00b7E-2024-09-30-12.42.37-A-detailed-image-of-a-high-quality-comfortable-and-natural-looking-wig-designed-for-chemotherapy-patients.-The-wig-should-appear-lightweight-with-s.webp\",\"contentUrl\":\"https:\/\/www.newfreestyle.it\/wp-content\/uploads\/2024\/09\/DALL\u00b7E-2024-09-30-12.42.37-A-detailed-image-of-a-high-quality-comfortable-and-natural-looking-wig-designed-for-chemotherapy-patients.-The-wig-should-appear-lightweight-with-s.webp\",\"width\":1024,\"height\":1024},{\"@type\":\"BreadcrumbList\",\"@id\":\"https:\/\/www.newfreestyle.it\/parrucche-oncologiche\/#breadcrumb\",\"itemListElement\":[{\"@type\":\"ListItem\",\"position\":1,\"name\":\"Home\",\"item\":\"https:\/\/www.newfreestyle.it\/\"},{\"@type\":\"ListItem\",\"position\":2,\"name\":\"Parrucche Oncologiche: Come Trovare il Modello Giusto durante la Chemioterapia\"}]},{\"@type\":\"WebSite\",\"@id\":\"https:\/\/www.newfreestyle.it\/en\/#website\",\"url\":\"https:\/\/www.newfreestyle.it\/en\/\",\"name\":\"Protesi Capelli Uomo Impianti Capillari\",\"description\":\"Risolviamo ogni tipologia di Calvizie mediante l\u2019ausilio di protesi capillari non chirurgiche anche chiamata patch cutaneo.\",\"publisher\":{\"@id\":\"https:\/\/www.newfreestyle.it\/en\/#organization\"},\"potentialAction\":[{\"@type\":\"SearchAction\",\"target\":{\"@type\":\"EntryPoint\",\"urlTemplate\":\"https:\/\/www.newfreestyle.it\/en\/?s={search_term_string}\"},\"query-input\":{\"@type\":\"PropertyValueSpecification\",\"valueRequired\":true,\"valueName\":\"search_term_string\"}}],\"inLanguage\":\"en-GB\"},{\"@type\":[\"Organization\",\"Place\"],\"@id\":\"https:\/\/www.newfreestyle.it\/en\/#organization\",\"name\":\"Newfreestyle Hair System\",\"alternateName\":\"Protesi Capelli Uomo Personalizzate\",\"url\":\"https:\/\/www.newfreestyle.it\/en\/\",\"logo\":{\"@id\":\"https:\/\/www.newfreestyle.it\/parrucche-oncologiche\/#local-main-organization-logo\"},\"image\":{\"@id\":\"https:\/\/www.newfreestyle.it\/parrucche-oncologiche\/#local-main-organization-logo\"},\"sameAs\":[\"https:\/\/www.facebook.com\/newfreestyle.it\/\",\"https:\/\/www.instagram.com\/newfreestyle_hairsystem\/\"],\"address\":{\"@id\":\"https:\/\/www.newfreestyle.it\/parrucche-oncologiche\/#local-main-place-address\"},\"geo\":{\"@type\":\"GeoCoordinates\",\"latitude\":\"45.5086608\",\"longitude\":\"9.2005743\"},\"telephone\":[\"3297256048\"],\"openingHoursSpecification\":[{\"@type\":\"OpeningHoursSpecification\",\"dayOfWeek\":[\"Monday\",\"Tuesday\",\"Wednesday\",\"Thursday\",\"Friday\",\"Saturday\"],\"opens\":\"09:00\",\"closes\":\"19:00\"},{\"@type\":\"OpeningHoursSpecification\",\"dayOfWeek\":[\"Sunday\"],\"opens\":\"00:00\",\"closes\":\"00:00\"}],\"email\":\"direzione@newfreestyle.it\",\"vatID\":\"IT11145080963\",\"taxID\":\"SCIMST69H67I690R\"},{\"@type\":\"Person\",\"@id\":\"https:\/\/www.newfreestyle.it\/en\/#\/schema\/person\/b9e4906406241a38e4df5621c1762de1\",\"name\":\"administrator\",\"sameAs\":[\"https:\/\/newfreestyle.it\"],\"url\":\"https:\/\/www.newfreestyle.it\/en\/author\/administrator\/\"},{\"@type\":\"PostalAddress\",\"@id\":\"https:\/\/www.newfreestyle.it\/parrucche-oncologiche\/#local-main-place-address\",\"streetAddress\":\"Via Cino da Pistoia, 18\",\"addressLocality\":\"Milano\",\"postalCode\":\"20162\",\"addressRegion\":\"MI\",\"addressCountry\":\"IT\"},{\"@type\":\"ImageObject\",\"inLanguage\":\"en-GB\",\"@id\":\"https:\/\/www.newfreestyle.it\/parrucche-oncologiche\/#local-main-organization-logo\",\"url\":\"https:\/\/www.newfreestyle.it\/wp-content\/uploads\/2023\/09\/cropped-newfreestyle-150x145-1.png\",\"contentUrl\":\"https:\/\/www.newfreestyle.it\/wp-content\/uploads\/2023\/09\/cropped-newfreestyle-150x145-1.png\",\"width\":512,\"height\":512,\"caption\":\"Newfreestyle Hair System\"}]}<\/script>\n<meta name=\"geo.placename\" content=\"Milano\" \/>\n<meta name=\"geo.position\" content=\"45.5086608;9.2005743\" \/>\n<meta name=\"geo.region\" content=\"Italy\" \/>\n<!-- \/ Yoast SEO Premium plugin. -->","yoast_head_json":{"title":"Oncological Wigs: The Right Model in Chemotherapy | Newfreestyle","description":"How to choose comfortable and natural oncological wigs during chemotherapy: comfort, fit, color, and daily use.","robots":{"index":"index","follow":"follow","max-snippet":"max-snippet:-1","max-image-preview":"max-image-preview:large","max-video-preview":"max-video-preview:-1"},"canonical":"https:\/\/www.newfreestyle.it\/en\/oncological-wigs\/","og_locale":"en_GB","og_type":"article","og_title":"Parrucche Oncologiche: Come Trovare il Modello Giusto durante la Chemioterapia","og_description":"Come scegliere parrucche oncologiche comode e naturali durante la chemioterapia: comfort, vestibilit\u00e0, colore e uso quotidiano.","og_url":"https:\/\/www.newfreestyle.it\/en\/oncological-wigs\/","og_site_name":"Newfreestyle Hair System","article_publisher":"https:\/\/www.facebook.com\/newfreestyle.it\/","article_published_time":"2024-09-30T10:43:03+00:00","article_modified_time":"2026-05-18T16:38:07+00:00","og_image":[{"width":1024,"height":1024,"url":"https:\/\/www.newfreestyle.it\/wp-content\/uploads\/2024\/09\/DALL\u00b7E-2024-09-30-12.42.37-A-detailed-image-of-a-high-quality-comfortable-and-natural-looking-wig-designed-for-chemotherapy-patients.-The-wig-should-appear-lightweight-with-s.webp","type":"image\/webp"}],"author":"administrator","twitter_card":"summary_large_image","twitter_misc":{"Written by":"administrator","Estimated reading time":"12 minutes"},"schema":{"@context":"https:\/\/schema.org","@graph":[{"@type":"Article","@id":"https:\/\/www.newfreestyle.it\/parrucche-oncologiche\/#article","isPartOf":{"@id":"https:\/\/www.newfreestyle.it\/parrucche-oncologiche\/"},"author":{"name":"administrator","@id":"https:\/\/www.newfreestyle.it\/en\/#\/schema\/person\/b9e4906406241a38e4df5621c1762de1"},"headline":"Parrucche Oncologiche: Come Trovare il Modello Giusto durante la Chemioterapia","datePublished":"2024-09-30T10:43:03+00:00","dateModified":"2026-05-18T16:38:07+00:00","mainEntityOfPage":{"@id":"https:\/\/www.newfreestyle.it\/parrucche-oncologiche\/"},"wordCount":2063,"commentCount":0,"publisher":{"@id":"https:\/\/www.newfreestyle.it\/en\/#organization"},"image":{"@id":"https:\/\/www.newfreestyle.it\/parrucche-oncologiche\/#primaryimage"},"thumbnailUrl":"https:\/\/www.newfreestyle.it\/wp-content\/uploads\/2024\/09\/DALL\u00b7E-2024-09-30-12.42.37-A-detailed-image-of-a-high-quality-comfortable-and-natural-looking-wig-designed-for-chemotherapy-patients.-The-wig-should-appear-lightweight-with-s.webp","keywords":["Parrucche Oncologiche"],"articleSection":["Consigli","Curiosit\u00e0","Hairstyles"],"inLanguage":"en-GB","potentialAction":[{"@type":"CommentAction","name":"Comment","target":["https:\/\/www.newfreestyle.it\/parrucche-oncologiche\/#respond"]}]},{"@type":"WebPage","@id":"https:\/\/www.newfreestyle.it\/parrucche-oncologiche\/","url":"https:\/\/www.newfreestyle.it\/parrucche-oncologiche\/","name":"Oncological Wigs: The Right Model in Chemotherapy | Newfreestyle","isPartOf":{"@id":"https:\/\/www.newfreestyle.it\/en\/#website"},"primaryImageOfPage":{"@id":"https:\/\/www.newfreestyle.it\/parrucche-oncologiche\/#primaryimage"},"image":{"@id":"https:\/\/www.newfreestyle.it\/parrucche-oncologiche\/#primaryimage"},"thumbnailUrl":"https:\/\/www.newfreestyle.it\/wp-content\/uploads\/2024\/09\/DALL\u00b7E-2024-09-30-12.42.37-A-detailed-image-of-a-high-quality-comfortable-and-natural-looking-wig-designed-for-chemotherapy-patients.-The-wig-should-appear-lightweight-with-s.webp","datePublished":"2024-09-30T10:43:03+00:00","dateModified":"2026-05-18T16:38:07+00:00","description":"How to choose comfortable and natural oncological wigs during chemotherapy: comfort, fit, color, and daily use.","breadcrumb":{"@id":"https:\/\/www.newfreestyle.it\/parrucche-oncologiche\/#breadcrumb"},"inLanguage":"en-GB","potentialAction":[{"@type":"ReadAction","target":["https:\/\/www.newfreestyle.it\/parrucche-oncologiche\/"]}]},{"@type":"ImageObject","inLanguage":"en-GB","@id":"https:\/\/www.newfreestyle.it\/parrucche-oncologiche\/#primaryimage","url":"https:\/\/www.newfreestyle.it\/wp-content\/uploads\/2024\/09\/DALL\u00b7E-2024-09-30-12.42.37-A-detailed-image-of-a-high-quality-comfortable-and-natural-looking-wig-designed-for-chemotherapy-patients.-The-wig-should-appear-lightweight-with-s.webp","contentUrl":"https:\/\/www.newfreestyle.it\/wp-content\/uploads\/2024\/09\/DALL\u00b7E-2024-09-30-12.42.37-A-detailed-image-of-a-high-quality-comfortable-and-natural-looking-wig-designed-for-chemotherapy-patients.-The-wig-should-appear-lightweight-with-s.webp","width":1024,"height":1024},{"@type":"BreadcrumbList","@id":"https:\/\/www.newfreestyle.it\/parrucche-oncologiche\/#breadcrumb","itemListElement":[{"@type":"ListItem","position":1,"name":"Home","item":"https:\/\/www.newfreestyle.it\/"},{"@type":"ListItem","position":2,"name":"Parrucche Oncologiche: Come Trovare il Modello Giusto durante la Chemioterapia"}]},{"@type":"WebSite","@id":"https:\/\/www.newfreestyle.it\/en\/#website","url":"https:\/\/www.newfreestyle.it\/en\/","name":"Men's Hair Implants Capillary Implants","description":"We solve all types of baldness with the help of non-surgical capillary implants also called skin patches.","publisher":{"@id":"https:\/\/www.newfreestyle.it\/en\/#organization"},"potentialAction":[{"@type":"SearchAction","target":{"@type":"EntryPoint","urlTemplate":"https:\/\/www.newfreestyle.it\/en\/?s={search_term_string}"},"query-input":{"@type":"PropertyValueSpecification","valueRequired":true,"valueName":"search_term_string"}}],"inLanguage":"en-GB"},{"@type":["Organization","Place"],"@id":"https:\/\/www.newfreestyle.it\/en\/#organization","name":"Newfreestyle Hair System","alternateName":"Protesi Capelli Uomo Personalizzate","url":"https:\/\/www.newfreestyle.it\/en\/","logo":{"@id":"https:\/\/www.newfreestyle.it\/parrucche-oncologiche\/#local-main-organization-logo"},"image":{"@id":"https:\/\/www.newfreestyle.it\/parrucche-oncologiche\/#local-main-organization-logo"},"sameAs":["https:\/\/www.facebook.com\/newfreestyle.it\/","https:\/\/www.instagram.com\/newfreestyle_hairsystem\/"],"address":{"@id":"https:\/\/www.newfreestyle.it\/parrucche-oncologiche\/#local-main-place-address"},"geo":{"@type":"GeoCoordinates","latitude":"45.5086608","longitude":"9.2005743"},"telephone":["3297256048"],"openingHoursSpecification":[{"@type":"OpeningHoursSpecification","dayOfWeek":["Monday","Tuesday","Wednesday","Thursday","Friday","Saturday"],"opens":"09:00","closes":"19:00"},{"@type":"OpeningHoursSpecification","dayOfWeek":["Sunday"],"opens":"00:00","closes":"00:00"}],"email":"direzione@newfreestyle.it","vatID":"IT11145080963","taxID":"SCIMST69H67I690R"},{"@type":"Person","@id":"https:\/\/www.newfreestyle.it\/en\/#\/schema\/person\/b9e4906406241a38e4df5621c1762de1","name":"administrator","sameAs":["https:\/\/newfreestyle.it"],"url":"https:\/\/www.newfreestyle.it\/en\/author\/administrator\/"},{"@type":"PostalAddress","@id":"https:\/\/www.newfreestyle.it\/parrucche-oncologiche\/#local-main-place-address","streetAddress":"Via Cino da Pistoia, 18","addressLocality":"Milano","postalCode":"20162","addressRegion":"MI","addressCountry":"IT"},{"@type":"ImageObject","inLanguage":"en-GB","@id":"https:\/\/www.newfreestyle.it\/parrucche-oncologiche\/#local-main-organization-logo","url":"https:\/\/www.newfreestyle.it\/wp-content\/uploads\/2023\/09\/cropped-newfreestyle-150x145-1.png","contentUrl":"https:\/\/www.newfreestyle.it\/wp-content\/uploads\/2023\/09\/cropped-newfreestyle-150x145-1.png","width":512,"height":512,"caption":"Newfreestyle Hair System"}]},"geo.placename":"Milano","geo.position":{"lat":"45.5086608","long":"9.2005743"},"geo.region":"Italy"},"_links":{"self":[{"href":"https:\/\/www.newfreestyle.it\/en\/wp-json\/wp\/v2\/posts\/48861","targetHints":{"allow":["GET"]}}],"collection":[{"href":"https:\/\/www.newfreestyle.it\/en\/wp-json\/wp\/v2\/posts"}],"about":[{"href":"https:\/\/www.newfreestyle.it\/en\/wp-json\/wp\/v2\/types\/post"}],"author":[{"embeddable":true,"href":"https:\/\/www.newfreestyle.it\/en\/wp-json\/wp\/v2\/users\/1"}],"replies":[{"embeddable":true,"href":"https:\/\/www.newfreestyle.it\/en\/wp-json\/wp\/v2\/comments?post=48861"}],"version-history":[{"count":7,"href":"https:\/\/www.newfreestyle.it\/en\/wp-json\/wp\/v2\/posts\/48861\/revisions"}],"predecessor-version":[{"id":49954,"href":"https:\/\/www.newfreestyle.it\/en\/wp-json\/wp\/v2\/posts\/48861\/revisions\/49954"}],"wp:featuredmedia":[{"embeddable":true,"href":"https:\/\/www.newfreestyle.it\/en\/wp-json\/wp\/v2\/media\/48862"}],"wp:attachment":[{"href":"https:\/\/www.newfreestyle.it\/en\/wp-json\/wp\/v2\/media?parent=48861"}],"wp:term":[{"taxonomy":"category","embeddable":true,"href":"https:\/\/www.newfreestyle.it\/en\/wp-json\/wp\/v2\/categories?post=48861"},{"taxonomy":"post_tag","embeddable":true,"href":"https:\/\/www.newfreestyle.it\/en\/wp-json\/wp\/v2\/tags?post=48861"}],"curies":[{"name":"wp","href":"https:\/\/api.w.org\/{rel}","templated":true}]}}