
{"id":48837,"date":"2024-09-22T12:15:49","date_gmt":"2024-09-22T10:15:49","guid":{"rendered":"https:\/\/www.newfreestyle.it\/?p=48837"},"modified":"2026-05-18T18:50:56","modified_gmt":"2026-05-18T16:50:56","slug":"capillary-prosthesis","status":"publish","type":"post","link":"https:\/\/www.newfreestyle.it\/en\/capillary-prosthesis\/","title":{"rendered":"Capillary Implants: Benefits for Alopecia Sufferers"},"content":{"rendered":"<p>Ci sono momenti in cui l\u2019alopecia smette di essere un tema astratto e diventa qualcosa di molto concreto: lo specchio al mattino, una foto scattata senza preavviso, il disagio di spiegare un cambiamento che non si ha voglia di raccontare. Per molte persone non si tratta solo di capelli che mancano, ma di abitudini che cambiano, sicurezza che vacilla e libert\u00e0 personale che si riduce. In questo contesto, le <strong>protesi capillari<\/strong> vengono spesso considerate non come un accessorio estetico, ma come uno strumento pratico per tornare a gestire la propria immagine con maggiore serenit\u00e0.<\/p>\n<p>Quando l\u2019alopecia \u00e8 temporanea, progressiva o ormai stabilizzata, la scelta di una protesi nasce quasi sempre da un\u2019esigenza precisa: ottenere un risultato credibile, comodo da portare e coerente con il proprio stile di vita. Non tutte le persone cercano la stessa cosa. C\u2019\u00e8 chi desidera un effetto molto naturale nella vita quotidiana, chi mette al primo posto la discrezione, chi vuole una gestione semplice e chi invece presta attenzione soprattutto alla tenuta durante giornate intense. Capire i benefici reali aiuta a orientarsi senza aspettative irrealistiche.<\/p>\n<h2>Protesi capillari e alopecia: perch\u00e9 vengono scelte sempre pi\u00f9 spesso<\/h2>\n<p>Chi soffre di alopecia sa bene che il problema non riguarda solo l\u2019aspetto esteriore. Spesso cambia il rapporto con i gesti pi\u00f9 semplici: uscire senza copricapo, entrare in un ambiente nuovo, affrontare un colloquio, partecipare a un evento. Le <strong>protesi capillari per alopecia<\/strong> rispondono a questa esigenza concreta: permettono di ripristinare un\u2019immagine pi\u00f9 vicina a quella con cui ci si riconosce.<\/p>\n<p>Uno dei motivi per cui vengono scelte \u00e8 la loro capacit\u00e0 di adattarsi a situazioni diverse. Non tutte le forme di alopecia si presentano allo stesso modo, e non tutte richiedono lo stesso approccio. In alcuni casi si cerca una copertura completa, in altri una soluzione mirata a zone specifiche. Il criterio utile, qui, \u00e8 semplice: valutare sempre <strong>l\u2019estensione della perdita<\/strong>, la sensibilit\u00e0 della cute e il livello di manutenzione che si \u00e8 davvero disposti a gestire nel tempo.<\/p>\n<p>Per chi sta ancora raccogliendo informazioni, pu\u00f2 essere utile confrontare materiali, modalit\u00e0 di applicazione e routine di cura leggendo contenuti correlati come <a href=\"[LINK:URL]\">come scegliere una protesi capillare<\/a> o <a href=\"[LINK:URL]\">come prendersi cura della base e dei capelli<\/a>. Avere un quadro pi\u00f9 chiaro evita decisioni impulsive, spesso dettate solo dall\u2019urgenza del momento.<\/p>\n<h2>I benefici pi\u00f9 concreti per chi convive con l\u2019alopecia<\/h2>\n<p>Quando si parla di benefici, \u00e8 utile restare su un piano reale. Non si tratta di trasformazioni miracolose, ma di vantaggi percepibili nella vita quotidiana.<\/p>\n<h3>Recupero dell\u2019immagine personale<\/h3>\n<p>Il primo beneficio \u00e8 spesso il pi\u00f9 immediato: rivedersi con una cornice del viso pi\u00f9 familiare. Per molte persone, questo significa tornare a riconoscersi. Non \u00e8 solo una questione estetica; \u00e8 il recupero di una continuit\u00e0 con la propria identit\u00e0. Un criterio importante, in fase di scelta, \u00e8 evitare effetti troppo lontani dal proprio aspetto abituale. Densit\u00e0, linea frontale e tonalit\u00e0 dovrebbero armonizzarsi con i tratti del viso, non stravolgerli.<\/p>\n<h3>Maggiore libert\u00e0 nelle relazioni sociali<\/h3>\n<p>Chi vive l\u2019alopecia in modo faticoso tende spesso a modificare comportamenti e abitudini. Una protesi ben scelta pu\u00f2 ridurre l\u2019attenzione costante verso il proprio aspetto e alleggerire situazioni comuni come una riunione, una cena o una giornata fuori casa. Il punto pratico da considerare \u00e8 la <strong>stabilit\u00e0 durante l\u2019uso<\/strong>: se si teme continuamente che qualcosa si sposti o si noti, il beneficio psicologico si riduce.<\/p>\n<h3>Possibilit\u00e0 di personalizzare il risultato<\/h3>\n<p>Un altro vantaggio concreto \u00e8 la personalizzazione. Le esigenze cambiano da persona a persona: c\u2019\u00e8 chi preferisce un look sobrio e vicino alla propria immagine precedente, chi desidera un taglio pi\u00f9 attuale, chi vuole una gestione rapida ogni mattina. Per questo conviene ragionare su elementi come lunghezza, movimento, presenza o meno di volume in determinate aree e semplicit\u00e0 di styling. Anche quando un risultato appare bello in foto, bisogna chiedersi se sia davvero sostenibile nella routine quotidiana.<\/p>\n<h3>Un approccio non invasivo<\/h3>\n<p>Per molte persone, uno degli aspetti pi\u00f9 apprezzati \u00e8 la possibilit\u00e0 di intervenire sull\u2019aspetto senza percorsi complessi. La protesi capillare viene spesso scelta proprio perch\u00e9 consente di affrontare l\u2019alopecia con un approccio pratico, modulabile e compatibile con fasi diverse della vita. \u00c8 una caratteristica importante soprattutto quando la perdita dei capelli \u00e8 vissuta in modo variabile nel tempo o quando si desidera mantenere margine di scelta.<\/p>\n<h2>Quando una protesi capillare \u00e8 davvero adatta a chi soffre di alopecia<\/h2>\n<p>Non basta desiderare un buon risultato: bisogna capire se la protesi \u00e8 coerente con il proprio caso. La prima valutazione riguarda la cute. Se \u00e8 particolarmente sensibile, reattiva o soggetta a fastidi, conviene orientarsi con attenzione su materiali e sistemi di fissaggio, verificando sempre nella scheda prodotto le indicazioni disponibili.<\/p>\n<p>La seconda riguarda lo stile di vita. Una persona che pratica attivit\u00e0 frequenti, trascorre molte ore fuori casa o desidera una gestione molto rapida avr\u00e0 priorit\u00e0 diverse rispetto a chi pu\u00f2 dedicare pi\u00f9 tempo alla manutenzione. In pratica, prima di scegliere \u00e8 utile farsi alcune domande:<\/p>\n<ul>\n<li>Quanto tempo posso dedicare alla cura ordinaria?<\/li>\n<li>Ho bisogno di una tenuta affidabile per giornate lunghe o dinamiche?<\/li>\n<li>Preferisco un risultato molto naturale anche se richiede pi\u00f9 attenzione?<\/li>\n<li>La mia cute tollera bene contatto e fissaggio?<\/li>\n<li>Mi serve una copertura totale o solo in aree precise?<\/li>\n<\/ul>\n<p>Queste domande aiutano a evitare un errore comune: scegliere in base all\u2019immagine desiderata senza considerare la gestione reale. Una protesi efficace, per chi soffre di alopecia, \u00e8 quella che si integra con la vita quotidiana e non obbliga a continue correzioni o rinunce.<\/p>\n<h2>Comfort, naturalezza e gestione quotidiana: i tre aspetti da valutare bene<\/h2>\n<p>Tra i benefici pi\u00f9 citati c\u2019\u00e8 il comfort, ma \u00e8 anche uno degli aspetti pi\u00f9 soggettivi. Una protesi pu\u00f2 apparire impeccabile e risultare poco piacevole da indossare per molte ore. Ecco perch\u00e9, oltre all\u2019estetica, bisogna considerare come ci si sente durante una giornata normale: al lavoro, in movimento, in ambienti interni o all\u2019aperto.<\/p>\n<h3>Comfort sulla cute<\/h3>\n<p>La sensazione sulla testa conta pi\u00f9 di quanto si immagini. Se la cute \u00e8 delicata, anche piccoli dettagli possono incidere sulla tollerabilit\u00e0. In questi casi conviene prestare attenzione alla leggerezza percepita, alla traspirazione e alla compatibilit\u00e0 con il fissaggio scelto. Se un\u2019informazione non \u00e8 chiara, il riferimento corretto \u00e8 sempre: <strong>verifica nella scheda prodotto<\/strong>.<\/p>\n<h3>Effetto naturale da vicino<\/h3>\n<p>La naturalezza non dipende da un solo elemento. Entra in gioco la linea frontale, il modo in cui i capelli si muovono, la coerenza del colore con incarnato e sopracciglia, la densit\u00e0 complessiva. Un criterio molto utile \u00e8 osservare il risultato in condizioni diverse: luce naturale, luce artificiale, visione frontale e laterale. Un effetto convincente deve reggere non solo allo specchio di casa, ma anche nella vita reale.<\/p>\n<h3>Routine di manutenzione sostenibile<\/h3>\n<p>Un beneficio resta tale solo se \u00e8 sostenibile nel tempo. Alcune persone sono disposte a dedicare attenzione costante a pulizia, styling e controllo dell\u2019applicazione; altre cercano qualcosa di pi\u00f9 semplice. Nessuna scelta \u00e8 migliore in assoluto: la differenza la fa la coerenza con le proprie abitudini. Per approfondire questo aspetto pu\u00f2 essere utile leggere <a href=\"[LINK:URL]\">i consigli sulla manutenzione quotidiana<\/a> e <a href=\"[LINK:URL]\">gli errori da evitare nella gestione della protesi<\/a>.<\/p>\n<h2>Come scegliere una protesi capillare senza basarsi solo sull\u2019estetica<\/h2>\n<p>Quando si affronta l\u2019alopecia, il desiderio di \u201ctornare come prima\u201d pu\u00f2 portare a decisioni affrettate. In realt\u00e0, la scelta migliore nasce da un equilibrio tra resa estetica e praticit\u00e0. Guardare solo il risultato finale \u00e8 comprensibile, ma non basta.<\/p>\n<p>Ci sono almeno quattro criteri decisionali che meritano attenzione:<\/p>\n<ul>\n<li><strong>Compatibilit\u00e0 con la cute<\/strong>: se la pelle \u00e8 sensibile, questo aspetto viene prima di tutto.<\/li>\n<li><strong>Facilit\u00e0 di gestione<\/strong>: una routine troppo complessa finisce spesso per essere abbandonata o vissuta con stress.<\/li>\n<li><strong>Coerenza con il proprio look<\/strong>: un risultato credibile \u00e8 quasi sempre preferibile a un effetto troppo costruito.<\/li>\n<li><strong>Contesto di utilizzo<\/strong>: lavoro, sport, vita sociale e abitudini quotidiane incidono molto pi\u00f9 di quanto si pensi.<\/li>\n<\/ul>\n<p>Un altro elemento spesso sottovalutato \u00e8 il taglio. Anche una buona base perde efficacia se il taglio non accompagna il viso e il movimento dei capelli. Per questo molte persone trovano utile informarsi anche su temi collegati come <a href=\"[LINK:URL]\">tagli e styling per un risultato naturale<\/a>. La protesi non va pensata come un oggetto isolato, ma come parte di un insieme che comprende proporzioni del volto, abitudini e aspettative realistiche.<\/p>\n<h2>L\u2019impatto psicologico delle protesi capillari nell\u2019alopecia<\/h2>\n<p>Non sempre se ne parla con la giusta misura. Da un lato c\u2019\u00e8 chi minimizza, dall\u2019altro chi carica la protesi di aspettative eccessive. La realt\u00e0, di solito, sta nel mezzo. Per molte persone il beneficio psicologico \u00e8 concreto perch\u00e9 riduce l\u2019attenzione costante verso la perdita dei capelli. Non significa cancellare il problema, ma smettere di averlo sempre in primo piano.<\/p>\n<p>Questo alleggerimento si nota spesso nei dettagli: meno esitazione nel guardarsi di profilo, meno bisogno di controllare il riflesso in ogni vetrina, meno tensione quando c\u2019\u00e8 vento o quando qualcuno si avvicina. Sono segnali piccoli, ma molto significativi. Perch\u00e9 il beneficio sia stabile, per\u00f2, serve una scelta onesta: se la protesi non rispecchia davvero le proprie esigenze, il rischio \u00e8 sostituire un disagio con un altro.<\/p>\n<p>Vale anche il contrario: quando il risultato \u00e8 coerente, la protesi smette gradualmente di essere il centro dell\u2019attenzione e torna a essere ci\u00f2 che dovrebbe essere, cio\u00e8 uno strumento per vivere con maggiore naturalezza la propria immagine.<\/p>\n<h2>Dettagli pratici che aiutano a evitare una scelta sbagliata<\/h2>\n<p>Prima di orientarsi verso una protesi capillare, conviene osservare alcuni aspetti molto concreti, spesso pi\u00f9 utili delle impressioni iniziali:<\/p>\n<ul>\n<li><strong>Zona da coprire<\/strong>: una perdita diffusa richiede valutazioni diverse rispetto a un diradamento localizzato.<\/li>\n<li><strong>Abitudine al contatto sulla cute<\/strong>: chi non tollera facilmente accessori o fissaggi dovrebbe considerarlo fin dall\u2019inizio.<\/li>\n<li><strong>Tempo disponibile al mattino<\/strong>: se la preparazione deve essere rapida, la gestione quotidiana diventa un criterio decisivo.<\/li>\n<li><strong>Aspettativa sul risultato<\/strong>: pi\u00f9 l\u2019idea iniziale \u00e8 realistica, maggiore sar\u00e0 la soddisfazione nel tempo.<\/li>\n<li><strong>Contesto personale<\/strong>: lavoro a contatto con il pubblico, attivit\u00e0 dinamiche, vita sociale intensa o esigenze di discrezione cambiano molto la scelta.<\/li>\n<\/ul>\n<p>Un passaggio utile \u00e8 confrontare sempre l\u2019effetto desiderato con quello realmente gestibile. Se, per esempio, si desidera una linea frontale molto esposta ma non si vuole dedicare attenzione alla manutenzione, potrebbe essere necessario rivedere le priorit\u00e0. La scelta migliore non \u00e8 quella pi\u00f9 appariscente, ma quella che regge bene nell\u2019uso quotidiano.<\/p>\n<p><!--W4Y_BF_SUGGESTED_PRODUCTS--><\/p>\n<h2>Un supporto concreto per ritrovare equilibrio nell\u2019immagine personale<\/h2>\n<p>Per chi convive con l\u2019alopecia, le protesi capillari possono rappresentare un modo serio e pratico per recuperare comfort, discrezione e continuit\u00e0 con la propria immagine. Se stai valutando quale opzione sia pi\u00f9 adatta alle tue esigenze, puoi orientarti tra le proposte della categoria o approfondire le soluzioni del brand attraverso i contenuti disponibili sul sito, cos\u00ec da confrontare con calma materiali, gestione e caratteristiche d\u2019uso prima di decidere.<\/p>\n[w4y_bf_related_posts post_id=&#8221;48837&#8243;]\n<hr \/>\n<h2>FAQ<\/h2>\n<div class=\"w4y-faq\">\n<h3>Le protesi capillari sono adatte a tutti i tipi di alopecia?<\/h3>\n<p>Possono essere prese in considerazione in situazioni diverse, ma la scelta dipende dall\u2019estensione della perdita, dalla sensibilit\u00e0 della cute e dal livello di manutenzione che si \u00e8 disposti a gestire. Nei casi pi\u00f9 delicati conviene valutare con attenzione materiali e sistema di fissaggio, verificando sempre nella scheda prodotto le informazioni disponibili.<\/p>\n<h3>Qual \u00e8 il principale beneficio di una protesi capillare per chi soffre di alopecia?<\/h3>\n<p>Il beneficio pi\u00f9 immediato \u00e8 spesso il recupero di un\u2019immagine personale pi\u00f9 familiare. A questo si aggiungono una maggiore libert\u00e0 nelle relazioni sociali, meno attenzione costante verso la perdita dei capelli e la possibilit\u00e0 di scegliere un risultato coerente con il proprio stile.<\/p>\n<h3>Come si capisce se una protesi capillare \u00e8 davvero naturale?<\/h3>\n<p>La naturalezza si valuta osservando insieme pi\u00f9 elementi: linea frontale, densit\u00e0, colore, movimento dei capelli e armonia con il viso. \u00c8 utile controllare l\u2019effetto sia in luce naturale sia in ambienti interni, perch\u00e9 un risultato convincente deve funzionare nella vita reale, non solo allo specchio.<\/p>\n<h3>La manutenzione di una protesi capillare \u00e8 sempre complessa?<\/h3>\n<p>Non necessariamente. Molto dipende dal tipo di protesi, dal fissaggio e dalle abitudini personali. Il criterio pi\u00f9 utile \u00e8 scegliere una soluzione compatibile con il tempo che si pu\u00f2 dedicare alla routine quotidiana, cos\u00ec da evitare una gestione percepita come pesante o poco sostenibile.<\/p>\n<h3>Chi ha la cute sensibile pu\u00f2 usare una protesi capillare?<\/h3>\n<p>In molti casi s\u00ec, ma serve maggiore attenzione nella scelta. Se la cute \u00e8 reattiva o delicata, \u00e8 importante considerare comfort, traspirazione e compatibilit\u00e0 con il sistema di applicazione. Quando un dettaglio tecnico non \u00e8 chiaro, la verifica nella scheda prodotto resta il riferimento pi\u00f9 corretto.<\/p>\n<\/div>\n<p><script type=\"application\/ld+json\">{\"@context\":\"https:\/\/schema.org\",\"@type\":\"FAQPage\",\"mainEntity\":[{\"@type\":\"Question\",\"name\":\"Le protesi capillari sono adatte a tutti i tipi di alopecia?\",\"acceptedAnswer\":{\"@type\":\"Answer\",\"text\":\"Possono essere prese in considerazione in situazioni diverse, ma la scelta dipende dall\u2019estensione della perdita, dalla sensibilit\u00e0 della cute e dal livello di manutenzione che si \u00e8 disposti a gestire. Nei casi pi\u00f9 delicati conviene valutare con attenzione materiali e sistema di fissaggio, verificando sempre nella scheda prodotto le informazioni disponibili.\"}},{\"@type\":\"Question\",\"name\":\"Qual \u00e8 il principale beneficio di una protesi capillare per chi soffre di alopecia?\",\"acceptedAnswer\":{\"@type\":\"Answer\",\"text\":\"Il beneficio pi\u00f9 immediato \u00e8 spesso il recupero di un\u2019immagine personale pi\u00f9 familiare. A questo si aggiungono una maggiore libert\u00e0 nelle relazioni sociali, meno attenzione costante verso la perdita dei capelli e la possibilit\u00e0 di scegliere un risultato coerente con il proprio stile.\"}},{\"@type\":\"Question\",\"name\":\"Come si capisce se una protesi capillare \u00e8 davvero naturale?\",\"acceptedAnswer\":{\"@type\":\"Answer\",\"text\":\"La naturalezza si valuta osservando insieme pi\u00f9 elementi: linea frontale, densit\u00e0, colore, movimento dei capelli e armonia con il viso. \u00c8 utile controllare l\u2019effetto sia in luce naturale sia in ambienti interni, perch\u00e9 un risultato convincente deve funzionare nella vita reale, non solo allo specchio.\"}},{\"@type\":\"Question\",\"name\":\"La manutenzione di una protesi capillare \u00e8 sempre complessa?\",\"acceptedAnswer\":{\"@type\":\"Answer\",\"text\":\"Non necessariamente. Molto dipende dal tipo di protesi, dal fissaggio e dalle abitudini personali. Il criterio pi\u00f9 utile \u00e8 scegliere una soluzione compatibile con il tempo che si pu\u00f2 dedicare alla routine quotidiana, cos\u00ec da evitare una gestione percepita come pesante o poco sostenibile.\"}},{\"@type\":\"Question\",\"name\":\"Chi ha la cute sensibile pu\u00f2 usare una protesi capillare?\",\"acceptedAnswer\":{\"@type\":\"Answer\",\"text\":\"In molti casi s\u00ec, ma serve maggiore attenzione nella scelta. Se la cute \u00e8 reattiva o delicata, \u00e8 importante considerare comfort, traspirazione e compatibilit\u00e0 con il sistema di applicazione. Quando un dettaglio tecnico non \u00e8 chiaro, la verifica nella scheda prodotto resta il riferimento pi\u00f9 corretto.\"}}]}<\/script><\/p>\n","protected":false},"excerpt":{"rendered":"<p>Find out all about capillary implants: the benefits for those suffering from alopecia. Insights, tips and practical solutions for every need.<\/p>","protected":false},"author":1,"featured_media":48838,"comment_status":"open","ping_status":"open","sticky":false,"template":"","format":"standard","meta":{"_acf_changed":false,"_monsterinsights_skip_tracking":false,"footnotes":""},"categories":[80,81,18],"tags":[],"class_list":["post-48837","post","type-post","status-publish","format-standard","has-post-thumbnail","hentry","category-consigli","category-curiosita","category-hairstyles"],"acf":[],"yoast_head":"<!-- This site is optimized with the Yoast SEO Premium plugin v26.1 (Yoast SEO v26.1.1) - https:\/\/yoast.com\/wordpress\/plugins\/seo\/ -->\n<title>Protesi Capillari: i Benefici per Chi Soffre di Alopecia | Newfreesty<\/title>\n<meta name=\"description\" content=\"Protesi capillari e alopecia: benefici reali, comfort, naturalezza e criteri pratici per scegliere con maggiore consapevolezza.\" \/>\n<meta name=\"robots\" content=\"index, follow, max-snippet:-1, max-image-preview:large, max-video-preview:-1\" \/>\n<link rel=\"canonical\" href=\"https:\/\/www.newfreestyle.it\/en\/capillary-prosthesis\/\" \/>\n<meta property=\"og:locale\" content=\"en_GB\" \/>\n<meta property=\"og:type\" content=\"article\" \/>\n<meta property=\"og:title\" content=\"Protesi Capillari: I Benefici per Chi Soffre di Alopecia\" \/>\n<meta property=\"og:description\" content=\"Protesi capillari e alopecia: benefici reali, comfort, naturalezza e criteri pratici per scegliere con maggiore consapevolezza.\" \/>\n<meta property=\"og:url\" content=\"https:\/\/www.newfreestyle.it\/en\/capillary-prosthesis\/\" \/>\n<meta property=\"og:site_name\" content=\"Newfreestyle Hair System\" \/>\n<meta property=\"article:publisher\" content=\"https:\/\/www.facebook.com\/newfreestyle.it\/\" \/>\n<meta property=\"article:published_time\" content=\"2024-09-22T10:15:49+00:00\" \/>\n<meta property=\"article:modified_time\" content=\"2026-05-18T16:50:56+00:00\" \/>\n<meta property=\"og:image\" content=\"https:\/\/www.newfreestyle.it\/wp-content\/uploads\/2024\/09\/DALL\u00b7E-2024-09-30-12.15.06-An-image-showcasing-a-person-with-alopecia-highlighting-the-benefits-of-wearing-a-hair-prosthesis.-The-image-should-show-a-before-and-after-compariso.webp\" \/>\n\t<meta property=\"og:image:width\" content=\"1024\" \/>\n\t<meta property=\"og:image:height\" content=\"1024\" \/>\n\t<meta property=\"og:image:type\" content=\"image\/webp\" \/>\n<meta name=\"author\" content=\"administrator\" \/>\n<meta name=\"twitter:card\" content=\"summary_large_image\" \/>\n<meta name=\"twitter:label1\" content=\"Written by\" \/>\n\t<meta name=\"twitter:data1\" content=\"administrator\" \/>\n\t<meta name=\"twitter:label2\" content=\"Estimated reading time\" \/>\n\t<meta name=\"twitter:data2\" content=\"12 minutes\" \/>\n<script type=\"application\/ld+json\" class=\"yoast-schema-graph\">{\"@context\":\"https:\/\/schema.org\",\"@graph\":[{\"@type\":\"Article\",\"@id\":\"https:\/\/www.newfreestyle.it\/protesi-capillari\/#article\",\"isPartOf\":{\"@id\":\"https:\/\/www.newfreestyle.it\/protesi-capillari\/\"},\"author\":{\"name\":\"administrator\",\"@id\":\"https:\/\/www.newfreestyle.it\/en\/#\/schema\/person\/b9e4906406241a38e4df5621c1762de1\"},\"headline\":\"Protesi Capillari: I Benefici per Chi Soffre di Alopecia\",\"datePublished\":\"2024-09-22T10:15:49+00:00\",\"dateModified\":\"2026-05-18T16:50:56+00:00\",\"mainEntityOfPage\":{\"@id\":\"https:\/\/www.newfreestyle.it\/protesi-capillari\/\"},\"wordCount\":2057,\"commentCount\":0,\"publisher\":{\"@id\":\"https:\/\/www.newfreestyle.it\/en\/#organization\"},\"image\":{\"@id\":\"https:\/\/www.newfreestyle.it\/protesi-capillari\/#primaryimage\"},\"thumbnailUrl\":\"https:\/\/www.newfreestyle.it\/wp-content\/uploads\/2024\/09\/DALL\u00b7E-2024-09-30-12.15.06-An-image-showcasing-a-person-with-alopecia-highlighting-the-benefits-of-wearing-a-hair-prosthesis.-The-image-should-show-a-before-and-after-compariso.webp\",\"articleSection\":[\"Consigli\",\"Curiosit\u00e0\",\"Hairstyles\"],\"inLanguage\":\"en-GB\",\"potentialAction\":[{\"@type\":\"CommentAction\",\"name\":\"Comment\",\"target\":[\"https:\/\/www.newfreestyle.it\/protesi-capillari\/#respond\"]}]},{\"@type\":\"WebPage\",\"@id\":\"https:\/\/www.newfreestyle.it\/protesi-capillari\/\",\"url\":\"https:\/\/www.newfreestyle.it\/protesi-capillari\/\",\"name\":\"Protesi Capillari: i Benefici per Chi Soffre di Alopecia | Newfreesty\",\"isPartOf\":{\"@id\":\"https:\/\/www.newfreestyle.it\/en\/#website\"},\"primaryImageOfPage\":{\"@id\":\"https:\/\/www.newfreestyle.it\/protesi-capillari\/#primaryimage\"},\"image\":{\"@id\":\"https:\/\/www.newfreestyle.it\/protesi-capillari\/#primaryimage\"},\"thumbnailUrl\":\"https:\/\/www.newfreestyle.it\/wp-content\/uploads\/2024\/09\/DALL\u00b7E-2024-09-30-12.15.06-An-image-showcasing-a-person-with-alopecia-highlighting-the-benefits-of-wearing-a-hair-prosthesis.-The-image-should-show-a-before-and-after-compariso.webp\",\"datePublished\":\"2024-09-22T10:15:49+00:00\",\"dateModified\":\"2026-05-18T16:50:56+00:00\",\"description\":\"Protesi capillari e alopecia: benefici reali, comfort, naturalezza e criteri pratici per scegliere con maggiore consapevolezza.\",\"breadcrumb\":{\"@id\":\"https:\/\/www.newfreestyle.it\/protesi-capillari\/#breadcrumb\"},\"inLanguage\":\"en-GB\",\"potentialAction\":[{\"@type\":\"ReadAction\",\"target\":[\"https:\/\/www.newfreestyle.it\/protesi-capillari\/\"]}]},{\"@type\":\"ImageObject\",\"inLanguage\":\"en-GB\",\"@id\":\"https:\/\/www.newfreestyle.it\/protesi-capillari\/#primaryimage\",\"url\":\"https:\/\/www.newfreestyle.it\/wp-content\/uploads\/2024\/09\/DALL\u00b7E-2024-09-30-12.15.06-An-image-showcasing-a-person-with-alopecia-highlighting-the-benefits-of-wearing-a-hair-prosthesis.-The-image-should-show-a-before-and-after-compariso.webp\",\"contentUrl\":\"https:\/\/www.newfreestyle.it\/wp-content\/uploads\/2024\/09\/DALL\u00b7E-2024-09-30-12.15.06-An-image-showcasing-a-person-with-alopecia-highlighting-the-benefits-of-wearing-a-hair-prosthesis.-The-image-should-show-a-before-and-after-compariso.webp\",\"width\":1024,\"height\":1024},{\"@type\":\"BreadcrumbList\",\"@id\":\"https:\/\/www.newfreestyle.it\/protesi-capillari\/#breadcrumb\",\"itemListElement\":[{\"@type\":\"ListItem\",\"position\":1,\"name\":\"Home\",\"item\":\"https:\/\/www.newfreestyle.it\/\"},{\"@type\":\"ListItem\",\"position\":2,\"name\":\"Protesi Capillari: I Benefici per Chi Soffre di Alopecia\"}]},{\"@type\":\"WebSite\",\"@id\":\"https:\/\/www.newfreestyle.it\/en\/#website\",\"url\":\"https:\/\/www.newfreestyle.it\/en\/\",\"name\":\"Protesi Capelli Uomo Impianti Capillari\",\"description\":\"Risolviamo ogni tipologia di Calvizie mediante l\u2019ausilio di protesi capillari non chirurgiche anche chiamata patch cutaneo.\",\"publisher\":{\"@id\":\"https:\/\/www.newfreestyle.it\/en\/#organization\"},\"potentialAction\":[{\"@type\":\"SearchAction\",\"target\":{\"@type\":\"EntryPoint\",\"urlTemplate\":\"https:\/\/www.newfreestyle.it\/en\/?s={search_term_string}\"},\"query-input\":{\"@type\":\"PropertyValueSpecification\",\"valueRequired\":true,\"valueName\":\"search_term_string\"}}],\"inLanguage\":\"en-GB\"},{\"@type\":[\"Organization\",\"Place\"],\"@id\":\"https:\/\/www.newfreestyle.it\/en\/#organization\",\"name\":\"Newfreestyle Hair System\",\"alternateName\":\"Protesi Capelli Uomo Personalizzate\",\"url\":\"https:\/\/www.newfreestyle.it\/en\/\",\"logo\":{\"@id\":\"https:\/\/www.newfreestyle.it\/protesi-capillari\/#local-main-organization-logo\"},\"image\":{\"@id\":\"https:\/\/www.newfreestyle.it\/protesi-capillari\/#local-main-organization-logo\"},\"sameAs\":[\"https:\/\/www.facebook.com\/newfreestyle.it\/\",\"https:\/\/www.instagram.com\/newfreestyle_hairsystem\/\"],\"address\":{\"@id\":\"https:\/\/www.newfreestyle.it\/protesi-capillari\/#local-main-place-address\"},\"geo\":{\"@type\":\"GeoCoordinates\",\"latitude\":\"45.5086608\",\"longitude\":\"9.2005743\"},\"telephone\":[\"3297256048\"],\"openingHoursSpecification\":[{\"@type\":\"OpeningHoursSpecification\",\"dayOfWeek\":[\"Monday\",\"Tuesday\",\"Wednesday\",\"Thursday\",\"Friday\",\"Saturday\"],\"opens\":\"09:00\",\"closes\":\"19:00\"},{\"@type\":\"OpeningHoursSpecification\",\"dayOfWeek\":[\"Sunday\"],\"opens\":\"00:00\",\"closes\":\"00:00\"}],\"email\":\"direzione@newfreestyle.it\",\"vatID\":\"IT11145080963\",\"taxID\":\"SCIMST69H67I690R\"},{\"@type\":\"Person\",\"@id\":\"https:\/\/www.newfreestyle.it\/en\/#\/schema\/person\/b9e4906406241a38e4df5621c1762de1\",\"name\":\"administrator\",\"sameAs\":[\"https:\/\/newfreestyle.it\"],\"url\":\"https:\/\/www.newfreestyle.it\/en\/author\/administrator\/\"},{\"@type\":\"PostalAddress\",\"@id\":\"https:\/\/www.newfreestyle.it\/protesi-capillari\/#local-main-place-address\",\"streetAddress\":\"Via Cino da Pistoia, 18\",\"addressLocality\":\"Milano\",\"postalCode\":\"20162\",\"addressRegion\":\"MI\",\"addressCountry\":\"IT\"},{\"@type\":\"ImageObject\",\"inLanguage\":\"en-GB\",\"@id\":\"https:\/\/www.newfreestyle.it\/protesi-capillari\/#local-main-organization-logo\",\"url\":\"https:\/\/www.newfreestyle.it\/wp-content\/uploads\/2023\/09\/cropped-newfreestyle-150x145-1.png\",\"contentUrl\":\"https:\/\/www.newfreestyle.it\/wp-content\/uploads\/2023\/09\/cropped-newfreestyle-150x145-1.png\",\"width\":512,\"height\":512,\"caption\":\"Newfreestyle Hair System\"}]}<\/script>\n<meta name=\"geo.placename\" content=\"Milano\" \/>\n<meta name=\"geo.position\" content=\"45.5086608;9.2005743\" \/>\n<meta name=\"geo.region\" content=\"Italy\" \/>\n<!-- \/ Yoast SEO Premium plugin. -->","yoast_head_json":{"title":"Hair Prostheses: Benefits for Those Suffering from Alopecia | Newfreesty","description":"Hair prostheses and alopecia: real benefits, comfort, naturalness, and practical criteria for choosing with greater awareness.","robots":{"index":"index","follow":"follow","max-snippet":"max-snippet:-1","max-image-preview":"max-image-preview:large","max-video-preview":"max-video-preview:-1"},"canonical":"https:\/\/www.newfreestyle.it\/en\/capillary-prosthesis\/","og_locale":"en_GB","og_type":"article","og_title":"Protesi Capillari: I Benefici per Chi Soffre di Alopecia","og_description":"Protesi capillari e alopecia: benefici reali, comfort, naturalezza e criteri pratici per scegliere con maggiore consapevolezza.","og_url":"https:\/\/www.newfreestyle.it\/en\/capillary-prosthesis\/","og_site_name":"Newfreestyle Hair System","article_publisher":"https:\/\/www.facebook.com\/newfreestyle.it\/","article_published_time":"2024-09-22T10:15:49+00:00","article_modified_time":"2026-05-18T16:50:56+00:00","og_image":[{"width":1024,"height":1024,"url":"https:\/\/www.newfreestyle.it\/wp-content\/uploads\/2024\/09\/DALL\u00b7E-2024-09-30-12.15.06-An-image-showcasing-a-person-with-alopecia-highlighting-the-benefits-of-wearing-a-hair-prosthesis.-The-image-should-show-a-before-and-after-compariso.webp","type":"image\/webp"}],"author":"administrator","twitter_card":"summary_large_image","twitter_misc":{"Written by":"administrator","Estimated reading time":"12 minutes"},"schema":{"@context":"https:\/\/schema.org","@graph":[{"@type":"Article","@id":"https:\/\/www.newfreestyle.it\/protesi-capillari\/#article","isPartOf":{"@id":"https:\/\/www.newfreestyle.it\/protesi-capillari\/"},"author":{"name":"administrator","@id":"https:\/\/www.newfreestyle.it\/en\/#\/schema\/person\/b9e4906406241a38e4df5621c1762de1"},"headline":"Protesi Capillari: I Benefici per Chi Soffre di Alopecia","datePublished":"2024-09-22T10:15:49+00:00","dateModified":"2026-05-18T16:50:56+00:00","mainEntityOfPage":{"@id":"https:\/\/www.newfreestyle.it\/protesi-capillari\/"},"wordCount":2057,"commentCount":0,"publisher":{"@id":"https:\/\/www.newfreestyle.it\/en\/#organization"},"image":{"@id":"https:\/\/www.newfreestyle.it\/protesi-capillari\/#primaryimage"},"thumbnailUrl":"https:\/\/www.newfreestyle.it\/wp-content\/uploads\/2024\/09\/DALL\u00b7E-2024-09-30-12.15.06-An-image-showcasing-a-person-with-alopecia-highlighting-the-benefits-of-wearing-a-hair-prosthesis.-The-image-should-show-a-before-and-after-compariso.webp","articleSection":["Consigli","Curiosit\u00e0","Hairstyles"],"inLanguage":"en-GB","potentialAction":[{"@type":"CommentAction","name":"Comment","target":["https:\/\/www.newfreestyle.it\/protesi-capillari\/#respond"]}]},{"@type":"WebPage","@id":"https:\/\/www.newfreestyle.it\/protesi-capillari\/","url":"https:\/\/www.newfreestyle.it\/protesi-capillari\/","name":"Hair Prostheses: Benefits for Those Suffering from Alopecia | Newfreesty","isPartOf":{"@id":"https:\/\/www.newfreestyle.it\/en\/#website"},"primaryImageOfPage":{"@id":"https:\/\/www.newfreestyle.it\/protesi-capillari\/#primaryimage"},"image":{"@id":"https:\/\/www.newfreestyle.it\/protesi-capillari\/#primaryimage"},"thumbnailUrl":"https:\/\/www.newfreestyle.it\/wp-content\/uploads\/2024\/09\/DALL\u00b7E-2024-09-30-12.15.06-An-image-showcasing-a-person-with-alopecia-highlighting-the-benefits-of-wearing-a-hair-prosthesis.-The-image-should-show-a-before-and-after-compariso.webp","datePublished":"2024-09-22T10:15:49+00:00","dateModified":"2026-05-18T16:50:56+00:00","description":"Hair prostheses and alopecia: real benefits, comfort, naturalness, and practical criteria for choosing with greater awareness.","breadcrumb":{"@id":"https:\/\/www.newfreestyle.it\/protesi-capillari\/#breadcrumb"},"inLanguage":"en-GB","potentialAction":[{"@type":"ReadAction","target":["https:\/\/www.newfreestyle.it\/protesi-capillari\/"]}]},{"@type":"ImageObject","inLanguage":"en-GB","@id":"https:\/\/www.newfreestyle.it\/protesi-capillari\/#primaryimage","url":"https:\/\/www.newfreestyle.it\/wp-content\/uploads\/2024\/09\/DALL\u00b7E-2024-09-30-12.15.06-An-image-showcasing-a-person-with-alopecia-highlighting-the-benefits-of-wearing-a-hair-prosthesis.-The-image-should-show-a-before-and-after-compariso.webp","contentUrl":"https:\/\/www.newfreestyle.it\/wp-content\/uploads\/2024\/09\/DALL\u00b7E-2024-09-30-12.15.06-An-image-showcasing-a-person-with-alopecia-highlighting-the-benefits-of-wearing-a-hair-prosthesis.-The-image-should-show-a-before-and-after-compariso.webp","width":1024,"height":1024},{"@type":"BreadcrumbList","@id":"https:\/\/www.newfreestyle.it\/protesi-capillari\/#breadcrumb","itemListElement":[{"@type":"ListItem","position":1,"name":"Home","item":"https:\/\/www.newfreestyle.it\/"},{"@type":"ListItem","position":2,"name":"Protesi Capillari: I Benefici per Chi Soffre di Alopecia"}]},{"@type":"WebSite","@id":"https:\/\/www.newfreestyle.it\/en\/#website","url":"https:\/\/www.newfreestyle.it\/en\/","name":"Men's Hair Implants Capillary Implants","description":"We solve all types of baldness with the help of non-surgical capillary implants also called skin patches.","publisher":{"@id":"https:\/\/www.newfreestyle.it\/en\/#organization"},"potentialAction":[{"@type":"SearchAction","target":{"@type":"EntryPoint","urlTemplate":"https:\/\/www.newfreestyle.it\/en\/?s={search_term_string}"},"query-input":{"@type":"PropertyValueSpecification","valueRequired":true,"valueName":"search_term_string"}}],"inLanguage":"en-GB"},{"@type":["Organization","Place"],"@id":"https:\/\/www.newfreestyle.it\/en\/#organization","name":"Newfreestyle Hair System","alternateName":"Protesi Capelli Uomo Personalizzate","url":"https:\/\/www.newfreestyle.it\/en\/","logo":{"@id":"https:\/\/www.newfreestyle.it\/protesi-capillari\/#local-main-organization-logo"},"image":{"@id":"https:\/\/www.newfreestyle.it\/protesi-capillari\/#local-main-organization-logo"},"sameAs":["https:\/\/www.facebook.com\/newfreestyle.it\/","https:\/\/www.instagram.com\/newfreestyle_hairsystem\/"],"address":{"@id":"https:\/\/www.newfreestyle.it\/protesi-capillari\/#local-main-place-address"},"geo":{"@type":"GeoCoordinates","latitude":"45.5086608","longitude":"9.2005743"},"telephone":["3297256048"],"openingHoursSpecification":[{"@type":"OpeningHoursSpecification","dayOfWeek":["Monday","Tuesday","Wednesday","Thursday","Friday","Saturday"],"opens":"09:00","closes":"19:00"},{"@type":"OpeningHoursSpecification","dayOfWeek":["Sunday"],"opens":"00:00","closes":"00:00"}],"email":"direzione@newfreestyle.it","vatID":"IT11145080963","taxID":"SCIMST69H67I690R"},{"@type":"Person","@id":"https:\/\/www.newfreestyle.it\/en\/#\/schema\/person\/b9e4906406241a38e4df5621c1762de1","name":"administrator","sameAs":["https:\/\/newfreestyle.it"],"url":"https:\/\/www.newfreestyle.it\/en\/author\/administrator\/"},{"@type":"PostalAddress","@id":"https:\/\/www.newfreestyle.it\/protesi-capillari\/#local-main-place-address","streetAddress":"Via Cino da Pistoia, 18","addressLocality":"Milano","postalCode":"20162","addressRegion":"MI","addressCountry":"IT"},{"@type":"ImageObject","inLanguage":"en-GB","@id":"https:\/\/www.newfreestyle.it\/protesi-capillari\/#local-main-organization-logo","url":"https:\/\/www.newfreestyle.it\/wp-content\/uploads\/2023\/09\/cropped-newfreestyle-150x145-1.png","contentUrl":"https:\/\/www.newfreestyle.it\/wp-content\/uploads\/2023\/09\/cropped-newfreestyle-150x145-1.png","width":512,"height":512,"caption":"Newfreestyle Hair System"}]},"geo.placename":"Milano","geo.position":{"lat":"45.5086608","long":"9.2005743"},"geo.region":"Italy"},"_links":{"self":[{"href":"https:\/\/www.newfreestyle.it\/en\/wp-json\/wp\/v2\/posts\/48837","targetHints":{"allow":["GET"]}}],"collection":[{"href":"https:\/\/www.newfreestyle.it\/en\/wp-json\/wp\/v2\/posts"}],"about":[{"href":"https:\/\/www.newfreestyle.it\/en\/wp-json\/wp\/v2\/types\/post"}],"author":[{"embeddable":true,"href":"https:\/\/www.newfreestyle.it\/en\/wp-json\/wp\/v2\/users\/1"}],"replies":[{"embeddable":true,"href":"https:\/\/www.newfreestyle.it\/en\/wp-json\/wp\/v2\/comments?post=48837"}],"version-history":[{"count":8,"href":"https:\/\/www.newfreestyle.it\/en\/wp-json\/wp\/v2\/posts\/48837\/revisions"}],"predecessor-version":[{"id":49983,"href":"https:\/\/www.newfreestyle.it\/en\/wp-json\/wp\/v2\/posts\/48837\/revisions\/49983"}],"wp:featuredmedia":[{"embeddable":true,"href":"https:\/\/www.newfreestyle.it\/en\/wp-json\/wp\/v2\/media\/48838"}],"wp:attachment":[{"href":"https:\/\/www.newfreestyle.it\/en\/wp-json\/wp\/v2\/media?parent=48837"}],"wp:term":[{"taxonomy":"category","embeddable":true,"href":"https:\/\/www.newfreestyle.it\/en\/wp-json\/wp\/v2\/categories?post=48837"},{"taxonomy":"post_tag","embeddable":true,"href":"https:\/\/www.newfreestyle.it\/en\/wp-json\/wp\/v2\/tags?post=48837"}],"curies":[{"name":"wp","href":"https:\/\/api.w.org\/{rel}","templated":true}]}}