
{"id":48146,"date":"2024-03-26T13:36:31","date_gmt":"2024-03-26T11:36:31","guid":{"rendered":"https:\/\/www.newfreestyle.it\/?p=48146"},"modified":"2026-05-18T19:01:12","modified_gmt":"2026-05-18T17:01:12","slug":"role-of-vitamin-d-in-hair-health","status":"publish","type":"post","link":"https:\/\/www.newfreestyle.it\/en\/role-of-vitamin-d-in-hair-health\/","title":{"rendered":"Role of Vitamin D in Hair Health"},"content":{"rendered":"<p>Capita spesso di accorgersene davanti allo specchio in un periodo preciso: pi\u00f9 capelli sul cuscino, pi\u00f9 fili nella spazzola, una chioma che sembra meno piena del solito. Non sempre c\u2019entra solo lo stress o il cambio di stagione. Quando i capelli appaiono pi\u00f9 fragili, crescono lentamente o perdono densit\u00e0, tra i fattori da considerare c\u2019\u00e8 anche lo stato nutrizionale generale, e la <strong>vitamina D<\/strong> rientra tra quelli che meritano attenzione.<\/p>\n<p>Il tema interessa sia chi sta cercando di capire l\u2019origine di una caduta pi\u00f9 intensa, sia chi vuole impostare una routine pi\u00f9 sensata per il benessere del cuoio capelluto. La vitamina D non \u00e8 un \u201ctrucco\u201d cosmetico n\u00e9 una scorciatoia: il suo ruolo riguarda processi biologici che coinvolgono anche il <strong>ciclo del follicolo pilifero<\/strong>. Per questo, parlarne in modo concreto aiuta a distinguere ci\u00f2 che ha una base plausibile da ci\u00f2 che viene spesso semplificato troppo.<\/p>\n<p>Se stai valutando il quadro generale della salute dei capelli, pu\u00f2 essere utile affiancare questo approfondimento ad altri temi collegati, come <a href=\"[LINK:URL]\">la cura del cuoio capelluto<\/a>, <a href=\"[LINK:URL]\">le cause pi\u00f9 comuni della caduta dei capelli<\/a> e <a href=\"[LINK:URL]\">gli attivi usati nei trattamenti rinforzanti<\/a>.<\/p>\n<h2>Vitamina D e salute dei capelli: quale legame esiste davvero<\/h2>\n<p>La <strong>vitamina D nella salute dei capelli<\/strong> viene chiamata in causa perch\u00e9 partecipa a meccanismi che influenzano il comportamento dei follicoli. Non significa che ogni problema di diradamento dipenda da una sua carenza, ma significa che livelli non adeguati possono inserirsi in un contesto gi\u00e0 delicato e renderlo meno favorevole a una crescita regolare.<\/p>\n<p>Il follicolo pilifero attraversa fasi diverse: crescita, transizione, riposo e caduta. Quando questo equilibrio si altera, i capelli possono apparire pi\u00f9 sottili, meno resistenti o ricrescere con pi\u00f9 lentezza. La vitamina D \u00e8 stata studiata proprio in relazione alla <strong>regolazione del ciclo follicolare<\/strong> e alla normale attivit\u00e0 di alcune cellule coinvolte nella formazione del capello.<\/p>\n<p>Un criterio pratico utile \u00e8 questo: se la caduta \u00e8 recente, diffusa e accompagnata da stanchezza generale, pelle spenta o cambiamenti nel benessere complessivo, ha senso non limitarsi ai cosmetici. Se invece il problema \u00e8 localizzato, progressivo o legato a una predisposizione familiare, la vitamina D pu\u00f2 essere solo uno dei tasselli e non l\u2019unica chiave di lettura.<\/p>\n<h2>Come agisce la vitamina D sul follicolo pilifero<\/h2>\n<p>Per capire il suo ruolo bisogna spostare l\u2019attenzione dal fusto del capello, cio\u00e8 la parte visibile, al <strong>follicolo<\/strong>, che \u00e8 il vero centro di attivit\u00e0. Qui avvengono i processi che determinano la qualit\u00e0 della crescita, la durata della fase anagen e la capacit\u00e0 del capello di rigenerarsi nel tempo.<\/p>\n<p>La vitamina D interagisce con recettori presenti in diversi tessuti, compresi quelli cutanei. In ambito tricologico, l\u2019interesse nasce dal fatto che questi recettori risultano coinvolti nella fisiologia del follicolo. Quando tale segnalazione non \u00e8 ottimale, il ciclo del capello pu\u00f2 diventare meno efficiente.<\/p>\n<h3>Un ruolo che riguarda il ciclo, non solo la forza del capello<\/h3>\n<p>Molte persone pensano ai capelli fragili come a un problema da trattare solo \u201cdall\u2019esterno\u201d. In realt\u00e0, un capello che si assottiglia o cade precocemente spesso riflette una condizione che parte prima, a livello del follicolo. La vitamina D non agisce come un rivestimento rinforzante: il suo contributo \u00e8 pi\u00f9 profondo e riguarda la <strong>regolarit\u00e0 dei processi di crescita<\/strong>.<\/p>\n<p>Da qui deriva un primo criterio decisionale: se il capello si spezza per trattamenti aggressivi, calore o decolorazioni, la priorit\u00e0 sar\u00e0 rivedere la routine cosmetica. Se invece il problema \u00e8 una caduta aumentata con capelli che sembrano nascere pi\u00f9 deboli, conviene ragionare anche sul terreno biologico e non solo sullo styling.<\/p>\n<h3>Il cuoio capelluto non va separato dal resto<\/h3>\n<p>Parlare di capelli senza parlare di cute porta spesso a conclusioni parziali. Un <strong>cuoio capelluto in equilibrio<\/strong> crea condizioni migliori per il follicolo, mentre irritazione, eccesso di sebo, sensibilit\u00e0 o desquamazione possono peggiorare la percezione di fragilit\u00e0. La vitamina D non sostituisce una routine ben costruita, ma rientra in una visione pi\u00f9 completa del benessere cutaneo.<\/p>\n<p>Chi ha una cute sensibile dovrebbe scegliere detergenti e trattamenti non aggressivi, evitando di sovraccaricare la zona con troppi prodotti insieme. Se stai rivedendo la tua routine, pu\u00f2 essere utile approfondire anche <a href=\"[LINK:URL]\">come scegliere i trattamenti per il cuoio capelluto<\/a>.<\/p>\n<h2>Segnali che possono far pensare a una carenza di vitamina D<\/h2>\n<p>Non esiste un segnale \u201cvisivo\u201d che permetta da solo di attribuire la caduta dei capelli a una carenza di vitamina D. Tuttavia, ci sono situazioni in cui il sospetto \u00e8 pi\u00f9 ragionevole, soprattutto quando il diradamento si inserisce in un quadro pi\u00f9 ampio.<\/p>\n<p>I segnali che spesso portano ad approfondire sono:<\/p>\n<ul>\n<li><strong>caduta diffusa<\/strong> senza una causa evidente immediata;<\/li>\n<li>capelli che sembrano ricrescere pi\u00f9 lentamente del solito;<\/li>\n<li>sensazione generale di stanchezza o tono basso;<\/li>\n<li>periodi con poca esposizione alla luce solare;<\/li>\n<li>alimentazione poco varia o sbilanciata;<\/li>\n<li>condizioni personali che possono influire sull\u2019assorbimento o sul metabolismo.<\/li>\n<\/ul>\n<p>Questi elementi non bastano per una conclusione, ma aiutano a capire quando \u00e8 il caso di non banalizzare il problema. Un dettaglio pratico: se la caduta dura da settimane e non migliora nonostante una routine pi\u00f9 delicata, \u00e8 sensato valutare un confronto con un professionista piuttosto che cambiare prodotto ogni pochi giorni.<\/p>\n<h2>Caduta dei capelli e vitamina D bassa: quando il collegamento \u00e8 plausibile<\/h2>\n<p>Il collegamento tra <strong>caduta dei capelli e vitamina D bassa<\/strong> \u00e8 pi\u00f9 plausibile in alcune forme di perdita diffuse o in contesti in cui l\u2019organismo mostra altri segnali di squilibrio. \u00c8 meno corretto trasformarlo in una spiegazione universale. La salute dei capelli dipende da un insieme di fattori: genetica, ormoni, stress, alimentazione, infiammazione, abitudini di cura e stato generale della cute.<\/p>\n<p>Per questo, quando si parla di vitamina D, conviene evitare due errori opposti:<\/p>\n<ul>\n<li>pensare che non conti nulla;<\/li>\n<li>considerarla l\u2019unica causa possibile.<\/li>\n<\/ul>\n<p>Un approccio realistico parte da una domanda semplice: la caduta \u00e8 coerente con un episodio temporaneo o sta seguendo un andamento che richiede un\u2019indagine pi\u00f9 ampia? Nel primo caso si pu\u00f2 osservare l\u2019evoluzione per un periodo ragionevole, curando routine e stile di vita. Nel secondo, \u00e8 meglio approfondire il quadro generale.<\/p>\n<p>Chi affronta un diradamento persistente spesso trae beneficio da una strategia su pi\u00f9 fronti: valutazione delle abitudini, attenzione alla cute, scelta di formule mirate e, quando serve, verifica degli aspetti nutrizionali. Su questo punto pu\u00f2 essere utile leggere anche <a href=\"[LINK:URL]\">come orientarsi tra le diverse cause del diradamento<\/a>.<\/p>\n<h2>Esposizione al sole, alimentazione e abitudini quotidiane<\/h2>\n<p>La vitamina D viene spesso associata subito al sole, ma nella pratica la questione \u00e8 meno lineare. Stagione, tempo trascorso all\u2019aperto, fototipo, abitudini personali e routine quotidiana incidono molto. Chi lavora sempre in ambienti chiusi, esce poco nelle ore luminose o passa lunghi periodi senza una vera esposizione tende pi\u00f9 facilmente a trascurare questo aspetto.<\/p>\n<p>Anche l\u2019alimentazione contribuisce al quadro complessivo, pur non essendo sempre sufficiente da sola. Il punto non \u00e8 inseguire un singolo alimento \u201cper i capelli\u201d, ma osservare la qualit\u00e0 generale della dieta. Una nutrizione monotona, povera o disordinata raramente aiuta quando i capelli stanno gi\u00e0 mostrando segni di fragilit\u00e0.<\/p>\n<p>Dal punto di vista pratico, conviene ragionare cos\u00ec:<\/p>\n<ul>\n<li>se passi gran parte della giornata al chiuso, considera il fattore luce solare come parte del contesto;<\/li>\n<li>se la dieta \u00e8 molto restrittiva o poco varia, non limitarti ai trattamenti topici;<\/li>\n<li>se la caduta \u00e8 comparsa in un periodo di forte stress o cambiamenti fisici, valuta il quadro nel suo insieme.<\/li>\n<\/ul>\n<p>Questa lettura pi\u00f9 concreta evita semplificazioni e aiuta a capire perch\u00e9, in alcuni casi, il capello non risponde come ci si aspetterebbe ai soli prodotti cosmetici.<\/p>\n<h2>Quando ha senso approfondire con un professionista<\/h2>\n<p>Ci sono situazioni in cui aspettare troppo non \u00e8 utile. Se la perdita di capelli aumenta, il volume cala in modo evidente o il cuoio capelluto appare pi\u00f9 visibile del solito, \u00e8 ragionevole chiedere un parere qualificato. Lo stesso vale se il problema si ripresenta ciclicamente o se hai gi\u00e0 provato a migliorare la routine senza risultati apprezzabili.<\/p>\n<p>Un confronto professionale \u00e8 particolarmente indicato quando:<\/p>\n<ul>\n<li>la caduta dura da tempo e non sembra rallentare;<\/li>\n<li>noti un diradamento pi\u00f9 marcato in alcune aree;<\/li>\n<li>hai una storia familiare di perdita progressiva dei capelli;<\/li>\n<li>sono presenti altri segnali fisici che non riguardano solo la chioma;<\/li>\n<li>il cuoio capelluto \u00e8 irritato, dolente o molto sensibile.<\/li>\n<\/ul>\n<p>Il criterio pi\u00f9 utile \u00e8 distinguere tra un episodio transitorio e una condizione che richiede una valutazione pi\u00f9 precisa. Cercare di compensare tutto con shampoo, lozioni o integratori scelti in autonomia rischia di confondere ancora di pi\u00f9 il quadro.<\/p>\n<h2>Routine capelli: cosa fare mentre valuti il ruolo della vitamina D<\/h2>\n<p>Nel frattempo, alcune scelte quotidiane possono aiutare a non peggiorare la situazione. Non risolvono da sole un\u2019eventuale carenza, ma riducono lo stress meccanico e cosmetico sui capelli gi\u00e0 fragili.<\/p>\n<h3>Detersione equilibrata e meno aggressioni inutili<\/h3>\n<p>Usa detergenti adatti alla tua cute, senza pensare che \u201cpi\u00f9 sgrassa, meglio \u00e8\u201d. Una cute irritata o disidratata pu\u00f2 diventare meno confortevole e rendere la gestione dei capelli pi\u00f9 difficile. Anche la frequenza dei lavaggi va adattata alle esigenze reali, non a regole rigide.<\/p>\n<p>Se hai dubbi sulla scelta del trattamento, orientati verso formule coerenti con il tuo tipo di cute e con il momento che stai vivendo. Se un dettaglio non \u00e8 chiaro, <strong>verifica nella scheda prodotto<\/strong>.<\/p>\n<h3>Attenzione a calore, tensione e styling ripetitivo<\/h3>\n<p>Capelli gi\u00e0 indeboliti tollerano peggio piastre molto calde, acconciature tirate e spazzolature energiche. Un dettaglio pratico spesso sottovalutato: raccogliere i capelli sempre nello stesso punto pu\u00f2 aumentare la tensione sulle aree pi\u00f9 sensibili.<\/p>\n<p>Meglio preferire:<\/p>\n<ul>\n<li>asciugatura non troppo calda;<\/li>\n<li>accessori morbidi;<\/li>\n<li>spazzole delicate;<\/li>\n<li>styling meno frequente nei periodi di caduta intensa.<\/li>\n<\/ul>\n<h3>Costanza prima della quantit\u00e0 di prodotti<\/h3>\n<p>Quando si vedono pi\u00f9 capelli cadere, la tentazione \u00e8 accumulare trattamenti diversi. Di solito \u00e8 pi\u00f9 utile fare il contrario: pochi gesti coerenti, mantenuti con regolarit\u00e0. Una routine troppo affollata rende difficile capire cosa funziona davvero e pu\u00f2 irritare la cute.<\/p>\n<p>Per chi sta cercando di costruire un percorso pi\u00f9 ordinato, pu\u00f2 essere utile consultare anche <a href=\"[LINK:URL]\">i contenuti dedicati alla hair care professionale<\/a>.<\/p>\n<h2>Vitamina D bassa e capelli fragili: gli errori pi\u00f9 comuni da evitare<\/h2>\n<p>Quando si collega la <strong>vitamina D bassa ai capelli fragili<\/strong>, gli errori nascono quasi sempre dalla fretta. Si cerca una causa unica, si cambia routine troppo spesso o si attribuisce ogni miglioramento o peggioramento a un solo fattore.<\/p>\n<p>I passi falsi pi\u00f9 frequenti sono:<\/p>\n<ul>\n<li><strong>trascurare il cuoio capelluto<\/strong> e concentrarsi solo sulle lunghezze;<\/li>\n<li>pensare che un cosmetico possa correggere da solo un problema interno;<\/li>\n<li>iniziare pi\u00f9 trattamenti insieme senza un criterio;<\/li>\n<li>interrompere troppo presto una routine sensata;<\/li>\n<li>seguire consigli generici senza considerare il proprio contesto.<\/li>\n<\/ul>\n<p>Un criterio semplice per orientarsi: se il problema nasce \u201calla radice\u201d, la risposta raramente sta solo in superficie. Al tempo stesso, una buona routine esterna resta utile perch\u00e9 protegge il capello esistente e rende la chioma pi\u00f9 gestibile mentre si chiariscono le cause.<\/p>\n<h2>Link utili per approfondire la salute dei capelli<\/h2>\n<p>Chi vuole leggere il tema in modo pi\u00f9 completo pu\u00f2 approfondire argomenti collegati come <a href=\"[LINK:URL]\">la differenza tra caduta stagionale e diradamento persistente<\/a>, la gestione della cute sensibile e i criteri per scegliere trattamenti mirati in base alle esigenze reali del capello.<\/p>\n<p><!--W4Y_BF_SUGGESTED_PRODUCTS--><\/p>\n<p>Se stai cercando formule pensate per accompagnare una routine pi\u00f9 ordinata, puoi esplorare la categoria dedicata alla cura dei capelli o i brand specializzati presenti nello store: \u00e8 un buon punto di partenza per confrontare texture, attivi e modalit\u00e0 d\u2019uso con un approccio pi\u00f9 consapevole.<\/p>\n[w4y_bf_related_posts post_id=&#8221;48146&#8243;]\n<hr \/>\n<h2>FAQ<\/h2>\n<div class=\"w4y-faq\">\n<h3>La vitamina D pu\u00f2 influire davvero sulla caduta dei capelli?<\/h3>\n<p>S\u00ec, pu\u00f2 avere un ruolo, perch\u00e9 \u00e8 coinvolta nei processi che regolano il ciclo del follicolo pilifero. Non \u00e8 per\u00f2 l\u2019unica causa possibile della caduta: stress, fattori ormonali, genetica, alimentazione e condizioni del cuoio capelluto restano aspetti da valutare insieme.<\/p>\n<h3>Come capire se i capelli fragili dipendono da vitamina D bassa?<\/h3>\n<p>Non si pu\u00f2 stabilire solo osservando i capelli. Il sospetto \u00e8 pi\u00f9 plausibile quando la fragilit\u00e0 o la caduta si accompagnano ad altri segnali generali e a un contesto compatibile, come poca esposizione alla luce solare o un periodo di squilibrio fisico. Se il problema persiste, \u00e8 utile un confronto con un professionista.<\/p>\n<h3>La vitamina D aiuta la ricrescita dei capelli?<\/h3>\n<p>Pu\u00f2 contribuire al mantenimento di un ambiente biologico favorevole al normale ciclo del capello, ma non va interpretata come una garanzia automatica di ricrescita. Il risultato dipende dalla causa del diradamento e dallo stato complessivo del follicolo.<\/p>\n<h3>Basta usare prodotti per capelli se si sospetta una carenza di vitamina D?<\/h3>\n<p>No. I cosmetici possono migliorare la gestione della chioma e proteggere il capello esistente, ma non sostituiscono una valutazione pi\u00f9 ampia quando il problema potrebbe avere anche una componente interna. In questi casi conviene non affidarsi solo alla routine esterna.<\/p>\n<h3>Quali abitudini quotidiane sono utili quando i capelli sono deboli?<\/h3>\n<p>Detersione delicata, meno calore, meno tensione da acconciature strette e una routine essenziale ma costante sono scelte sensate. Se la caduta \u00e8 intensa o dura a lungo, queste attenzioni aiutano ma non escludono la necessit\u00e0 di approfondire le cause.<\/p>\n<\/div>\n<p><script type=\"application\/ld+json\">{\"@context\":\"https:\/\/schema.org\",\"@type\":\"FAQPage\",\"mainEntity\":[{\"@type\":\"Question\",\"name\":\"La vitamina D pu\u00f2 influire davvero sulla caduta dei capelli?\",\"acceptedAnswer\":{\"@type\":\"Answer\",\"text\":\"S\u00ec, pu\u00f2 avere un ruolo, perch\u00e9 \u00e8 coinvolta nei processi che regolano il ciclo del follicolo pilifero. Non \u00e8 per\u00f2 l\u2019unica causa possibile della caduta: stress, fattori ormonali, genetica, alimentazione e condizioni del cuoio capelluto restano aspetti da valutare insieme.\"}},{\"@type\":\"Question\",\"name\":\"Come capire se i capelli fragili dipendono da vitamina D bassa?\",\"acceptedAnswer\":{\"@type\":\"Answer\",\"text\":\"Non si pu\u00f2 stabilire solo osservando i capelli. Il sospetto \u00e8 pi\u00f9 plausibile quando la fragilit\u00e0 o la caduta si accompagnano ad altri segnali generali e a un contesto compatibile, come poca esposizione alla luce solare o un periodo di squilibrio fisico. Se il problema persiste, \u00e8 utile un confronto con un professionista.\"}},{\"@type\":\"Question\",\"name\":\"La vitamina D aiuta la ricrescita dei capelli?\",\"acceptedAnswer\":{\"@type\":\"Answer\",\"text\":\"Pu\u00f2 contribuire al mantenimento di un ambiente biologico favorevole al normale ciclo del capello, ma non va interpretata come una garanzia automatica di ricrescita. Il risultato dipende dalla causa del diradamento e dallo stato complessivo del follicolo.\"}},{\"@type\":\"Question\",\"name\":\"Basta usare prodotti per capelli se si sospetta una carenza di vitamina D?\",\"acceptedAnswer\":{\"@type\":\"Answer\",\"text\":\"No. I cosmetici possono migliorare la gestione della chioma e proteggere il capello esistente, ma non sostituiscono una valutazione pi\u00f9 ampia quando il problema potrebbe avere anche una componente interna. In questi casi conviene non affidarsi solo alla routine esterna.\"}},{\"@type\":\"Question\",\"name\":\"Quali abitudini quotidiane sono utili quando i capelli sono deboli?\",\"acceptedAnswer\":{\"@type\":\"Answer\",\"text\":\"Detersione delicata, meno calore, meno tensione da acconciature strette e una routine essenziale ma costante sono scelte sensate. Se la caduta \u00e8 intensa o dura a lungo, queste attenzioni aiutano ma non escludono la necessit\u00e0 di approfondire le cause.\"}}]}<\/script><\/p>\n","protected":false},"excerpt":{"rendered":"<p>Learn all about vitamin d's role in healthy hair. Insights, tips and practical solutions for every need.<\/p>","protected":false},"author":74,"featured_media":47037,"comment_status":"open","ping_status":"open","sticky":false,"template":"","format":"standard","meta":{"_acf_changed":false,"_monsterinsights_skip_tracking":false,"footnotes":""},"categories":[80,81],"tags":[],"class_list":["post-48146","post","type-post","status-publish","format-standard","has-post-thumbnail","hentry","category-consigli","category-curiosita"],"acf":[],"yoast_head":"<!-- This site is optimized with the Yoast SEO Premium plugin v26.1 (Yoast SEO v26.1.1) - https:\/\/yoast.com\/wordpress\/plugins\/seo\/ -->\n<title>Ruolo della Vitamina D nella Salute dei Capelli | Newfreestyle<\/title>\n<meta name=\"description\" content=\"Vitamina D e capelli: legame con caduta, fragilit\u00e0 e follicolo. Una lettura chiara per capire quando approfondire e come gestire la routine.\" \/>\n<meta name=\"robots\" content=\"index, follow, max-snippet:-1, max-image-preview:large, max-video-preview:-1\" \/>\n<link rel=\"canonical\" href=\"https:\/\/www.newfreestyle.it\/en\/role-of-vitamin-d-in-hair-health\/\" \/>\n<meta property=\"og:locale\" content=\"en_GB\" \/>\n<meta property=\"og:type\" content=\"article\" \/>\n<meta property=\"og:title\" content=\"Ruolo della Vitamina D nella Salute dei Capelli\" \/>\n<meta property=\"og:description\" content=\"Vitamina D e capelli: legame con caduta, fragilit\u00e0 e follicolo. Una lettura chiara per capire quando approfondire e come gestire la routine.\" \/>\n<meta property=\"og:url\" content=\"https:\/\/www.newfreestyle.it\/en\/role-of-vitamin-d-in-hair-health\/\" \/>\n<meta property=\"og:site_name\" content=\"Newfreestyle Hair System\" \/>\n<meta property=\"article:publisher\" content=\"https:\/\/www.facebook.com\/newfreestyle.it\/\" \/>\n<meta property=\"article:published_time\" content=\"2024-03-26T11:36:31+00:00\" \/>\n<meta property=\"article:modified_time\" content=\"2026-05-18T17:01:12+00:00\" \/>\n<meta property=\"og:image\" content=\"https:\/\/www.newfreestyle.it\/wp-content\/uploads\/2023\/11\/ritratto-di-un-uomo-bello-da-vicino-scaled.jpg\" \/>\n\t<meta property=\"og:image:width\" content=\"2560\" \/>\n\t<meta property=\"og:image:height\" content=\"1707\" \/>\n\t<meta property=\"og:image:type\" content=\"image\/jpeg\" \/>\n<meta name=\"author\" content=\"Newfreestyle Hair System\" \/>\n<meta name=\"twitter:card\" content=\"summary_large_image\" \/>\n<meta name=\"twitter:label1\" content=\"Written by\" \/>\n\t<meta name=\"twitter:data1\" content=\"Newfreestyle Hair System\" \/>\n\t<meta name=\"twitter:label2\" content=\"Estimated reading time\" \/>\n\t<meta name=\"twitter:data2\" content=\"12 minutes\" \/>\n<script type=\"application\/ld+json\" class=\"yoast-schema-graph\">{\"@context\":\"https:\/\/schema.org\",\"@graph\":[{\"@type\":\"Article\",\"@id\":\"https:\/\/www.newfreestyle.it\/ruolo-della-vitamina-d-nella-salute-dei-capelli\/#article\",\"isPartOf\":{\"@id\":\"https:\/\/www.newfreestyle.it\/ruolo-della-vitamina-d-nella-salute-dei-capelli\/\"},\"author\":{\"name\":\"Newfreestyle Hair System\",\"@id\":\"https:\/\/www.newfreestyle.it\/en\/#\/schema\/person\/753bd59851e950a1673a83530fb635e2\"},\"headline\":\"Ruolo della Vitamina D nella Salute dei Capelli\",\"datePublished\":\"2024-03-26T11:36:31+00:00\",\"dateModified\":\"2026-05-18T17:01:12+00:00\",\"mainEntityOfPage\":{\"@id\":\"https:\/\/www.newfreestyle.it\/ruolo-della-vitamina-d-nella-salute-dei-capelli\/\"},\"wordCount\":2133,\"commentCount\":0,\"publisher\":{\"@id\":\"https:\/\/www.newfreestyle.it\/en\/#organization\"},\"image\":{\"@id\":\"https:\/\/www.newfreestyle.it\/ruolo-della-vitamina-d-nella-salute-dei-capelli\/#primaryimage\"},\"thumbnailUrl\":\"https:\/\/www.newfreestyle.it\/wp-content\/uploads\/2023\/11\/ritratto-di-un-uomo-bello-da-vicino-scaled.jpg\",\"articleSection\":[\"Consigli\",\"Curiosit\u00e0\"],\"inLanguage\":\"en-GB\",\"potentialAction\":[{\"@type\":\"CommentAction\",\"name\":\"Comment\",\"target\":[\"https:\/\/www.newfreestyle.it\/ruolo-della-vitamina-d-nella-salute-dei-capelli\/#respond\"]}]},{\"@type\":\"WebPage\",\"@id\":\"https:\/\/www.newfreestyle.it\/ruolo-della-vitamina-d-nella-salute-dei-capelli\/\",\"url\":\"https:\/\/www.newfreestyle.it\/ruolo-della-vitamina-d-nella-salute-dei-capelli\/\",\"name\":\"Ruolo della Vitamina D nella Salute dei Capelli | Newfreestyle\",\"isPartOf\":{\"@id\":\"https:\/\/www.newfreestyle.it\/en\/#website\"},\"primaryImageOfPage\":{\"@id\":\"https:\/\/www.newfreestyle.it\/ruolo-della-vitamina-d-nella-salute-dei-capelli\/#primaryimage\"},\"image\":{\"@id\":\"https:\/\/www.newfreestyle.it\/ruolo-della-vitamina-d-nella-salute-dei-capelli\/#primaryimage\"},\"thumbnailUrl\":\"https:\/\/www.newfreestyle.it\/wp-content\/uploads\/2023\/11\/ritratto-di-un-uomo-bello-da-vicino-scaled.jpg\",\"datePublished\":\"2024-03-26T11:36:31+00:00\",\"dateModified\":\"2026-05-18T17:01:12+00:00\",\"description\":\"Vitamina D e capelli: legame con caduta, fragilit\u00e0 e follicolo. Una lettura chiara per capire quando approfondire e come gestire la routine.\",\"breadcrumb\":{\"@id\":\"https:\/\/www.newfreestyle.it\/ruolo-della-vitamina-d-nella-salute-dei-capelli\/#breadcrumb\"},\"inLanguage\":\"en-GB\",\"potentialAction\":[{\"@type\":\"ReadAction\",\"target\":[\"https:\/\/www.newfreestyle.it\/ruolo-della-vitamina-d-nella-salute-dei-capelli\/\"]}]},{\"@type\":\"ImageObject\",\"inLanguage\":\"en-GB\",\"@id\":\"https:\/\/www.newfreestyle.it\/ruolo-della-vitamina-d-nella-salute-dei-capelli\/#primaryimage\",\"url\":\"https:\/\/www.newfreestyle.it\/wp-content\/uploads\/2023\/11\/ritratto-di-un-uomo-bello-da-vicino-scaled.jpg\",\"contentUrl\":\"https:\/\/www.newfreestyle.it\/wp-content\/uploads\/2023\/11\/ritratto-di-un-uomo-bello-da-vicino-scaled.jpg\",\"width\":2560,\"height\":1707,\"caption\":\"Lavare i Capelli Dopo l'Allenamento li fa cadere?\"},{\"@type\":\"BreadcrumbList\",\"@id\":\"https:\/\/www.newfreestyle.it\/ruolo-della-vitamina-d-nella-salute-dei-capelli\/#breadcrumb\",\"itemListElement\":[{\"@type\":\"ListItem\",\"position\":1,\"name\":\"Home\",\"item\":\"https:\/\/www.newfreestyle.it\/\"},{\"@type\":\"ListItem\",\"position\":2,\"name\":\"Ruolo della Vitamina D nella Salute dei Capelli\"}]},{\"@type\":\"WebSite\",\"@id\":\"https:\/\/www.newfreestyle.it\/en\/#website\",\"url\":\"https:\/\/www.newfreestyle.it\/en\/\",\"name\":\"Protesi Capelli Uomo Impianti Capillari\",\"description\":\"Risolviamo ogni tipologia di Calvizie mediante l\u2019ausilio di protesi capillari non chirurgiche anche chiamata patch cutaneo.\",\"publisher\":{\"@id\":\"https:\/\/www.newfreestyle.it\/en\/#organization\"},\"potentialAction\":[{\"@type\":\"SearchAction\",\"target\":{\"@type\":\"EntryPoint\",\"urlTemplate\":\"https:\/\/www.newfreestyle.it\/en\/?s={search_term_string}\"},\"query-input\":{\"@type\":\"PropertyValueSpecification\",\"valueRequired\":true,\"valueName\":\"search_term_string\"}}],\"inLanguage\":\"en-GB\"},{\"@type\":[\"Organization\",\"Place\"],\"@id\":\"https:\/\/www.newfreestyle.it\/en\/#organization\",\"name\":\"Newfreestyle Hair System\",\"alternateName\":\"Protesi Capelli Uomo Personalizzate\",\"url\":\"https:\/\/www.newfreestyle.it\/en\/\",\"logo\":{\"@id\":\"https:\/\/www.newfreestyle.it\/ruolo-della-vitamina-d-nella-salute-dei-capelli\/#local-main-organization-logo\"},\"image\":{\"@id\":\"https:\/\/www.newfreestyle.it\/ruolo-della-vitamina-d-nella-salute-dei-capelli\/#local-main-organization-logo\"},\"sameAs\":[\"https:\/\/www.facebook.com\/newfreestyle.it\/\",\"https:\/\/www.instagram.com\/newfreestyle_hairsystem\/\"],\"address\":{\"@id\":\"https:\/\/www.newfreestyle.it\/ruolo-della-vitamina-d-nella-salute-dei-capelli\/#local-main-place-address\"},\"geo\":{\"@type\":\"GeoCoordinates\",\"latitude\":\"45.5086608\",\"longitude\":\"9.2005743\"},\"telephone\":[\"3297256048\"],\"openingHoursSpecification\":[{\"@type\":\"OpeningHoursSpecification\",\"dayOfWeek\":[\"Monday\",\"Tuesday\",\"Wednesday\",\"Thursday\",\"Friday\",\"Saturday\"],\"opens\":\"09:00\",\"closes\":\"19:00\"},{\"@type\":\"OpeningHoursSpecification\",\"dayOfWeek\":[\"Sunday\"],\"opens\":\"00:00\",\"closes\":\"00:00\"}],\"email\":\"direzione@newfreestyle.it\",\"vatID\":\"IT11145080963\",\"taxID\":\"SCIMST69H67I690R\"},{\"@type\":\"Person\",\"@id\":\"https:\/\/www.newfreestyle.it\/en\/#\/schema\/person\/753bd59851e950a1673a83530fb635e2\",\"name\":\"Newfreestyle Hair System\",\"url\":\"https:\/\/www.newfreestyle.it\/en\/author\/newfreestyle-hair-system\/\"},{\"@type\":\"PostalAddress\",\"@id\":\"https:\/\/www.newfreestyle.it\/ruolo-della-vitamina-d-nella-salute-dei-capelli\/#local-main-place-address\",\"streetAddress\":\"Via Cino da Pistoia, 18\",\"addressLocality\":\"Milano\",\"postalCode\":\"20162\",\"addressRegion\":\"MI\",\"addressCountry\":\"IT\"},{\"@type\":\"ImageObject\",\"inLanguage\":\"en-GB\",\"@id\":\"https:\/\/www.newfreestyle.it\/ruolo-della-vitamina-d-nella-salute-dei-capelli\/#local-main-organization-logo\",\"url\":\"https:\/\/www.newfreestyle.it\/wp-content\/uploads\/2023\/09\/cropped-newfreestyle-150x145-1.png\",\"contentUrl\":\"https:\/\/www.newfreestyle.it\/wp-content\/uploads\/2023\/09\/cropped-newfreestyle-150x145-1.png\",\"width\":512,\"height\":512,\"caption\":\"Newfreestyle Hair System\"}]}<\/script>\n<meta name=\"geo.placename\" content=\"Milano\" \/>\n<meta name=\"geo.position\" content=\"45.5086608;9.2005743\" \/>\n<meta name=\"geo.region\" content=\"Italy\" \/>\n<!-- \/ Yoast SEO Premium plugin. -->","yoast_head_json":{"title":"Role of Vitamin D in Hair Health | Newfreestyle","description":"Vitamin D and hair: connection with hair loss, fragility, and follicle. A clear reading to understand when to investigate further and how to manage the routine.","robots":{"index":"index","follow":"follow","max-snippet":"max-snippet:-1","max-image-preview":"max-image-preview:large","max-video-preview":"max-video-preview:-1"},"canonical":"https:\/\/www.newfreestyle.it\/en\/role-of-vitamin-d-in-hair-health\/","og_locale":"en_GB","og_type":"article","og_title":"Ruolo della Vitamina D nella Salute dei Capelli","og_description":"Vitamina D e capelli: legame con caduta, fragilit\u00e0 e follicolo. Una lettura chiara per capire quando approfondire e come gestire la routine.","og_url":"https:\/\/www.newfreestyle.it\/en\/role-of-vitamin-d-in-hair-health\/","og_site_name":"Newfreestyle Hair System","article_publisher":"https:\/\/www.facebook.com\/newfreestyle.it\/","article_published_time":"2024-03-26T11:36:31+00:00","article_modified_time":"2026-05-18T17:01:12+00:00","og_image":[{"width":2560,"height":1707,"url":"https:\/\/www.newfreestyle.it\/wp-content\/uploads\/2023\/11\/ritratto-di-un-uomo-bello-da-vicino-scaled.jpg","type":"image\/jpeg"}],"author":"Newfreestyle Hair System","twitter_card":"summary_large_image","twitter_misc":{"Written by":"Newfreestyle Hair System","Estimated reading time":"12 minutes"},"schema":{"@context":"https:\/\/schema.org","@graph":[{"@type":"Article","@id":"https:\/\/www.newfreestyle.it\/ruolo-della-vitamina-d-nella-salute-dei-capelli\/#article","isPartOf":{"@id":"https:\/\/www.newfreestyle.it\/ruolo-della-vitamina-d-nella-salute-dei-capelli\/"},"author":{"name":"Newfreestyle Hair System","@id":"https:\/\/www.newfreestyle.it\/en\/#\/schema\/person\/753bd59851e950a1673a83530fb635e2"},"headline":"Ruolo della Vitamina D nella Salute dei Capelli","datePublished":"2024-03-26T11:36:31+00:00","dateModified":"2026-05-18T17:01:12+00:00","mainEntityOfPage":{"@id":"https:\/\/www.newfreestyle.it\/ruolo-della-vitamina-d-nella-salute-dei-capelli\/"},"wordCount":2133,"commentCount":0,"publisher":{"@id":"https:\/\/www.newfreestyle.it\/en\/#organization"},"image":{"@id":"https:\/\/www.newfreestyle.it\/ruolo-della-vitamina-d-nella-salute-dei-capelli\/#primaryimage"},"thumbnailUrl":"https:\/\/www.newfreestyle.it\/wp-content\/uploads\/2023\/11\/ritratto-di-un-uomo-bello-da-vicino-scaled.jpg","articleSection":["Consigli","Curiosit\u00e0"],"inLanguage":"en-GB","potentialAction":[{"@type":"CommentAction","name":"Comment","target":["https:\/\/www.newfreestyle.it\/ruolo-della-vitamina-d-nella-salute-dei-capelli\/#respond"]}]},{"@type":"WebPage","@id":"https:\/\/www.newfreestyle.it\/ruolo-della-vitamina-d-nella-salute-dei-capelli\/","url":"https:\/\/www.newfreestyle.it\/ruolo-della-vitamina-d-nella-salute-dei-capelli\/","name":"Role of Vitamin D in Hair Health | Newfreestyle","isPartOf":{"@id":"https:\/\/www.newfreestyle.it\/en\/#website"},"primaryImageOfPage":{"@id":"https:\/\/www.newfreestyle.it\/ruolo-della-vitamina-d-nella-salute-dei-capelli\/#primaryimage"},"image":{"@id":"https:\/\/www.newfreestyle.it\/ruolo-della-vitamina-d-nella-salute-dei-capelli\/#primaryimage"},"thumbnailUrl":"https:\/\/www.newfreestyle.it\/wp-content\/uploads\/2023\/11\/ritratto-di-un-uomo-bello-da-vicino-scaled.jpg","datePublished":"2024-03-26T11:36:31+00:00","dateModified":"2026-05-18T17:01:12+00:00","description":"Vitamin D and hair: connection with hair loss, fragility, and follicle. A clear reading to understand when to investigate further and how to manage the routine.","breadcrumb":{"@id":"https:\/\/www.newfreestyle.it\/ruolo-della-vitamina-d-nella-salute-dei-capelli\/#breadcrumb"},"inLanguage":"en-GB","potentialAction":[{"@type":"ReadAction","target":["https:\/\/www.newfreestyle.it\/ruolo-della-vitamina-d-nella-salute-dei-capelli\/"]}]},{"@type":"ImageObject","inLanguage":"en-GB","@id":"https:\/\/www.newfreestyle.it\/ruolo-della-vitamina-d-nella-salute-dei-capelli\/#primaryimage","url":"https:\/\/www.newfreestyle.it\/wp-content\/uploads\/2023\/11\/ritratto-di-un-uomo-bello-da-vicino-scaled.jpg","contentUrl":"https:\/\/www.newfreestyle.it\/wp-content\/uploads\/2023\/11\/ritratto-di-un-uomo-bello-da-vicino-scaled.jpg","width":2560,"height":1707,"caption":"Lavare i Capelli Dopo l'Allenamento li fa cadere?"},{"@type":"BreadcrumbList","@id":"https:\/\/www.newfreestyle.it\/ruolo-della-vitamina-d-nella-salute-dei-capelli\/#breadcrumb","itemListElement":[{"@type":"ListItem","position":1,"name":"Home","item":"https:\/\/www.newfreestyle.it\/"},{"@type":"ListItem","position":2,"name":"Ruolo della Vitamina D nella Salute dei Capelli"}]},{"@type":"WebSite","@id":"https:\/\/www.newfreestyle.it\/en\/#website","url":"https:\/\/www.newfreestyle.it\/en\/","name":"Men's Hair Implants Capillary Implants","description":"We solve all types of baldness with the help of non-surgical capillary implants also called skin patches.","publisher":{"@id":"https:\/\/www.newfreestyle.it\/en\/#organization"},"potentialAction":[{"@type":"SearchAction","target":{"@type":"EntryPoint","urlTemplate":"https:\/\/www.newfreestyle.it\/en\/?s={search_term_string}"},"query-input":{"@type":"PropertyValueSpecification","valueRequired":true,"valueName":"search_term_string"}}],"inLanguage":"en-GB"},{"@type":["Organization","Place"],"@id":"https:\/\/www.newfreestyle.it\/en\/#organization","name":"Newfreestyle Hair System","alternateName":"Protesi Capelli Uomo Personalizzate","url":"https:\/\/www.newfreestyle.it\/en\/","logo":{"@id":"https:\/\/www.newfreestyle.it\/ruolo-della-vitamina-d-nella-salute-dei-capelli\/#local-main-organization-logo"},"image":{"@id":"https:\/\/www.newfreestyle.it\/ruolo-della-vitamina-d-nella-salute-dei-capelli\/#local-main-organization-logo"},"sameAs":["https:\/\/www.facebook.com\/newfreestyle.it\/","https:\/\/www.instagram.com\/newfreestyle_hairsystem\/"],"address":{"@id":"https:\/\/www.newfreestyle.it\/ruolo-della-vitamina-d-nella-salute-dei-capelli\/#local-main-place-address"},"geo":{"@type":"GeoCoordinates","latitude":"45.5086608","longitude":"9.2005743"},"telephone":["3297256048"],"openingHoursSpecification":[{"@type":"OpeningHoursSpecification","dayOfWeek":["Monday","Tuesday","Wednesday","Thursday","Friday","Saturday"],"opens":"09:00","closes":"19:00"},{"@type":"OpeningHoursSpecification","dayOfWeek":["Sunday"],"opens":"00:00","closes":"00:00"}],"email":"direzione@newfreestyle.it","vatID":"IT11145080963","taxID":"SCIMST69H67I690R"},{"@type":"Person","@id":"https:\/\/www.newfreestyle.it\/en\/#\/schema\/person\/753bd59851e950a1673a83530fb635e2","name":"Newfreestyle Hair System","url":"https:\/\/www.newfreestyle.it\/en\/author\/newfreestyle-hair-system\/"},{"@type":"PostalAddress","@id":"https:\/\/www.newfreestyle.it\/ruolo-della-vitamina-d-nella-salute-dei-capelli\/#local-main-place-address","streetAddress":"Via Cino da Pistoia, 18","addressLocality":"Milano","postalCode":"20162","addressRegion":"MI","addressCountry":"IT"},{"@type":"ImageObject","inLanguage":"en-GB","@id":"https:\/\/www.newfreestyle.it\/ruolo-della-vitamina-d-nella-salute-dei-capelli\/#local-main-organization-logo","url":"https:\/\/www.newfreestyle.it\/wp-content\/uploads\/2023\/09\/cropped-newfreestyle-150x145-1.png","contentUrl":"https:\/\/www.newfreestyle.it\/wp-content\/uploads\/2023\/09\/cropped-newfreestyle-150x145-1.png","width":512,"height":512,"caption":"Newfreestyle Hair System"}]},"geo.placename":"Milano","geo.position":{"lat":"45.5086608","long":"9.2005743"},"geo.region":"Italy"},"_links":{"self":[{"href":"https:\/\/www.newfreestyle.it\/en\/wp-json\/wp\/v2\/posts\/48146","targetHints":{"allow":["GET"]}}],"collection":[{"href":"https:\/\/www.newfreestyle.it\/en\/wp-json\/wp\/v2\/posts"}],"about":[{"href":"https:\/\/www.newfreestyle.it\/en\/wp-json\/wp\/v2\/types\/post"}],"author":[{"embeddable":true,"href":"https:\/\/www.newfreestyle.it\/en\/wp-json\/wp\/v2\/users\/74"}],"replies":[{"embeddable":true,"href":"https:\/\/www.newfreestyle.it\/en\/wp-json\/wp\/v2\/comments?post=48146"}],"version-history":[{"count":7,"href":"https:\/\/www.newfreestyle.it\/en\/wp-json\/wp\/v2\/posts\/48146\/revisions"}],"predecessor-version":[{"id":50029,"href":"https:\/\/www.newfreestyle.it\/en\/wp-json\/wp\/v2\/posts\/48146\/revisions\/50029"}],"wp:featuredmedia":[{"embeddable":true,"href":"https:\/\/www.newfreestyle.it\/en\/wp-json\/wp\/v2\/media\/47037"}],"wp:attachment":[{"href":"https:\/\/www.newfreestyle.it\/en\/wp-json\/wp\/v2\/media?parent=48146"}],"wp:term":[{"taxonomy":"category","embeddable":true,"href":"https:\/\/www.newfreestyle.it\/en\/wp-json\/wp\/v2\/categories?post=48146"},{"taxonomy":"post_tag","embeddable":true,"href":"https:\/\/www.newfreestyle.it\/en\/wp-json\/wp\/v2\/tags?post=48146"}],"curies":[{"name":"wp","href":"https:\/\/api.w.org\/{rel}","templated":true}]}}