
{"id":34275,"date":"2025-07-08T10:56:33","date_gmt":"2025-07-08T08:56:33","guid":{"rendered":"https:\/\/www.newfreestyle.it\/?p=34275"},"modified":"2026-05-18T18:19:56","modified_gmt":"2026-05-18T16:19:56","slug":"how-hair-prosthesis-works","status":"publish","type":"post","link":"https:\/\/www.newfreestyle.it\/en\/how-hair-prosthesis-works\/","title":{"rendered":"How does the hair prosthesis work?"},"content":{"rendered":"<p>Capita spesso di arrivare alla protesi per capelli dopo mesi di tentativi: fibre cosmetiche che non convincono, tagli studiati per coprire, lo specchio controllato da ogni angolazione prima di uscire. Quando la perdita di capelli diventa visibile, il punto non \u00e8 solo estetico. Cambia il modo in cui ci si pettina, ci si espone alla luce, si affrontano palestra, vento, pioggia e perfino una semplice foto. Per questo capire <strong>come funziona la protesi per capelli<\/strong> significa andare oltre l&#8217;idea di un \u201ccoprire\u201d: vuol dire capire come si integra con il cuoio capelluto, come si applica, quanto richiede in termini di cura e soprattutto se \u00e8 coerente con il proprio stile di vita.<\/p>\n<h2>Come funziona la protesi per capelli nella pratica<\/h2>\n<p>Una protesi per capelli \u00e8 un sistema tricologico non chirurgico progettato per <strong>ripristinare l&#8217;aspetto della capigliatura<\/strong> nelle aree diradate o prive di capelli. In concreto, si tratta di una base sottile sulla quale vengono inseriti capelli naturali o, in alcuni casi, fibre specifiche. La base viene poi fissata alla cute o alle zone periferiche dove i capelli sono ancora presenti.<\/p>\n<p>Il funzionamento reale dipende da tre elementi che lavorano insieme:<\/p>\n<ul>\n<li><strong>la base<\/strong>, cio\u00e8 il supporto che aderisce alla testa;<\/li>\n<li><strong>i capelli inseriti<\/strong>, che determinano resa estetica, movimento e integrazione;<\/li>\n<li><strong>il sistema di fissaggio<\/strong>, che mantiene la protesi stabile nella vita quotidiana.<\/li>\n<\/ul>\n<p>Detta cos\u00ec pu\u00f2 sembrare semplice, ma il risultato cambia molto in base alla compatibilit\u00e0 tra questi tre fattori e la persona che la indossa. Una protesi pensata per un uso saltuario, ad esempio, non risponde allo stesso modo di una usata ogni giorno, con attivit\u00e0 fisica regolare o cute particolarmente sensibile.<\/p>\n<p>Chi vuole orientarsi meglio pu\u00f2 approfondire anche i temi legati alla <a href=\"[LINK:URL]\">caduta dei capelli<\/a>, alla gestione del diradamento e alle differenze tra sistemi cosmetici e soluzioni di integrazione capillare.<\/p>\n<h2>Da quali parti \u00e8 composta una protesi capillare<\/h2>\n<p>Per capire bene come funziona, conviene osservare la struttura. La protesi capillare non \u00e8 un blocco unico indistinto: ogni componente incide su comfort, naturalit\u00e0 e manutenzione.<\/p>\n<h3>La base: il punto di contatto con la cute<\/h3>\n<p>La base \u00e8 la parte che appoggia sul cuoio capelluto. Pu\u00f2 avere caratteristiche diverse per spessore, flessibilit\u00e0, traspirazione e resa sul front. In generale, una base pi\u00f9 discreta tende a offrire un impatto visivo pi\u00f9 naturale, ma richiede anche maggiore attenzione in fase di applicazione e manutenzione. Una base pi\u00f9 strutturata, invece, pu\u00f2 risultare pi\u00f9 gestibile per chi cerca praticit\u00e0.<\/p>\n<p>Il criterio decisionale pi\u00f9 utile qui \u00e8 semplice: <strong>non scegliere solo in base all&#8217;effetto visivo da fermo<\/strong>, ma in base a come vivi la protesi durante la giornata. Se sudi molto, fai sport o porti spesso i capelli scoperti in avanti o all&#8217;indietro, la base va valutata in funzione di queste abitudini. Per i dettagli tecnici specifici, verifica nella scheda prodotto.<\/p>\n<h3>I capelli inseriti nella protesi<\/h3>\n<p>La resa finale dipende anche dal tipo di capello utilizzato e dal modo in cui viene inserito nella base. Qui entrano in gioco aspetti come direzione, densit\u00e0, movimento e capacit\u00e0 di fondersi con i capelli naturali presenti ai lati e sul retro.<\/p>\n<p>Un dettaglio pratico spesso sottovalutato riguarda la <strong>coerenza con il proprio capello residuo<\/strong>. Se i capelli laterali sono sottili, molto lisci o con una certa ondulazione, la protesi deve dialogare con quella texture. Il risultato pi\u00f9 credibile non \u00e8 quello \u201cperfetto\u201d in senso astratto, ma quello che non crea stacco.<\/p>\n<h3>Il perimetro e il front<\/h3>\n<p>La zona frontale \u00e8 quella che attira pi\u00f9 attenzione perch\u00e9 incornicia il viso e diventa visibile quando i capelli vengono spostati. Il perimetro, invece, influisce su tenuta e comfort. Chi porta un taglio con attaccatura esposta deve prestare particolare attenzione alla naturalezza del front; chi preferisce un&#8217;acconciatura con frangia o ciuffo pu\u00f2 dare priorit\u00e0 ad altri aspetti, come praticit\u00e0 e durata dell&#8217;adesione.<\/p>\n<h2>Come si applica una protesi per capelli<\/h2>\n<p>L&#8217;applicazione \u00e8 il passaggio che trasforma la protesi da accessorio a parte integrante dell&#8217;immagine. In linea generale, il fissaggio avviene su cute preparata e pulita, usando sistemi adesivi compatibili con la base e con le esigenze della persona.<\/p>\n<p>Il processo, nella pratica, segue una logica precisa:<\/p>\n<ul>\n<li>preparazione della zona da coprire;<\/li>\n<li>pulizia accurata della cute per favorire l&#8217;adesione;<\/li>\n<li>posizionamento della protesi secondo l&#8217;attaccatura desiderata;<\/li>\n<li>fissaggio e controllo dell&#8217;allineamento;<\/li>\n<li>rifinitura del taglio per integrare protesi e capelli naturali.<\/li>\n<\/ul>\n<p>Il punto pi\u00f9 delicato non \u00e8 solo \u201cattaccarla bene\u201d, ma <strong>posizionarla in modo coerente con il viso<\/strong>. Un&#8217;attaccatura troppo bassa, troppo regolare o non adatta alla fisionomia pu\u00f2 rendere il risultato poco credibile anche se la protesi \u00e8 di buona qualit\u00e0. Per questo il primo set-up richiede attenzione, occhio estetico e una valutazione realistica delle proporzioni.<\/p>\n<p>Se stai confrontando sistemi diversi, pu\u00f2 esserti utile leggere anche contenuti dedicati ai <a href=\"[LINK:URL]\">sistemi di fissaggio per protesi capelli<\/a> e alla preparazione della cute prima dell&#8217;applicazione.<\/p>\n<h2>Adesivi e tenuta: cosa incide davvero sulla stabilit\u00e0<\/h2>\n<p>Quando si parla di tenuta, si pensa subito all&#8217;adesivo. In realt\u00e0 la stabilit\u00e0 dipende da un insieme di fattori: tipo di base, quantit\u00e0 di sebo, sudorazione, manualit\u00e0 nell&#8217;applicazione, frequenza di manutenzione e routine quotidiana.<\/p>\n<p>Un errore comune \u00e8 scegliere il fissaggio solo per abitudine o per sentito dire. Chi ha una cute sensibile, ad esempio, dovrebbe valutare con attenzione i prodotti usati per l&#8217;adesione e per la rimozione. Chi pratica attivit\u00e0 fisica intensa o vive in ambienti umidi deve considerare la risposta del sistema nelle condizioni reali, non solo nelle prime ore dopo l&#8217;applicazione.<\/p>\n<p>Dal punto di vista pratico, conviene osservare questi criteri:<\/p>\n<ul>\n<li><strong>comfort sulla pelle<\/strong> durante pi\u00f9 giorni consecutivi;<\/li>\n<li><strong>facilit\u00e0 di pulizia<\/strong> della base dopo la rimozione;<\/li>\n<li><strong>tenuta coerente<\/strong> con il proprio ritmo di vita;<\/li>\n<li><strong>gestibilit\u00e0 del front<\/strong> se l&#8217;attaccatura resta visibile.<\/li>\n<\/ul>\n<p>Non sempre il fissaggio pi\u00f9 forte \u00e8 quello pi\u00f9 adatto. In molti casi \u00e8 preferibile un equilibrio tra stabilit\u00e0, pulizia e semplicit\u00e0 di manutenzione. Su questo aspetto possono essere utili anche le informazioni presenti nella sezione dedicata alla <a href=\"[LINK:URL]\">manutenzione della protesi per capelli<\/a>.<\/p>\n<h2>Protesi capelli e naturalezza: da cosa dipende il risultato<\/h2>\n<p>La domanda che quasi tutti si fanno \u00e8 una: si vede? La risposta onesta \u00e8 che la naturalezza non dipende da un solo elemento. Dipende da come la protesi si inserisce nell&#8217;insieme: attaccatura, densit\u00e0, taglio, colore, styling e stato dei capelli naturali intorno.<\/p>\n<p>Ci sono alcuni aspetti concreti che incidono pi\u00f9 di altri:<\/p>\n<ul>\n<li><strong>densit\u00e0 proporzionata<\/strong> all&#8217;et\u00e0, al viso e ai capelli laterali;<\/li>\n<li><strong>colore armonizzato<\/strong>, non semplicemente \u201csimile\u201d;<\/li>\n<li><strong>taglio eseguito per fondere<\/strong> e non per separare le due aree;<\/li>\n<li><strong>styling realistico<\/strong>, coerente con il proprio modo di portare i capelli.<\/li>\n<\/ul>\n<p>Un dettaglio molto concreto: una protesi troppo folta rispetto ai capelli presenti ai lati attira attenzione anche a distanza. Allo stesso modo, un front impeccabile perde valore se il taglio crea una linea netta tra protesi e capelli naturali. La credibilit\u00e0 nasce spesso dai dettagli meno appariscenti.<\/p>\n<p>Per chi \u00e8 all&#8217;inizio, pu\u00f2 essere utile confrontare il tema con altri contenuti su <a href=\"[LINK:URL]\">infittimento e integrazione capillare<\/a>, cos\u00ec da capire meglio quale risultato aspettarsi in base alla propria situazione di partenza.<\/p>\n<h2>Manutenzione della protesi per capelli: cosa comporta nella vita quotidiana<\/h2>\n<p>Una protesi non si limita a stare in posizione: va gestita. La manutenzione \u00e8 il punto che distingue una scelta sostenibile nel tempo da una scelta fatta solo sull&#8217;entusiasmo iniziale.<\/p>\n<p>Nella routine ordinaria rientrano in genere:<\/p>\n<ul>\n<li>pulizia della cute e della base;<\/li>\n<li>rimozione dei residui di adesivo;<\/li>\n<li>lavaggio delicato dei capelli della protesi;<\/li>\n<li>asciugatura e pettinatura corrette;<\/li>\n<li>nuova applicazione quando necessario.<\/li>\n<\/ul>\n<p>Il criterio pi\u00f9 utile, prima di scegliere, \u00e8 chiedersi quanto tempo si \u00e8 davvero disposti a dedicare a questa routine. Chi cerca un sistema molto discreto ma non ha manualit\u00e0 o costanza potrebbe trovarsi meglio con una configurazione pi\u00f9 semplice da gestire. Al contrario, chi \u00e8 disposto a curare bene il front e a fare manutenzione regolare pu\u00f2 puntare a una resa pi\u00f9 raffinata.<\/p>\n<p>Anche i prodotti usati fanno differenza, ma non in modo astratto. Servono formule compatibili con base, capelli e cute. Se hai dubbi su detergenti, remover o prodotti di styling, verifica nella scheda prodotto e valuta sempre la compatibilit\u00e0 con il sistema che utilizzi.<\/p>\n<h2>Quando la protesi per capelli \u00e8 adatta e quando va valutata con attenzione<\/h2>\n<p>La protesi pu\u00f2 essere una scelta sensata in diverse situazioni: diradamento avanzato, alopecia in aree definite, difficolt\u00e0 a ottenere copertura con i propri capelli, desiderio di un risultato immediato senza ricorrere ad altre strade. Ma non \u00e8 automaticamente adatta a tutti nello stesso modo.<\/p>\n<p>Va valutata con attenzione soprattutto quando:<\/p>\n<ul>\n<li>la cute \u00e8 molto reattiva o facilmente irritabile;<\/li>\n<li>si cerca una gestione completamente priva di manutenzione;<\/li>\n<li>si ha uno stile di vita che rende difficile rispettare i tempi di cura;<\/li>\n<li>si desidera un risultato molto esposto sul front senza esperienza iniziale.<\/li>\n<\/ul>\n<p>Questo non significa escluderla, ma partire con aspettative corrette. Una protesi funziona bene quando c&#8217;\u00e8 <strong>compatibilit\u00e0 tra risultato desiderato e disponibilit\u00e0 a gestirlo<\/strong>. \u00c8 qui che spesso si gioca la soddisfazione nel medio periodo.<\/p>\n<h2>Differenza tra protesi per capelli, parrucca e altri sistemi di copertura<\/h2>\n<p>Nel linguaggio comune i termini si sovrappongono, ma non indicano sempre la stessa cosa. La protesi per capelli \u00e8 pensata per integrarsi con i capelli naturali presenti, coprendo una zona specifica o un&#8217;area pi\u00f9 ampia in modo personalizzato. Una parrucca, invece, copre l&#8217;intera testa e risponde a esigenze diverse, sia estetiche sia pratiche.<\/p>\n<p>La differenza concreta si nota in tre aspetti:<\/p>\n<ul>\n<li><strong>integrazione<\/strong> con i capelli propri;<\/li>\n<li><strong>modalit\u00e0 di fissaggio<\/strong> e stabilit\u00e0 nella quotidianit\u00e0;<\/li>\n<li><strong>gestione del taglio<\/strong> per fondere il sistema con il look personale.<\/li>\n<\/ul>\n<p>Per chi ha ancora una buona cornice laterale e posteriore, la protesi permette spesso un effetto pi\u00f9 integrato. Chi invece affronta una perdita totale o molto estesa pu\u00f2 dover valutare altre tipologie di copertura. La scelta migliore dipende sempre dalla condizione reale del cuoio capelluto e dall&#8217;obiettivo estetico.<\/p>\n<h2>Errori comuni da evitare quando si sceglie una protesi capelli<\/h2>\n<p>Molte delusioni non nascono dal sistema in s\u00e9, ma da aspettative sbagliate o da una selezione fatta in fretta. Alcuni errori ricorrono spesso:<\/p>\n<ul>\n<li>scegliere una densit\u00e0 eccessiva per sembrare \u201cpi\u00f9 pieni\u201d;<\/li>\n<li>trascurare il colore dei capelli laterali e la loro evoluzione nel tempo;<\/li>\n<li>pensare che una protesi ben applicata non richieda manutenzione;<\/li>\n<li>valutare solo il front senza considerare comfort e pulizia;<\/li>\n<li>cambiare troppo spesso prodotti di fissaggio senza un criterio.<\/li>\n<\/ul>\n<p>Un altro errore pratico \u00e8 ignorare il taglio. La protesi non va giudicata solo appena uscita dalla confezione: prende senso quando viene adattata al volto e al proprio stile. Un taglio ben studiato pu\u00f2 migliorare molto l&#8217;integrazione; un taglio sbagliato pu\u00f2 compromettere anche una buona base.<\/p>\n<h2>Come capire quale protesi per capelli valutare<\/h2>\n<p>Per orientarsi in modo concreto, conviene partire da alcune domande semplici:<\/p>\n<ul>\n<li>quanta parte della testa va coperta;<\/li>\n<li>quanto \u00e8 importante mostrare l&#8217;attaccatura frontale;<\/li>\n<li>quanta manutenzione sei disposto a fare;<\/li>\n<li>come sono i tuoi capelli naturali ai lati e sul retro;<\/li>\n<li>quali situazioni affronti ogni giorno: ufficio, sport, casco, umidit\u00e0, esposizione al sole.<\/li>\n<\/ul>\n<p>Queste domande aiutano pi\u00f9 di molte descrizioni generiche. Una persona che porta sempre i capelli in avanti avr\u00e0 priorit\u00e0 diverse da chi ama pettinature scoperte. Chi fa attivit\u00e0 fisica quotidiana avr\u00e0 esigenze diverse da chi usa la protesi soprattutto in contesti sociali o professionali.<\/p>\n<p>Se stai confrontando opzioni diverse, pu\u00f2 essere utile raccogliere informazioni anche su <a href=\"[LINK:URL]\">cura dei capelli e accessori per sistemi tricologici<\/a>, cos\u00ec da valutare non solo l&#8217;acquisto iniziale ma l&#8217;intera gestione nel tempo.<\/p>\n<p><!--W4Y_BF_SUGGESTED_PRODUCTS--><\/p>\n<h2>Un supporto utile per scegliere con pi\u00f9 criterio<\/h2>\n<p>Se stai valutando una protesi per capelli, il passaggio pi\u00f9 sensato \u00e8 confrontare materiali, sistemi di fissaggio e prodotti di manutenzione in base alle tue abitudini reali, non solo all&#8217;effetto desiderato in foto. Nella selezione Newfreestyle puoi approfondire le opzioni disponibili per categoria e brand, cos\u00ec da capire quale configurazione si adatta meglio al tuo modo di portare e gestire i capelli.<\/p>\n[w4y_bf_related_posts post_id=&#8221;34275&#8243;]\n<hr \/>\n<h2>FAQ<\/h2>\n<div class=\"w4y-faq\">\n<h3>La protesi per capelli si nota quando la si indossa?<\/h3>\n<p>Dipende da base, densit\u00e0, colore, taglio e applicazione. Un sistema ben integrato con i capelli naturali e coerente con il viso tende a risultare molto discreto, mentre densit\u00e0 eccessiva o attaccatura poco naturale possono renderlo pi\u00f9 visibile.<\/p>\n<h3>Ogni quanto va fatta la manutenzione di una protesi per capelli?<\/h3>\n<p>La frequenza varia in base a cute, adesivi, stile di vita e tipo di base. In pratica conta osservare come reagiscono pelle e fissaggio nella routine quotidiana. Per indicazioni pi\u00f9 precise, verifica nella scheda prodotto dei sistemi e dei prodotti di manutenzione compatibili.<\/p>\n<h3>Si pu\u00f2 fare sport con una protesi per capelli?<\/h3>\n<p>In molti casi s\u00ec, ma la stabilit\u00e0 dipende dal sistema di fissaggio, dalla sudorazione e dalla corretta applicazione. Chi pratica attivit\u00e0 fisica regolare dovrebbe valutare con attenzione comfort, tenuta e facilit\u00e0 di pulizia dopo l&#8217;uso.<\/p>\n<h3>Che differenza c&#8217;\u00e8 tra protesi per capelli e parrucca?<\/h3>\n<p>La protesi \u00e8 pensata per integrarsi con i capelli naturali presenti e coprire aree specifiche o parziali. La parrucca copre l&#8217;intera testa e risponde a esigenze diverse. La scelta dipende dall&#8217;estensione della perdita di capelli e dal risultato che si vuole ottenere.<\/p>\n<h3>La protesi per capelli richiede prodotti specifici?<\/h3>\n<p>S\u00ec, in genere servono prodotti compatibili per fissaggio, rimozione, pulizia e styling. La compatibilit\u00e0 dipende dal tipo di base, dalla cute e dalla routine di utilizzo. Se hai dubbi su un dettaglio tecnico, verifica nella scheda prodotto.<\/p>\n<\/div>\n<p><script type=\"application\/ld+json\">{\"@context\":\"https:\/\/schema.org\",\"@type\":\"FAQPage\",\"mainEntity\":[{\"@type\":\"Question\",\"name\":\"La protesi per capelli si nota quando la si indossa?\",\"acceptedAnswer\":{\"@type\":\"Answer\",\"text\":\"Dipende da base, densit\u00e0, colore, taglio e applicazione. Un sistema ben integrato con i capelli naturali e coerente con il viso tende a risultare molto discreto, mentre densit\u00e0 eccessiva o attaccatura poco naturale possono renderlo pi\u00f9 visibile.\"}},{\"@type\":\"Question\",\"name\":\"Ogni quanto va fatta la manutenzione di una protesi per capelli?\",\"acceptedAnswer\":{\"@type\":\"Answer\",\"text\":\"La frequenza varia in base a cute, adesivi, stile di vita e tipo di base. In pratica conta osservare come reagiscono pelle e fissaggio nella routine quotidiana. Per indicazioni pi\u00f9 precise, verifica nella scheda prodotto dei sistemi e dei prodotti di manutenzione compatibili.\"}},{\"@type\":\"Question\",\"name\":\"Si pu\u00f2 fare sport con una protesi per capelli?\",\"acceptedAnswer\":{\"@type\":\"Answer\",\"text\":\"In molti casi s\u00ec, ma la stabilit\u00e0 dipende dal sistema di fissaggio, dalla sudorazione e dalla corretta applicazione. Chi pratica attivit\u00e0 fisica regolare dovrebbe valutare con attenzione comfort, tenuta e facilit\u00e0 di pulizia dopo l'uso.\"}},{\"@type\":\"Question\",\"name\":\"Che differenza c'\u00e8 tra protesi per capelli e parrucca?\",\"acceptedAnswer\":{\"@type\":\"Answer\",\"text\":\"La protesi \u00e8 pensata per integrarsi con i capelli naturali presenti e coprire aree specifiche o parziali. La parrucca copre l'intera testa e risponde a esigenze diverse. La scelta dipende dall'estensione della perdita di capelli e dal risultato che si vuole ottenere.\"}},{\"@type\":\"Question\",\"name\":\"La protesi per capelli richiede prodotti specifici?\",\"acceptedAnswer\":{\"@type\":\"Answer\",\"text\":\"S\u00ec, in genere servono prodotti compatibili per fissaggio, rimozione, pulizia e styling. La compatibilit\u00e0 dipende dal tipo di base, dalla cute e dalla routine di utilizzo. Se hai dubbi su un dettaglio tecnico, verifica nella scheda prodotto.\"}}]}<\/script><\/p>\n","protected":false},"excerpt":{"rendered":"<p>Find out all about how hair prosthesis works. Insights, tips and practical solutions for every need.<\/p>","protected":false},"author":74,"featured_media":38470,"comment_status":"open","ping_status":"open","sticky":false,"template":"","format":"standard","meta":{"_acf_changed":false,"_monsterinsights_skip_tracking":false,"footnotes":""},"categories":[80,81],"tags":[],"class_list":["post-34275","post","type-post","status-publish","format-standard","has-post-thumbnail","hentry","category-consigli","category-curiosita"],"acf":[],"yoast_head":"<!-- This site is optimized with the Yoast SEO Premium plugin v26.1 (Yoast SEO v26.1.1) - https:\/\/yoast.com\/wordpress\/plugins\/seo\/ -->\n<title>Come funziona la protesi per capelli? | Newfreestyle<\/title>\n<meta name=\"description\" content=\"Come funziona la protesi per capelli: applicazione, tenuta, manutenzione e criteri pratici per scegliere il sistema pi\u00f9 adatto.\" \/>\n<meta name=\"robots\" content=\"index, follow, max-snippet:-1, max-image-preview:large, max-video-preview:-1\" \/>\n<link rel=\"canonical\" href=\"https:\/\/www.newfreestyle.it\/en\/how-hair-prosthesis-works\/\" \/>\n<meta property=\"og:locale\" content=\"en_GB\" \/>\n<meta property=\"og:type\" content=\"article\" \/>\n<meta property=\"og:title\" content=\"Come funziona la protesi per capelli?\" \/>\n<meta property=\"og:description\" content=\"Come funziona la protesi per capelli: applicazione, tenuta, manutenzione e criteri pratici per scegliere il sistema pi\u00f9 adatto.\" \/>\n<meta property=\"og:url\" content=\"https:\/\/www.newfreestyle.it\/en\/how-hair-prosthesis-works\/\" \/>\n<meta property=\"og:site_name\" content=\"Newfreestyle Hair System\" \/>\n<meta property=\"article:publisher\" content=\"https:\/\/www.facebook.com\/newfreestyle.it\/\" \/>\n<meta property=\"article:published_time\" content=\"2025-07-08T08:56:33+00:00\" \/>\n<meta property=\"article:modified_time\" content=\"2026-05-18T16:19:56+00:00\" \/>\n<meta property=\"og:image\" content=\"https:\/\/www.newfreestyle.it\/wp-content\/uploads\/2023\/09\/ritratto-di-un-uomo-con-barba-e-baffi-in-studio-sfondo-nero-scaled.jpg\" \/>\n\t<meta property=\"og:image:width\" content=\"2560\" \/>\n\t<meta property=\"og:image:height\" content=\"1707\" \/>\n\t<meta property=\"og:image:type\" content=\"image\/jpeg\" \/>\n<meta name=\"author\" content=\"Newfreestyle Hair System\" \/>\n<meta name=\"twitter:card\" content=\"summary_large_image\" \/>\n<meta name=\"twitter:label1\" content=\"Written by\" \/>\n\t<meta name=\"twitter:data1\" content=\"Newfreestyle Hair System\" \/>\n\t<meta name=\"twitter:label2\" content=\"Estimated reading time\" \/>\n\t<meta name=\"twitter:data2\" content=\"12 minutes\" \/>\n<script type=\"application\/ld+json\" class=\"yoast-schema-graph\">{\"@context\":\"https:\/\/schema.org\",\"@graph\":[{\"@type\":\"Article\",\"@id\":\"https:\/\/www.newfreestyle.it\/come-funziona-la-protesi-per-capelli\/#article\",\"isPartOf\":{\"@id\":\"https:\/\/www.newfreestyle.it\/come-funziona-la-protesi-per-capelli\/\"},\"author\":{\"name\":\"Newfreestyle Hair System\",\"@id\":\"https:\/\/www.newfreestyle.it\/en\/#\/schema\/person\/753bd59851e950a1673a83530fb635e2\"},\"headline\":\"Come funziona la protesi per capelli?\",\"datePublished\":\"2025-07-08T08:56:33+00:00\",\"dateModified\":\"2026-05-18T16:19:56+00:00\",\"mainEntityOfPage\":{\"@id\":\"https:\/\/www.newfreestyle.it\/come-funziona-la-protesi-per-capelli\/\"},\"wordCount\":2202,\"commentCount\":0,\"publisher\":{\"@id\":\"https:\/\/www.newfreestyle.it\/en\/#organization\"},\"image\":{\"@id\":\"https:\/\/www.newfreestyle.it\/come-funziona-la-protesi-per-capelli\/#primaryimage\"},\"thumbnailUrl\":\"https:\/\/www.newfreestyle.it\/wp-content\/uploads\/2023\/09\/ritratto-di-un-uomo-con-barba-e-baffi-in-studio-sfondo-nero-scaled.jpg\",\"articleSection\":[\"Consigli\",\"Curiosit\u00e0\"],\"inLanguage\":\"en-GB\",\"potentialAction\":[{\"@type\":\"CommentAction\",\"name\":\"Comment\",\"target\":[\"https:\/\/www.newfreestyle.it\/come-funziona-la-protesi-per-capelli\/#respond\"]}]},{\"@type\":\"WebPage\",\"@id\":\"https:\/\/www.newfreestyle.it\/come-funziona-la-protesi-per-capelli\/\",\"url\":\"https:\/\/www.newfreestyle.it\/come-funziona-la-protesi-per-capelli\/\",\"name\":\"Come funziona la protesi per capelli? | Newfreestyle\",\"isPartOf\":{\"@id\":\"https:\/\/www.newfreestyle.it\/en\/#website\"},\"primaryImageOfPage\":{\"@id\":\"https:\/\/www.newfreestyle.it\/come-funziona-la-protesi-per-capelli\/#primaryimage\"},\"image\":{\"@id\":\"https:\/\/www.newfreestyle.it\/come-funziona-la-protesi-per-capelli\/#primaryimage\"},\"thumbnailUrl\":\"https:\/\/www.newfreestyle.it\/wp-content\/uploads\/2023\/09\/ritratto-di-un-uomo-con-barba-e-baffi-in-studio-sfondo-nero-scaled.jpg\",\"datePublished\":\"2025-07-08T08:56:33+00:00\",\"dateModified\":\"2026-05-18T16:19:56+00:00\",\"description\":\"Come funziona la protesi per capelli: applicazione, tenuta, manutenzione e criteri pratici per scegliere il sistema pi\u00f9 adatto.\",\"breadcrumb\":{\"@id\":\"https:\/\/www.newfreestyle.it\/come-funziona-la-protesi-per-capelli\/#breadcrumb\"},\"inLanguage\":\"en-GB\",\"potentialAction\":[{\"@type\":\"ReadAction\",\"target\":[\"https:\/\/www.newfreestyle.it\/come-funziona-la-protesi-per-capelli\/\"]}]},{\"@type\":\"ImageObject\",\"inLanguage\":\"en-GB\",\"@id\":\"https:\/\/www.newfreestyle.it\/come-funziona-la-protesi-per-capelli\/#primaryimage\",\"url\":\"https:\/\/www.newfreestyle.it\/wp-content\/uploads\/2023\/09\/ritratto-di-un-uomo-con-barba-e-baffi-in-studio-sfondo-nero-scaled.jpg\",\"contentUrl\":\"https:\/\/www.newfreestyle.it\/wp-content\/uploads\/2023\/09\/ritratto-di-un-uomo-con-barba-e-baffi-in-studio-sfondo-nero-scaled.jpg\",\"width\":2560,\"height\":1707,\"caption\":\"Protesi capelli lunghi\"},{\"@type\":\"BreadcrumbList\",\"@id\":\"https:\/\/www.newfreestyle.it\/come-funziona-la-protesi-per-capelli\/#breadcrumb\",\"itemListElement\":[{\"@type\":\"ListItem\",\"position\":1,\"name\":\"Home\",\"item\":\"https:\/\/www.newfreestyle.it\/\"},{\"@type\":\"ListItem\",\"position\":2,\"name\":\"Come funziona la protesi per capelli?\"}]},{\"@type\":\"WebSite\",\"@id\":\"https:\/\/www.newfreestyle.it\/en\/#website\",\"url\":\"https:\/\/www.newfreestyle.it\/en\/\",\"name\":\"Protesi Capelli Uomo Impianti Capillari\",\"description\":\"Risolviamo ogni tipologia di Calvizie mediante l\u2019ausilio di protesi capillari non chirurgiche anche chiamata patch cutaneo.\",\"publisher\":{\"@id\":\"https:\/\/www.newfreestyle.it\/en\/#organization\"},\"potentialAction\":[{\"@type\":\"SearchAction\",\"target\":{\"@type\":\"EntryPoint\",\"urlTemplate\":\"https:\/\/www.newfreestyle.it\/en\/?s={search_term_string}\"},\"query-input\":{\"@type\":\"PropertyValueSpecification\",\"valueRequired\":true,\"valueName\":\"search_term_string\"}}],\"inLanguage\":\"en-GB\"},{\"@type\":[\"Organization\",\"Place\"],\"@id\":\"https:\/\/www.newfreestyle.it\/en\/#organization\",\"name\":\"Newfreestyle Hair System\",\"alternateName\":\"Protesi Capelli Uomo Personalizzate\",\"url\":\"https:\/\/www.newfreestyle.it\/en\/\",\"logo\":{\"@id\":\"https:\/\/www.newfreestyle.it\/come-funziona-la-protesi-per-capelli\/#local-main-organization-logo\"},\"image\":{\"@id\":\"https:\/\/www.newfreestyle.it\/come-funziona-la-protesi-per-capelli\/#local-main-organization-logo\"},\"sameAs\":[\"https:\/\/www.facebook.com\/newfreestyle.it\/\",\"https:\/\/www.instagram.com\/newfreestyle_hairsystem\/\"],\"address\":{\"@id\":\"https:\/\/www.newfreestyle.it\/come-funziona-la-protesi-per-capelli\/#local-main-place-address\"},\"geo\":{\"@type\":\"GeoCoordinates\",\"latitude\":\"45.5086608\",\"longitude\":\"9.2005743\"},\"telephone\":[\"3297256048\"],\"openingHoursSpecification\":[{\"@type\":\"OpeningHoursSpecification\",\"dayOfWeek\":[\"Monday\",\"Tuesday\",\"Wednesday\",\"Thursday\",\"Friday\",\"Saturday\"],\"opens\":\"09:00\",\"closes\":\"19:00\"},{\"@type\":\"OpeningHoursSpecification\",\"dayOfWeek\":[\"Sunday\"],\"opens\":\"00:00\",\"closes\":\"00:00\"}],\"email\":\"direzione@newfreestyle.it\",\"vatID\":\"IT11145080963\",\"taxID\":\"SCIMST69H67I690R\"},{\"@type\":\"Person\",\"@id\":\"https:\/\/www.newfreestyle.it\/en\/#\/schema\/person\/753bd59851e950a1673a83530fb635e2\",\"name\":\"Newfreestyle Hair System\",\"url\":\"https:\/\/www.newfreestyle.it\/en\/author\/newfreestyle-hair-system\/\"},{\"@type\":\"PostalAddress\",\"@id\":\"https:\/\/www.newfreestyle.it\/come-funziona-la-protesi-per-capelli\/#local-main-place-address\",\"streetAddress\":\"Via Cino da Pistoia, 18\",\"addressLocality\":\"Milano\",\"postalCode\":\"20162\",\"addressRegion\":\"MI\",\"addressCountry\":\"IT\"},{\"@type\":\"ImageObject\",\"inLanguage\":\"en-GB\",\"@id\":\"https:\/\/www.newfreestyle.it\/come-funziona-la-protesi-per-capelli\/#local-main-organization-logo\",\"url\":\"https:\/\/www.newfreestyle.it\/wp-content\/uploads\/2023\/09\/cropped-newfreestyle-150x145-1.png\",\"contentUrl\":\"https:\/\/www.newfreestyle.it\/wp-content\/uploads\/2023\/09\/cropped-newfreestyle-150x145-1.png\",\"width\":512,\"height\":512,\"caption\":\"Newfreestyle Hair System\"}]}<\/script>\n<meta name=\"geo.placename\" content=\"Milano\" \/>\n<meta name=\"geo.position\" content=\"45.5086608;9.2005743\" \/>\n<meta name=\"geo.region\" content=\"Italy\" \/>\n<!-- \/ Yoast SEO Premium plugin. -->","yoast_head_json":{"title":"How does hair restoration work? | Newfreestyle","description":"How the hair prosthesis works: application, hold, maintenance, and practical criteria for choosing the most suitable system.","robots":{"index":"index","follow":"follow","max-snippet":"max-snippet:-1","max-image-preview":"max-image-preview:large","max-video-preview":"max-video-preview:-1"},"canonical":"https:\/\/www.newfreestyle.it\/en\/how-hair-prosthesis-works\/","og_locale":"en_GB","og_type":"article","og_title":"Come funziona la protesi per capelli?","og_description":"Come funziona la protesi per capelli: applicazione, tenuta, manutenzione e criteri pratici per scegliere il sistema pi\u00f9 adatto.","og_url":"https:\/\/www.newfreestyle.it\/en\/how-hair-prosthesis-works\/","og_site_name":"Newfreestyle Hair System","article_publisher":"https:\/\/www.facebook.com\/newfreestyle.it\/","article_published_time":"2025-07-08T08:56:33+00:00","article_modified_time":"2026-05-18T16:19:56+00:00","og_image":[{"width":2560,"height":1707,"url":"https:\/\/www.newfreestyle.it\/wp-content\/uploads\/2023\/09\/ritratto-di-un-uomo-con-barba-e-baffi-in-studio-sfondo-nero-scaled.jpg","type":"image\/jpeg"}],"author":"Newfreestyle Hair System","twitter_card":"summary_large_image","twitter_misc":{"Written by":"Newfreestyle Hair System","Estimated reading time":"12 minutes"},"schema":{"@context":"https:\/\/schema.org","@graph":[{"@type":"Article","@id":"https:\/\/www.newfreestyle.it\/come-funziona-la-protesi-per-capelli\/#article","isPartOf":{"@id":"https:\/\/www.newfreestyle.it\/come-funziona-la-protesi-per-capelli\/"},"author":{"name":"Newfreestyle Hair System","@id":"https:\/\/www.newfreestyle.it\/en\/#\/schema\/person\/753bd59851e950a1673a83530fb635e2"},"headline":"Come funziona la protesi per capelli?","datePublished":"2025-07-08T08:56:33+00:00","dateModified":"2026-05-18T16:19:56+00:00","mainEntityOfPage":{"@id":"https:\/\/www.newfreestyle.it\/come-funziona-la-protesi-per-capelli\/"},"wordCount":2202,"commentCount":0,"publisher":{"@id":"https:\/\/www.newfreestyle.it\/en\/#organization"},"image":{"@id":"https:\/\/www.newfreestyle.it\/come-funziona-la-protesi-per-capelli\/#primaryimage"},"thumbnailUrl":"https:\/\/www.newfreestyle.it\/wp-content\/uploads\/2023\/09\/ritratto-di-un-uomo-con-barba-e-baffi-in-studio-sfondo-nero-scaled.jpg","articleSection":["Consigli","Curiosit\u00e0"],"inLanguage":"en-GB","potentialAction":[{"@type":"CommentAction","name":"Comment","target":["https:\/\/www.newfreestyle.it\/come-funziona-la-protesi-per-capelli\/#respond"]}]},{"@type":"WebPage","@id":"https:\/\/www.newfreestyle.it\/come-funziona-la-protesi-per-capelli\/","url":"https:\/\/www.newfreestyle.it\/come-funziona-la-protesi-per-capelli\/","name":"How does hair restoration work? | Newfreestyle","isPartOf":{"@id":"https:\/\/www.newfreestyle.it\/en\/#website"},"primaryImageOfPage":{"@id":"https:\/\/www.newfreestyle.it\/come-funziona-la-protesi-per-capelli\/#primaryimage"},"image":{"@id":"https:\/\/www.newfreestyle.it\/come-funziona-la-protesi-per-capelli\/#primaryimage"},"thumbnailUrl":"https:\/\/www.newfreestyle.it\/wp-content\/uploads\/2023\/09\/ritratto-di-un-uomo-con-barba-e-baffi-in-studio-sfondo-nero-scaled.jpg","datePublished":"2025-07-08T08:56:33+00:00","dateModified":"2026-05-18T16:19:56+00:00","description":"How the hair prosthesis works: application, hold, maintenance, and practical criteria for choosing the most suitable system.","breadcrumb":{"@id":"https:\/\/www.newfreestyle.it\/come-funziona-la-protesi-per-capelli\/#breadcrumb"},"inLanguage":"en-GB","potentialAction":[{"@type":"ReadAction","target":["https:\/\/www.newfreestyle.it\/come-funziona-la-protesi-per-capelli\/"]}]},{"@type":"ImageObject","inLanguage":"en-GB","@id":"https:\/\/www.newfreestyle.it\/come-funziona-la-protesi-per-capelli\/#primaryimage","url":"https:\/\/www.newfreestyle.it\/wp-content\/uploads\/2023\/09\/ritratto-di-un-uomo-con-barba-e-baffi-in-studio-sfondo-nero-scaled.jpg","contentUrl":"https:\/\/www.newfreestyle.it\/wp-content\/uploads\/2023\/09\/ritratto-di-un-uomo-con-barba-e-baffi-in-studio-sfondo-nero-scaled.jpg","width":2560,"height":1707,"caption":"Protesi capelli lunghi"},{"@type":"BreadcrumbList","@id":"https:\/\/www.newfreestyle.it\/come-funziona-la-protesi-per-capelli\/#breadcrumb","itemListElement":[{"@type":"ListItem","position":1,"name":"Home","item":"https:\/\/www.newfreestyle.it\/"},{"@type":"ListItem","position":2,"name":"Come funziona la protesi per capelli?"}]},{"@type":"WebSite","@id":"https:\/\/www.newfreestyle.it\/en\/#website","url":"https:\/\/www.newfreestyle.it\/en\/","name":"Men's Hair Implants Capillary Implants","description":"We solve all types of baldness with the help of non-surgical capillary implants also called skin patches.","publisher":{"@id":"https:\/\/www.newfreestyle.it\/en\/#organization"},"potentialAction":[{"@type":"SearchAction","target":{"@type":"EntryPoint","urlTemplate":"https:\/\/www.newfreestyle.it\/en\/?s={search_term_string}"},"query-input":{"@type":"PropertyValueSpecification","valueRequired":true,"valueName":"search_term_string"}}],"inLanguage":"en-GB"},{"@type":["Organization","Place"],"@id":"https:\/\/www.newfreestyle.it\/en\/#organization","name":"Newfreestyle Hair System","alternateName":"Protesi Capelli Uomo Personalizzate","url":"https:\/\/www.newfreestyle.it\/en\/","logo":{"@id":"https:\/\/www.newfreestyle.it\/come-funziona-la-protesi-per-capelli\/#local-main-organization-logo"},"image":{"@id":"https:\/\/www.newfreestyle.it\/come-funziona-la-protesi-per-capelli\/#local-main-organization-logo"},"sameAs":["https:\/\/www.facebook.com\/newfreestyle.it\/","https:\/\/www.instagram.com\/newfreestyle_hairsystem\/"],"address":{"@id":"https:\/\/www.newfreestyle.it\/come-funziona-la-protesi-per-capelli\/#local-main-place-address"},"geo":{"@type":"GeoCoordinates","latitude":"45.5086608","longitude":"9.2005743"},"telephone":["3297256048"],"openingHoursSpecification":[{"@type":"OpeningHoursSpecification","dayOfWeek":["Monday","Tuesday","Wednesday","Thursday","Friday","Saturday"],"opens":"09:00","closes":"19:00"},{"@type":"OpeningHoursSpecification","dayOfWeek":["Sunday"],"opens":"00:00","closes":"00:00"}],"email":"direzione@newfreestyle.it","vatID":"IT11145080963","taxID":"SCIMST69H67I690R"},{"@type":"Person","@id":"https:\/\/www.newfreestyle.it\/en\/#\/schema\/person\/753bd59851e950a1673a83530fb635e2","name":"Newfreestyle Hair System","url":"https:\/\/www.newfreestyle.it\/en\/author\/newfreestyle-hair-system\/"},{"@type":"PostalAddress","@id":"https:\/\/www.newfreestyle.it\/come-funziona-la-protesi-per-capelli\/#local-main-place-address","streetAddress":"Via Cino da Pistoia, 18","addressLocality":"Milano","postalCode":"20162","addressRegion":"MI","addressCountry":"IT"},{"@type":"ImageObject","inLanguage":"en-GB","@id":"https:\/\/www.newfreestyle.it\/come-funziona-la-protesi-per-capelli\/#local-main-organization-logo","url":"https:\/\/www.newfreestyle.it\/wp-content\/uploads\/2023\/09\/cropped-newfreestyle-150x145-1.png","contentUrl":"https:\/\/www.newfreestyle.it\/wp-content\/uploads\/2023\/09\/cropped-newfreestyle-150x145-1.png","width":512,"height":512,"caption":"Newfreestyle Hair System"}]},"geo.placename":"Milano","geo.position":{"lat":"45.5086608","long":"9.2005743"},"geo.region":"Italy"},"_links":{"self":[{"href":"https:\/\/www.newfreestyle.it\/en\/wp-json\/wp\/v2\/posts\/34275","targetHints":{"allow":["GET"]}}],"collection":[{"href":"https:\/\/www.newfreestyle.it\/en\/wp-json\/wp\/v2\/posts"}],"about":[{"href":"https:\/\/www.newfreestyle.it\/en\/wp-json\/wp\/v2\/types\/post"}],"author":[{"embeddable":true,"href":"https:\/\/www.newfreestyle.it\/en\/wp-json\/wp\/v2\/users\/74"}],"replies":[{"embeddable":true,"href":"https:\/\/www.newfreestyle.it\/en\/wp-json\/wp\/v2\/comments?post=34275"}],"version-history":[{"count":6,"href":"https:\/\/www.newfreestyle.it\/en\/wp-json\/wp\/v2\/posts\/34275\/revisions"}],"predecessor-version":[{"id":49885,"href":"https:\/\/www.newfreestyle.it\/en\/wp-json\/wp\/v2\/posts\/34275\/revisions\/49885"}],"wp:featuredmedia":[{"embeddable":true,"href":"https:\/\/www.newfreestyle.it\/en\/wp-json\/wp\/v2\/media\/38470"}],"wp:attachment":[{"href":"https:\/\/www.newfreestyle.it\/en\/wp-json\/wp\/v2\/media?parent=34275"}],"wp:term":[{"taxonomy":"category","embeddable":true,"href":"https:\/\/www.newfreestyle.it\/en\/wp-json\/wp\/v2\/categories?post=34275"},{"taxonomy":"post_tag","embeddable":true,"href":"https:\/\/www.newfreestyle.it\/en\/wp-json\/wp\/v2\/tags?post=34275"}],"curies":[{"name":"wp","href":"https:\/\/api.w.org\/{rel}","templated":true}]}}